






{"id":21859,"date":"2020-10-28T13:05:28","date_gmt":"2020-10-28T04:05:28","guid":{"rendered":"https:\/\/guide.fire-emblem-heroes.com\/?p=21859"},"modified":"2020-10-29T14:25:32","modified_gmt":"2020-10-29T05:25:32","slug":"05003002000004-2","status":"publish","type":"post","link":"https:\/\/guide.fire-emblem-heroes.com\/pt-BR\/05003002000004-2\/","title":{"rendered":"<span class=\"character_nick\">Filho das trevas<\/span><span class=\"character_name\">Raigh<\/span>"},"content":{"rendered":"<main id=\"CHARA_335\" class=\"main_page character\">\r\n            <article>\r\n                <section class=\"sec sec_character\">\r\n                    <ul class=\"sec_ul sec_ul--character slick-box\">\r\n                        <li class=\"sec_li sec_li--character\">\r\n                            <img decoding=\"async\" src=\"https:\/\/guide.fire-emblem-heroes.com\/wp-content\/uploads\/lleu_dark_child_slide01.png\" alt=\"\" \/>\r\n                        <\/li>\r\n                        <li class=\"sec_li sec_li--character\">\r\n                            <img decoding=\"async\" src=\"https:\/\/guide.fire-emblem-heroes.com\/wp-content\/uploads\/lleu_dark_child_slide02.png\" alt=\"\" \/>\r\n                        <\/li>\r\n                        <li class=\"sec_li sec_li--character\">\r\n                            <img decoding=\"async\" src=\"https:\/\/guide.fire-emblem-heroes.com\/wp-content\/uploads\/lleu_dark_child_slide03.png\" alt=\"\" \/>\r\n                        <\/li>\r\n                        <li class=\"sec_li sec_li--character\">\r\n                            <img decoding=\"async\" src=\"https:\/\/guide.fire-emblem-heroes.com\/wp-content\/uploads\/lleu_dark_child_slide04.png\" alt=\"\" \/>\r\n                        <\/li>\r\n                    <\/ul>\r\n                    <div class=\"sec_charainfoarea flex\">\r\n                        <div class=\"sec_gif\"><img loading=\"lazy\" decoding=\"async\" src=\"https:\/\/guide.fire-emblem-heroes.com\/wp-content\/uploads\/lleu_dark_child.png\" alt=\"\" width=\"210\" height=\"190\"\/><\/div>\r\n                        <div class=\"sec_charainfo\">\r\n                            <p id=\"CHARA_335_002\" class=\"sec_characate sec_characate--heroes\">Her\u00f3i<\/p>\r\n                            <p id=\"CHARA_335_003\" class=\"sec_charanick\">Filho das trevas<\/p>\r\n                            <p id=\"CHARA_335_004\" class=\"sec_charaname\">Raigh<\/p>\r\n                            <p id=\"CHARA_335_005\" class=\"sec_charaappearancetxt\">Aparece em<\/p>\r\n                            <p id=\"CHARA_335_006\" class=\"sec_charaappearancetxt\">Fire Emblem: The Binding Blade<\/p>\r\n                        <\/div>\r\n                    <\/div>\r\n                <\/section>\r\n            <\/article>\r\n            <article>\r\n                <section class=\"sec sec_characterarea\">\r\n                    <div class=\"sec_h2chara\">\r\n                        <p id=\"CHARA_335_007\" class=\"sec_h2charattl\">Sharena apresenta:<\/p>\r\n                        <h2 id=\"CHARA_335_008\" class=\"sec_h2charatxt\">Filho das trevas Raigh<\/h2>\r\n                    <\/div>\r\n                    <dl class=\"sec_dl flex\">\r\n                        <dt id=\"CHARA_335_009\" class=\"sec_dt\">Hoje vou lhe apresentar Raigh, o ador\u00e1vel manipulador de magia negra! Mas n\u00e3o o subestime por causa de sua idade. Sua habilidade com magia coloca qualquer adulto no chinelo!<\/dt>\r\n                        <dd class=\"sec_dd\">\r\n                            <a href=\"https:\/\/guide.fire-emblem-heroes.com\/wp-content\/uploads\/lleu_dark_child_pop01.png\" class=\"popup-image\">\r\n                                <img decoding=\"async\" src=\"https:\/\/guide.fire-emblem-heroes.com\/wp-content\/uploads\/lleu_dark_child_info01.png\" alt=\"\" \/>\r\n                            <\/a>\r\n                        <\/dd>\r\n                        <dt id=\"CHARA_335_010\" class=\"sec_dt\">Raigh cresceu em um orfanato. Por um tempo, ele levou uma vida modesta, por\u00e9m pac\u00edfica, com seu irm\u00e3o g\u00eameo Lugh, seu amigo Chad, e o cuidador gentil que tomava conta do lugar.<\/dt>\r\n                        <dd class=\"sec_dd\">\r\n                            <a href=\"https:\/\/guide.fire-emblem-heroes.com\/wp-content\/uploads\/lleu_dark_child_pop02.png\" class=\"popup-image\">\r\n                                <img decoding=\"async\" src=\"https:\/\/guide.fire-emblem-heroes.com\/wp-content\/uploads\/lleu_dark_child_info02.png\" alt=\"\" \/>\r\n                            <\/a>\r\n                        <\/dd>\r\n                        <dt id=\"CHARA_335_011\" class=\"sec_dt\">Um dia, Raigh fugiu do orfanato em busca do dom\u00ednio da magia ancestral. Ao encontrar Chad e Lugh mais tarde, ele viu que o orfanato tinha sido atacado pelo ex\u00e9rcito do reino de Bern.<\/dt>\r\n                        <dd class=\"sec_dd\">\r\n                            <a href=\"https:\/\/guide.fire-emblem-heroes.com\/wp-content\/uploads\/lleu_dark_child_pop03.png\" class=\"popup-image\">\r\n                                <img decoding=\"async\" src=\"https:\/\/guide.fire-emblem-heroes.com\/wp-content\/uploads\/lleu_dark_child_info03.png\" alt=\"\" \/>\r\n                            <\/a>\r\n                        <\/dd>\r\n                        <dt id=\"CHARA_335_012\" class=\"sec_dt\">Jurando vingar-se de seu antigo guardi\u00e3o, Raigh uniu-se \u00e0 Liga lyciana para derrotar Bern. Ele pode parecer amargo e distante a princ\u00edpio, mas no fundo, no fundo, ele \u00e9 uma pessoa sens\u00edvel.<\/dt>\r\n                        <dd class=\"sec_dd\">\r\n                            <a href=\"https:\/\/guide.fire-emblem-heroes.com\/wp-content\/uploads\/lleu_dark_child_pop04.png\" class=\"popup-image\">\r\n                                <img decoding=\"async\" src=\"https:\/\/guide.fire-emblem-heroes.com\/wp-content\/uploads\/lleu_dark_child_info04.png\" alt=\"\" \/>\r\n                            <\/a>\r\n                        <\/dd>\r\n                    <\/dl>\r\n                    <h3 id=\"CHARA_335_013\" class=\"sec_h3charatxt\">Personagens relacionados<\/h3>\r\n                    <h4 id=\"CHARA_335_014\" class=\"sec_h4charatxt\">Lugh<\/h4>\r\n                    <p id=\"CHARA_335_015\" class=\"sec_charatxt\">Menino alegre e carinhoso que foi criado em um orfanato. Irm\u00e3o g\u00eameo de Raigh.<\/p>\r\n                    <h4 id=\"CHARA_335_016\" class=\"sec_h4charatxt\">Chad<\/h4>\r\n                    <p id=\"CHARA_335_017\" class=\"sec_charatxt\">Cresceu em um orfanato em Lycia com os irm\u00e3os Lugh e Raigh. Busca vingan\u00e7a em Bern pela morte do cuidador de seu orfanato.<\/p>\r\n            <\/section><\/article>\r\n        <\/main>","protected":false},"excerpt":{"rendered":"Her\u00f3i Filho das trevas Raigh Aparece em Fire Emblem: The Binding Blade Sharena apresenta: Filho das trevas Raigh Hoje vou lhe apresentar Raigh, o ador\u00e1vel manipulador de magia negra! Mas n\u00e3o o subestime por causa de sua idade. Sua habilidade com magia coloca qualquer adulto no chinelo! Raigh cresceu em um orfanato. Por um tempo, [&hellip;]","protected":false},"author":1,"featured_media":22023,"comment_status":"closed","ping_status":"closed","sticky":false,"template":"","format":"standard","meta":{"advanced_seo_description":"","jetpack_seo_html_title":"","jetpack_seo_noindex":false,"_jetpack_newsletter_access":"","_jetpack_dont_email_post_to_subs":false,"_jetpack_newsletter_tier_id":0,"_jetpack_memberships_contains_paywalled_content":false,"_locale":"pt_BR","_original_post":"https:\/\/guide.fire-emblem-heroes.com\/?p=21849","_jetpack_memberships_contains_paid_content":false,"footnotes":"","jetpack_publicize_message":"","jetpack_publicize_feature_enabled":true,"jetpack_social_post_already_shared":true,"jetpack_social_options":{"image_generator_settings":{"template":"highway","default_image_id":0,"font":"","enabled":false},"version":2},"_wpas_customize_per_network":false,"jetpack_post_was_ever_published":false},"categories":[1384,1415,1426,1390],"tags":[1463],"class_list":["post-21859","post","type-post","status-publish","format-standard","has-post-thumbnail","hentry","category-character","category-heroes","category-ex_works_the_binding_blade","category-stay_heroes","tag-heroi","pt-BR"],"jetpack_publicize_connections":[],"jetpack_featured_media_url":"https:\/\/guide.fire-emblem-heroes.com\/wp-content\/uploads\/lleu_dark_child.png","jetpack_sharing_enabled":false,"jetpack_shortlink":"https:\/\/wp.me\/pa0Mj3-5Gz","jetpack_likes_enabled":false,"amp_enabled":false,"_links":{"self":[{"href":"https:\/\/guide.fire-emblem-heroes.com\/wp-json\/wp\/v2\/posts\/21859","targetHints":{"allow":["GET"]}}],"collection":[{"href":"https:\/\/guide.fire-emblem-heroes.com\/wp-json\/wp\/v2\/posts"}],"about":[{"href":"https:\/\/guide.fire-emblem-heroes.com\/wp-json\/wp\/v2\/types\/post"}],"author":[{"embeddable":true,"href":"https:\/\/guide.fire-emblem-heroes.com\/wp-json\/wp\/v2\/users\/1"}],"replies":[{"embeddable":true,"href":"https:\/\/guide.fire-emblem-heroes.com\/wp-json\/wp\/v2\/comments?post=21859"}],"version-history":[{"count":1,"href":"https:\/\/guide.fire-emblem-heroes.com\/wp-json\/wp\/v2\/posts\/21859\/revisions"}],"predecessor-version":[{"id":21876,"href":"https:\/\/guide.fire-emblem-heroes.com\/wp-json\/wp\/v2\/posts\/21859\/revisions\/21876"}],"wp:featuredmedia":[{"embeddable":true,"href":"https:\/\/guide.fire-emblem-heroes.com\/wp-json\/wp\/v2\/media\/22023"}],"wp:attachment":[{"href":"https:\/\/guide.fire-emblem-heroes.com\/wp-json\/wp\/v2\/media?parent=21859"}],"wp:term":[{"taxonomy":"category","embeddable":true,"href":"https:\/\/guide.fire-emblem-heroes.com\/wp-json\/wp\/v2\/categories?post=21859"},{"taxonomy":"post_tag","embeddable":true,"href":"https:\/\/guide.fire-emblem-heroes.com\/wp-json\/wp\/v2\/tags?post=21859"}],"curies":[{"name":"wp","href":"https:\/\/api.w.org\/{rel}","templated":true}]}}