






{"id":22332,"date":"2020-11-13T13:27:04","date_gmt":"2020-11-13T04:27:04","guid":{"rendered":"https:\/\/guide.fire-emblem-heroes.com\/?p=22332"},"modified":"2020-12-07T16:18:04","modified_gmt":"2020-12-07T07:18:04","slug":"05009004000589-2","status":"publish","type":"post","link":"https:\/\/guide.fire-emblem-heroes.com\/pt-BR\/05009004000589-2\/","title":{"rendered":"<span class=\"character_nick\">Tigre ferido<\/span><span class=\"character_name\">Dieck<\/span>"},"content":{"rendered":"<main id=\"CHARA_347\" class=\"main_page character\">\r\n            <article>\r\n                <section class=\"sec sec_character\">\r\n                    <ul class=\"sec_ul sec_ul--character slick-box\">\r\n                        <li class=\"sec_li sec_li--character\">\r\n                            <img decoding=\"async\" src=\"https:\/\/guide.fire-emblem-heroes.com\/wp-content\/uploads\/deak_wounded_tiger_slide01.png\" alt=\"\" \/>\r\n                        <\/li>\r\n                        <li class=\"sec_li sec_li--character\">\r\n                            <img decoding=\"async\" src=\"https:\/\/guide.fire-emblem-heroes.com\/wp-content\/uploads\/deak_wounded_tiger_slide02.png\" alt=\"\" \/>\r\n                        <\/li>\r\n                        <li class=\"sec_li sec_li--character\">\r\n                            <img decoding=\"async\" src=\"https:\/\/guide.fire-emblem-heroes.com\/wp-content\/uploads\/deak_wounded_tiger_slide03.png\" alt=\"\" \/>\r\n                        <\/li>\r\n                        <li class=\"sec_li sec_li--character\">\r\n                            <img decoding=\"async\" src=\"https:\/\/guide.fire-emblem-heroes.com\/wp-content\/uploads\/deak_wounded_tiger_slide04.png\" alt=\"\" \/>\r\n                        <\/li>\r\n                    <\/ul>\r\n                    <div class=\"sec_charainfoarea flex\">\r\n                        <div class=\"sec_gif\"><img loading=\"lazy\" decoding=\"async\" src=\"https:\/\/guide.fire-emblem-heroes.com\/wp-content\/uploads\/deak_wounded_tiger.png\" alt=\"\" width=\"210\" height=\"190\"\/><\/div>\r\n                        <div class=\"sec_charainfo\">\r\n                            <p id=\"CHARA_347_002\" class=\"sec_characate sec_characate--heroes\">Her\u00f3i<\/p>\r\n                            <p id=\"CHARA_347_003\" class=\"sec_charanick\">Tigre ferido<\/p>\r\n                            <p id=\"CHARA_347_004\" class=\"sec_charaname\">Dieck<\/p>\r\n                            <p id=\"CHARA_347_005\" class=\"sec_charaappearancetxt\">Aparece em<\/p>\r\n                            <p id=\"CHARA_347_006\" class=\"sec_charaappearancetxt\">Fire Emblem: The Binding Blade<\/p>\r\n                        <\/div>\r\n                    <\/div>\r\n                <\/section>\r\n            <\/article>\r\n            <article>\r\n                <section class=\"sec sec_characterarea\">\r\n                    <div class=\"sec_h2chara\">\r\n                        <p id=\"CHARA_347_007\" class=\"sec_h2charattl\">Sharena apresenta:<\/p>\r\n                        <h2 id=\"CHARA_347_008\" class=\"sec_h2charatxt\">Tigre ferido Dieck<\/h2>\r\n                    <\/div>\r\n                    <dl class=\"sec_dl flex\">\r\n                        <dt id=\"CHARA_347_009\" class=\"sec_dt\">Dieck \u00e9 o l\u00edder de um grupo de mercen\u00e1rios no continente de Elibe. Ele \u00e9 um sobrevivente que passou por poucas e boas em batalhas intensas!<\/dt>\r\n                        <dd class=\"sec_dd\">\r\n                            <a href=\"https:\/\/guide.fire-emblem-heroes.com\/wp-content\/uploads\/deak_wounded_tiger_pop01.png\" class=\"popup-image\">\r\n                                <img decoding=\"async\" src=\"https:\/\/guide.fire-emblem-heroes.com\/wp-content\/uploads\/deak_wounded_tiger_info01.png\" alt=\"\" \/>\r\n                            <\/a>\r\n                        <\/dd>\r\n                        <dt id=\"CHARA_347_010\" class=\"sec_dt\">Em sua juventude, Dieck passou um tempo lutando como um gladiador de arena. Depois que ele salvou a vida de Klein, da casa Reglay, ele passou a servir exclusivamente a essa fam\u00edlia.<\/dt>\r\n                        <dd class=\"sec_dd\">\r\n                            <a href=\"https:\/\/guide.fire-emblem-heroes.com\/wp-content\/uploads\/deak_wounded_tiger_pop02.png\" class=\"popup-image\">\r\n                                <img decoding=\"async\" src=\"https:\/\/guide.fire-emblem-heroes.com\/wp-content\/uploads\/deak_wounded_tiger_info02.png\" alt=\"\" \/>\r\n                            <\/a>\r\n                        <\/dd>\r\n                        <dt id=\"CHARA_347_011\" class=\"sec_dt\">Algum tempo depois, Dieck passou a trabalhar como mercen\u00e1rio e at\u00e9 se tornou o l\u00edder de seu pr\u00f3prio grupo. Foi durante essa \u00e9poca ele come\u00e7ou a ajudar Roy da Liga lyciana.<\/dt>\r\n                        <dd class=\"sec_dd\">\r\n                            <a href=\"https:\/\/guide.fire-emblem-heroes.com\/wp-content\/uploads\/deak_wounded_tiger_pop03.png\" class=\"popup-image\">\r\n                                <img decoding=\"async\" src=\"https:\/\/guide.fire-emblem-heroes.com\/wp-content\/uploads\/deak_wounded_tiger_info03.png\" alt=\"\" \/>\r\n                            <\/a>\r\n                        <\/dd>\r\n                        <dt id=\"CHARA_347_012\" class=\"sec_dt\">O ex\u00e9rcito de Bern provou ser um inimigo tem\u00edvel da Liga lyciana\u2026 Mas o orgulhoso mercen\u00e1rio Dieck recusou-se a se render!<\/dt>\r\n                        <dd class=\"sec_dd\">\r\n                            <a href=\"https:\/\/guide.fire-emblem-heroes.com\/wp-content\/uploads\/deak_wounded_tiger_pop04.png\" class=\"popup-image\">\r\n                                <img decoding=\"async\" src=\"https:\/\/guide.fire-emblem-heroes.com\/wp-content\/uploads\/deak_wounded_tiger_info04.png\" alt=\"\" \/>\r\n                            <\/a>\r\n                        <\/dd>\r\n                    <\/dl>\r\n                    <h3 id=\"CHARA_347_013\" class=\"sec_h3charatxt\">Personagens relacionados<\/h3>\r\n                    <h4 id=\"CHARA_347_014\" class=\"sec_h4charatxt\">Klein<\/h4>\r\n                    <p id=\"CHARA_347_015\" class=\"sec_charatxt\">Um jovem general de Etr\u00faria. Irm\u00e3o de Clarine. Trata todos como iguais. Dieck salvou a vida dele quando ele era pequeno.<\/p>\r\n                    <h4 id=\"CHARA_347_016\" class=\"sec_h4charatxt\">Shannia<\/h4>\r\n                    <p id=\"CHARA_347_017\" class=\"sec_charatxt\">Esta aprendiz de cavaleira p\u00e9gaso de Ilia \u00e9 alegre e otimista. Ela luta sob o comando de Dieck.<\/p>\r\n                    <h4 id=\"CHARA_347_018\" class=\"sec_h4charatxt\">Rutger<\/h4>\r\n                    <p id=\"CHARA_347_019\" class=\"sec_charatxt\">Um espadachim de Bulgar, uma cidade comercial de Sacae. Ele jurou vingan\u00e7a contra Bern, reino que dizimou seu povo, o deixando como o \u00fanico sobrevivente. Advers\u00e1rio cordial de Dieck.<\/p>\r\n                <\/section>\r\n            <\/article>\r\n        <\/main>","protected":false},"excerpt":{"rendered":"Her\u00f3i Tigre ferido Dieck Aparece em Fire Emblem: The Binding Blade Sharena apresenta: Tigre ferido Dieck Dieck \u00e9 o l\u00edder de um grupo de mercen\u00e1rios no continente de Elibe. Ele \u00e9 um sobrevivente que passou por poucas e boas em batalhas intensas! Em sua juventude, Dieck passou um tempo lutando como um gladiador de arena. [&hellip;]","protected":false},"author":1,"featured_media":22400,"comment_status":"closed","ping_status":"closed","sticky":false,"template":"","format":"standard","meta":{"advanced_seo_description":"","jetpack_seo_html_title":"","jetpack_seo_noindex":false,"_jetpack_newsletter_access":"","_jetpack_dont_email_post_to_subs":false,"_jetpack_newsletter_tier_id":0,"_jetpack_memberships_contains_paywalled_content":false,"_locale":"pt_BR","_original_post":"https:\/\/guide.fire-emblem-heroes.com\/?p=22323","_jetpack_memberships_contains_paid_content":false,"footnotes":"","jetpack_publicize_message":"","jetpack_publicize_feature_enabled":true,"jetpack_social_post_already_shared":true,"jetpack_social_options":{"image_generator_settings":{"template":"highway","default_image_id":0,"font":"","enabled":false},"version":2},"_wpas_customize_per_network":false,"jetpack_post_was_ever_published":false},"categories":[1384,1415,1426,1390],"tags":[1463],"class_list":["post-22332","post","type-post","status-publish","format-standard","has-post-thumbnail","hentry","category-character","category-heroes","category-ex_works_the_binding_blade","category-stay_heroes","tag-heroi","pt-BR"],"jetpack_publicize_connections":[],"jetpack_featured_media_url":"https:\/\/guide.fire-emblem-heroes.com\/wp-content\/uploads\/deak_wounded_tiger.png","jetpack_sharing_enabled":false,"jetpack_shortlink":"https:\/\/wp.me\/pa0Mj3-5Oc","jetpack_likes_enabled":false,"amp_enabled":false,"_links":{"self":[{"href":"https:\/\/guide.fire-emblem-heroes.com\/wp-json\/wp\/v2\/posts\/22332","targetHints":{"allow":["GET"]}}],"collection":[{"href":"https:\/\/guide.fire-emblem-heroes.com\/wp-json\/wp\/v2\/posts"}],"about":[{"href":"https:\/\/guide.fire-emblem-heroes.com\/wp-json\/wp\/v2\/types\/post"}],"author":[{"embeddable":true,"href":"https:\/\/guide.fire-emblem-heroes.com\/wp-json\/wp\/v2\/users\/1"}],"replies":[{"embeddable":true,"href":"https:\/\/guide.fire-emblem-heroes.com\/wp-json\/wp\/v2\/comments?post=22332"}],"version-history":[{"count":1,"href":"https:\/\/guide.fire-emblem-heroes.com\/wp-json\/wp\/v2\/posts\/22332\/revisions"}],"predecessor-version":[{"id":22342,"href":"https:\/\/guide.fire-emblem-heroes.com\/wp-json\/wp\/v2\/posts\/22332\/revisions\/22342"}],"wp:featuredmedia":[{"embeddable":true,"href":"https:\/\/guide.fire-emblem-heroes.com\/wp-json\/wp\/v2\/media\/22400"}],"wp:attachment":[{"href":"https:\/\/guide.fire-emblem-heroes.com\/wp-json\/wp\/v2\/media?parent=22332"}],"wp:term":[{"taxonomy":"category","embeddable":true,"href":"https:\/\/guide.fire-emblem-heroes.com\/wp-json\/wp\/v2\/categories?post=22332"},{"taxonomy":"post_tag","embeddable":true,"href":"https:\/\/guide.fire-emblem-heroes.com\/wp-json\/wp\/v2\/tags?post=22332"}],"curies":[{"name":"wp","href":"https:\/\/api.w.org\/{rel}","templated":true}]}}