{"id":22541,"date":"2020-11-25T10:30:05","date_gmt":"2020-11-25T01:30:05","guid":{"rendered":"https:\/\/guide.fire-emblem-heroes.com\/?p=22541"},"modified":"2022-08-30T13:04:05","modified_gmt":"2022-08-30T04:04:05","slug":"06005001000050-2","status":"publish","type":"post","link":"https:\/\/guide.fire-emblem-heroes.com\/pt-BR\/06005001000050-2\/","title":{"rendered":"<span class=\"character_nick\">Mercen\u00e1rio justo<\/span><span class=\"character_name\">Raven<\/span>"},"content":{"rendered":"<main id=\"CHARA_353\" class=\"main_page character\">\r\n            <article>\r\n                <section class=\"sec sec_character\">\r\n                    <ul class=\"sec_ul sec_ul--character slick-box\">\r\n                        <li class=\"sec_li sec_li--character\">\r\n                            <img decoding=\"async\" src=\"https:\/\/guide.fire-emblem-heroes.com\/wp-content\/uploads\/leyvan_peerless_fighter_slide01_01.png\" alt=\"\" \/>\r\n                        <\/li>\r\n                        <li class=\"sec_li sec_li--character\">\r\n                            <img decoding=\"async\" src=\"https:\/\/guide.fire-emblem-heroes.com\/wp-content\/uploads\/leyvan_peerless_fighter_slide02_01.png\" alt=\"\" \/>\r\n                        <\/li>\r\n                        <li class=\"sec_li sec_li--character\">\r\n                            <img decoding=\"async\" src=\"https:\/\/guide.fire-emblem-heroes.com\/wp-content\/uploads\/leyvan_peerless_fighter_slide03_01.png\" alt=\"\" \/>\r\n                        <\/li>\r\n                        <li class=\"sec_li sec_li--character\">\r\n                            <img decoding=\"async\" src=\"https:\/\/guide.fire-emblem-heroes.com\/wp-content\/uploads\/leyvan_peerless_fighter_slide04_01.png\" alt=\"\" \/>\r\n                        <\/li>\r\n                    <\/ul>\r\n                    <div class=\"sec_charainfoarea flex\">\r\n                        <div class=\"sec_gif\"><img loading=\"lazy\" decoding=\"async\" src=\"https:\/\/guide.fire-emblem-heroes.com\/wp-content\/uploads\/leyvan_peerless_fighter.png\" alt=\"\" width=\"210\" height=\"190\"\/><\/div>\r\n                        <div class=\"sec_charainfo\">\r\n                            <p id=\"CHARA_353_002\" class=\"sec_characate sec_characate--heroes\">Her\u00f3i<\/p>\r\n                            <p id=\"CHARA_353_003\" class=\"sec_charanick\">Mercen\u00e1rio justo<\/p>\r\n                            <p id=\"CHARA_353_004\" class=\"sec_charaname\">Raven<\/p>\r\n                            <p id=\"CHARA_353_005\" class=\"sec_charaappearancetxt\">Aparece em<\/p>\r\n                            <p id=\"CHARA_353_006\" class=\"sec_charaappearancetxt\">Fire Emblem: The Blazing Blade<\/p>\r\n                        <\/div>\r\n                    <\/div>\r\n                <\/section>\r\n            <\/article>\r\n            <article>\r\n                <section class=\"sec sec_characterarea\">\r\n                    <div class=\"sec_h2chara\">\r\n                        <p id=\"CHARA_353_007\" class=\"sec_h2charattl\">Sharena apresenta:<\/p>\r\n                        <h2 id=\"CHARA_353_008\" class=\"sec_h2charatxt\">Mercen\u00e1rio justo Raven<\/h2>\r\n                    <\/div>\r\n                    <dl class=\"sec_dl flex\">\r\n                        <dt id=\"CHARA_353_009\" class=\"sec_dt\">Raven \u00e9 um mercen\u00e1rio errante com um passado misterioso. Ele n\u00e3o \u00e9 de falar muito, mas felizmente suas habilidades excepcionais com armas falam por si s\u00f3.<\/dt>\r\n                        <dd class=\"sec_dd\">\r\n                            <a href=\"https:\/\/guide.fire-emblem-heroes.com\/wp-content\/uploads\/leyvan_peerless_fighter_pop01.png\" class=\"popup-image\">\r\n                                <img decoding=\"async\" src=\"https:\/\/guide.fire-emblem-heroes.com\/wp-content\/uploads\/leyvan_peerless_fighter_info01.png\" alt=\"\" \/>\r\n                            <\/a>\r\n                        <\/dd>\r\n                        <dt id=\"CHARA_353_010\" class=\"sec_dt\">Se voc\u00ea acha que ele tem um jeito estranhamente nobre para ser errante, est\u00e1 no caminho certo. Parece que ele \u00e9 herdeiro da casa Cornwell, ex-membro da Liga lyciana&#8230; At\u00e9 a fam\u00edlia ter sido afetada por um certo incidente e acabar quase totalmente destru\u00edda.<\/dt>\r\n                        <dd class=\"sec_dd\">\r\n                            <a href=\"https:\/\/guide.fire-emblem-heroes.com\/wp-content\/uploads\/leyvan_peerless_fighter_pop02.png\" class=\"popup-image\">\r\n                                <img decoding=\"async\" src=\"https:\/\/guide.fire-emblem-heroes.com\/wp-content\/uploads\/leyvan_peerless_fighter_info02.png\" alt=\"\" \/>\r\n                            <\/a>\r\n                        <\/dd>\r\n                        <dt id=\"CHARA_353_011\" class=\"sec_dt\">Desde ent\u00e3o, Raven busca vingar-se daqueles que provocaram a ru\u00edna de sua fam\u00edlia, e ele passou a atuar como mercen\u00e1rio, com seu criado Lucius a seu lado.<\/dt>\r\n                        <dd class=\"sec_dd\">\r\n                            <a href=\"https:\/\/guide.fire-emblem-heroes.com\/wp-content\/uploads\/leyvan_peerless_fighter_pop03.png\" class=\"popup-image\">\r\n                                <img decoding=\"async\" src=\"https:\/\/guide.fire-emblem-heroes.com\/wp-content\/uploads\/leyvan_peerless_fighter_info03.png\" alt=\"\" \/>\r\n                            <\/a>\r\n                        <\/dd>\r\n                        <dt id=\"CHARA_353_012\" class=\"sec_dt\">Fico imaginando se um dia Raven conseguir\u00e1 a vingan\u00e7a com que tanto sonha\u2026 Aconte\u00e7a o que acontecer, espero que ele encontre paz um dia.<\/dt>\r\n                        <dd class=\"sec_dd\">\r\n                            <a href=\"https:\/\/guide.fire-emblem-heroes.com\/wp-content\/uploads\/leyvan_peerless_fighter_pop04.png\" class=\"popup-image\">\r\n                                <img decoding=\"async\" src=\"https:\/\/guide.fire-emblem-heroes.com\/wp-content\/uploads\/leyvan_peerless_fighter_info04.png\" alt=\"\" \/>\r\n                            <\/a>\r\n                        <\/dd>\r\n                    <\/dl>\r\n                    <h3 id=\"CHARA_353_013\" class=\"sec_h3charatxt\">Personagens relacionados<\/h3>\r\n                    <h4 id=\"CHARA_353_014\" class=\"sec_h4charatxt\">Lucius<\/h4>\r\n                    <p id=\"CHARA_353_015\" class=\"sec_charatxt\">Um monge gentil que serve a Raven e carrega o fardo de uma inf\u00e2ncia sombria.<\/p>\r\n                    <h4 id=\"CHARA_353_016\" class=\"sec_h4charatxt\">Priscilla<\/h4>\r\n                    <p id=\"CHARA_353_017\" class=\"sec_charatxt\">Filha do conde Caerleon e irm\u00e3 de Raven. Serena e gentil, \u00e0s vezes demonstra ci\u00fames.<\/p>\r\n                <\/section>\r\n            <\/article>\r\n        <\/main>","protected":false},"excerpt":{"rendered":"Her\u00f3i Mercen\u00e1rio justo Raven Aparece em Fire Emblem: The Blazing Blade Sharena apresenta: Mercen\u00e1rio justo Raven Raven \u00e9 um mercen\u00e1rio errante com um passado misterioso. Ele n\u00e3o \u00e9 de falar muito, mas felizmente suas habilidades excepcionais com armas falam por si s\u00f3. Se voc\u00ea acha que ele tem um jeito estranhamente nobre para ser errante, [&hellip;]","protected":false},"author":1,"featured_media":22646,"comment_status":"closed","ping_status":"closed","sticky":false,"template":"","format":"standard","meta":{"advanced_seo_description":"","jetpack_seo_html_title":"","jetpack_seo_noindex":false,"_jetpack_newsletter_access":"","_jetpack_dont_email_post_to_subs":false,"_jetpack_newsletter_tier_id":0,"_jetpack_memberships_contains_paywalled_content":false,"_locale":"pt_BR","_original_post":"https:\/\/guide.fire-emblem-heroes.com\/?p=22529","_jetpack_memberships_contains_paid_content":false,"footnotes":"","jetpack_publicize_message":"","jetpack_publicize_feature_enabled":true,"jetpack_social_post_already_shared":true,"jetpack_social_options":{"image_generator_settings":{"template":"highway","default_image_id":0,"font":"","enabled":false},"version":2},"_wpas_customize_per_network":false,"jetpack_post_was_ever_published":false},"categories":[1384,1427,1415,1390],"tags":[1463],"class_list":["post-22541","post","type-post","status-publish","format-standard","has-post-thumbnail","hentry","category-character","category-ex_works_the_blazing_blade","category-heroes","category-stay_heroes","tag-heroi","pt-BR"],"jetpack_publicize_connections":[],"jetpack_featured_media_url":"https:\/\/guide.fire-emblem-heroes.com\/wp-content\/uploads\/leyvan_peerless_fighter.png","jetpack_sharing_enabled":false,"jetpack_shortlink":"https:\/\/wp.me\/pa0Mj3-5Rz","jetpack_likes_enabled":false,"amp_enabled":false,"_links":{"self":[{"href":"https:\/\/guide.fire-emblem-heroes.com\/wp-json\/wp\/v2\/posts\/22541","targetHints":{"allow":["GET"]}}],"collection":[{"href":"https:\/\/guide.fire-emblem-heroes.com\/wp-json\/wp\/v2\/posts"}],"about":[{"href":"https:\/\/guide.fire-emblem-heroes.com\/wp-json\/wp\/v2\/types\/post"}],"author":[{"embeddable":true,"href":"https:\/\/guide.fire-emblem-heroes.com\/wp-json\/wp\/v2\/users\/1"}],"replies":[{"embeddable":true,"href":"https:\/\/guide.fire-emblem-heroes.com\/wp-json\/wp\/v2\/comments?post=22541"}],"version-history":[{"count":3,"href":"https:\/\/guide.fire-emblem-heroes.com\/wp-json\/wp\/v2\/posts\/22541\/revisions"}],"predecessor-version":[{"id":36501,"href":"https:\/\/guide.fire-emblem-heroes.com\/wp-json\/wp\/v2\/posts\/22541\/revisions\/36501"}],"wp:featuredmedia":[{"embeddable":true,"href":"https:\/\/guide.fire-emblem-heroes.com\/wp-json\/wp\/v2\/media\/22646"}],"wp:attachment":[{"href":"https:\/\/guide.fire-emblem-heroes.com\/wp-json\/wp\/v2\/media?parent=22541"}],"wp:term":[{"taxonomy":"category","embeddable":true,"href":"https:\/\/guide.fire-emblem-heroes.com\/wp-json\/wp\/v2\/categories?post=22541"},{"taxonomy":"post_tag","embeddable":true,"href":"https:\/\/guide.fire-emblem-heroes.com\/wp-json\/wp\/v2\/tags?post=22541"}],"curies":[{"name":"wp","href":"https:\/\/api.w.org\/{rel}","templated":true}]}}