






{"id":22857,"date":"2020-12-07T13:20:26","date_gmt":"2020-12-07T04:20:26","guid":{"rendered":"https:\/\/guide.fire-emblem-heroes.com\/?p=22857"},"modified":"2021-01-18T16:04:25","modified_gmt":"2021-01-18T07:04:25","slug":"00005001000594-2","status":"publish","type":"post","link":"https:\/\/guide.fire-emblem-heroes.com\/pt-BR\/00005001000594-2\/","title":{"rendered":"<span class=\"character_nick\">Esperan\u00e7osa<\/span><span class=\"character_name\">Reginn<\/span>"},"content":{"rendered":"<main id=\"CHARA_362\" class=\"main_page character\">\r\n            <article>\r\n                <section class=\"sec sec_character\">\r\n                    <ul class=\"sec_ul sec_ul--character slick-box\">\r\n                        <li class=\"sec_li sec_li--character\">\r\n                            <img decoding=\"async\" src=\"https:\/\/guide.fire-emblem-heroes.com\/wp-content\/uploads\/reghin_bearing_hope_slide01.png\" alt=\"\" \/>\r\n                        <\/li>\r\n                        <li class=\"sec_li sec_li--character\">\r\n                            <img decoding=\"async\" src=\"https:\/\/guide.fire-emblem-heroes.com\/wp-content\/uploads\/reghin_bearing_hope_slide02.png\" alt=\"\" \/>\r\n                        <\/li>\r\n                        <li class=\"sec_li sec_li--character\">\r\n                            <img decoding=\"async\" src=\"https:\/\/guide.fire-emblem-heroes.com\/wp-content\/uploads\/reghin_bearing_hope_slide03.png\" alt=\"\" \/>\r\n                        <\/li>\r\n                        <li class=\"sec_li sec_li--character\">\r\n                            <img decoding=\"async\" src=\"https:\/\/guide.fire-emblem-heroes.com\/wp-content\/uploads\/reghin_bearing_hope_slide04.png\" alt=\"\" \/>\r\n                        <\/li>\r\n                    <\/ul>\r\n                    <div class=\"sec_charainfoarea flex\">\r\n                        <div class=\"sec_gif\"><img loading=\"lazy\" decoding=\"async\" src=\"https:\/\/guide.fire-emblem-heroes.com\/wp-content\/uploads\/reghin_bearing_hope.png\" alt=\"\" width=\"210\" height=\"190\"\/><\/div>\r\n                        <div class=\"sec_charainfo\">\r\n                            <p id=\"CHARA_362_002\" class=\"sec_characate sec_characate--mythic_heroes\">Hero\u00edna m\u00edtica<\/p>\r\n                            <p id=\"CHARA_362_003\" class=\"sec_charanick\">Esperan\u00e7osa<\/p>\r\n                            <p id=\"CHARA_362_004\" class=\"sec_charaname\">Reginn<\/p>\r\n                            <p id=\"CHARA_362_005\" class=\"sec_charaappearancetxt\">Aparece em<\/p>\r\n                            <p id=\"CHARA_362_006\" class=\"sec_charaappearancetxt\">Fire Emblem Heroes<\/p>\r\n                        <\/div>\r\n                    <\/div>\r\n                <\/section>\r\n            <\/article>\r\n            <article>\r\n                <section class=\"sec sec_characterarea\">\r\n                    <div class=\"sec_h2chara\">\r\n                        <p id=\"CHARA_362_007\" class=\"sec_h2charattl\">Sharena apresenta:<\/p>\r\n                        <h2 id=\"CHARA_362_008\" class=\"sec_h2charatxt\">Esperan\u00e7osa Reginn<\/h2>\r\n                    <\/div>\r\n                    <dl class=\"sec_dl flex\">\r\n                        <dt id=\"CHARA_362_009\" class=\"sec_dt\">Descobrimos um novo reino: Ni\u00f0avellir, o reino de dvergr! Ni\u00f0avellir \u00e9 governado por um rei chamado F\u00e1fnir, e hoje vou apresentar a irm\u00e3 dele, a alegre e animada Reginn!<\/dt>\r\n                        <dd class=\"sec_dd\">\r\n                            <a href=\"https:\/\/guide.fire-emblem-heroes.com\/wp-content\/uploads\/reghin_bearing_hope_pop01.png\" class=\"popup-image\">\r\n                                <img decoding=\"async\" src=\"https:\/\/guide.fire-emblem-heroes.com\/wp-content\/uploads\/reghin_bearing_hope_info01.png\" alt=\"\" \/>\r\n                            <\/a>\r\n                        <\/dd>\r\n                        <dt id=\"CHARA_362_010\" class=\"sec_dt\">Apesar de ser uma princesa, ela \u00e9 bem moleque e adora suas guloseimas. Olha, me identifico muito com ela!<\/dt>\r\n                        <dd class=\"sec_dd\">\r\n                            <a href=\"https:\/\/guide.fire-emblem-heroes.com\/wp-content\/uploads\/reghin_bearing_hope_pop02.png\" class=\"popup-image\">\r\n                                <img decoding=\"async\" src=\"https:\/\/guide.fire-emblem-heroes.com\/wp-content\/uploads\/reghin_bearing_hope_info02.png\" alt=\"\" \/>\r\n                            <\/a>\r\n                        <\/dd>\r\n                        <dt id=\"CHARA_362_011\" class=\"sec_dt\">Infelizmente, havia nuvens escuras no horizonte para Reginn. O irm\u00e3o dela, F\u00e1fnir, sempre foi um rei gentil e justo, mas, um dia, ele ficou irreconhec\u00edvel repentinamente. Quando ele ordenou a invas\u00e3o de reinos vizinhos, Reginn ficou horrorizada.<\/dt>\r\n                        <dd class=\"sec_dd\">\r\n                            <a href=\"https:\/\/guide.fire-emblem-heroes.com\/wp-content\/uploads\/reghin_bearing_hope_pop03.png\" class=\"popup-image\">\r\n                                <img decoding=\"async\" src=\"https:\/\/guide.fire-emblem-heroes.com\/wp-content\/uploads\/reghin_bearing_hope_info03.png\" alt=\"\" \/>\r\n                            <\/a>\r\n                        <\/dd>\r\n                        <dt id=\"CHARA_362_012\" class=\"sec_dt\">Desesperada para ter o bom e velho F\u00e1fnir de volta, Reginn recorreu \u00e0 Ordem dos Her\u00f3is. E vamos fazer tudo que estiver ao nosso alcance para ajud\u00e1-la!<\/dt>\r\n                        <dd class=\"sec_dd\">\r\n                            <a href=\"https:\/\/guide.fire-emblem-heroes.com\/wp-content\/uploads\/reghin_bearing_hope_pop04.png\" class=\"popup-image\">\r\n                                <img decoding=\"async\" src=\"https:\/\/guide.fire-emblem-heroes.com\/wp-content\/uploads\/reghin_bearing_hope_info04.png\" alt=\"\" \/>\r\n                            <\/a>\r\n                        <\/dd>\r\n                    <\/dl>\r\n                    <h3 id=\"CHARA_362_013\" class=\"sec_h3charatxt\">Personagens relacionados<\/h3>\r\n                    <h4 id=\"CHARA_362_014\" class=\"sec_h4charatxt\">F\u00e1fnir<\/h4>\r\n                    <p id=\"CHARA_362_015\" class=\"sec_charatxt\">O rei de Ni\u00f0avellir, o reino de dvergr. Eram um rei bom e justo, mas de repente tornou-se cruel e agressivo. \u00c9 irm\u00e3o de Reginn.<\/p>\r\n                    <h4 id=\"CHARA_362_016\" class=\"sec_h4charatxt\">\u00d3tr<\/h4>\r\n                    <p id=\"CHARA_362_017\" class=\"sec_charatxt\">Irm\u00e3o de cria\u00e7\u00e3o do rei de Ni\u00f0avellir, F\u00e1fnir. Tem adora\u00e7\u00e3o por seu irm\u00e3o e apoia totalmente suas ambi\u00e7\u00f5es de conquista.<\/p>\r\n                <\/section>\r\n            <\/article>\r\n        <\/main>","protected":false},"excerpt":{"rendered":"Hero\u00edna m\u00edtica Esperan\u00e7osa Reginn Aparece em Fire Emblem Heroes Sharena apresenta: Esperan\u00e7osa Reginn Descobrimos um novo reino: Ni\u00f0avellir, o reino de dvergr! Ni\u00f0avellir \u00e9 governado por um rei chamado F\u00e1fnir, e hoje vou apresentar a irm\u00e3 dele, a alegre e animada Reginn! Apesar de ser uma princesa, ela \u00e9 bem moleque e adora suas guloseimas. [&hellip;]","protected":false},"author":1,"featured_media":22961,"comment_status":"closed","ping_status":"closed","sticky":false,"template":"","format":"standard","meta":{"advanced_seo_description":"","jetpack_seo_html_title":"","jetpack_seo_noindex":false,"_jetpack_newsletter_access":"","_jetpack_dont_email_post_to_subs":false,"_jetpack_newsletter_tier_id":0,"_jetpack_memberships_contains_paywalled_content":false,"_locale":"pt_BR","_original_post":"https:\/\/guide.fire-emblem-heroes.com\/?p=22847","_jetpack_memberships_contains_paid_content":false,"footnotes":"","jetpack_publicize_message":"","jetpack_publicize_feature_enabled":true,"jetpack_social_post_already_shared":true,"jetpack_social_options":{"image_generator_settings":{"template":"highway","default_image_id":0,"font":"","enabled":false},"version":2},"_wpas_customize_per_network":false,"jetpack_post_was_ever_published":false},"categories":[1384,1423,1385,1390],"tags":[1455],"class_list":["post-22857","post","type-post","status-publish","format-standard","has-post-thumbnail","hentry","category-character","category-ex_works_heroes","category-mythic_heroes","category-stay_heroes","tag-heroina-mitica","pt-BR"],"jetpack_publicize_connections":[],"jetpack_featured_media_url":"https:\/\/guide.fire-emblem-heroes.com\/wp-content\/uploads\/reghin_bearing_hope.png","jetpack_sharing_enabled":false,"jetpack_shortlink":"https:\/\/wp.me\/pa0Mj3-5WF","jetpack_likes_enabled":false,"amp_enabled":false,"_links":{"self":[{"href":"https:\/\/guide.fire-emblem-heroes.com\/wp-json\/wp\/v2\/posts\/22857","targetHints":{"allow":["GET"]}}],"collection":[{"href":"https:\/\/guide.fire-emblem-heroes.com\/wp-json\/wp\/v2\/posts"}],"about":[{"href":"https:\/\/guide.fire-emblem-heroes.com\/wp-json\/wp\/v2\/types\/post"}],"author":[{"embeddable":true,"href":"https:\/\/guide.fire-emblem-heroes.com\/wp-json\/wp\/v2\/users\/1"}],"replies":[{"embeddable":true,"href":"https:\/\/guide.fire-emblem-heroes.com\/wp-json\/wp\/v2\/comments?post=22857"}],"version-history":[{"count":1,"href":"https:\/\/guide.fire-emblem-heroes.com\/wp-json\/wp\/v2\/posts\/22857\/revisions"}],"predecessor-version":[{"id":22866,"href":"https:\/\/guide.fire-emblem-heroes.com\/wp-json\/wp\/v2\/posts\/22857\/revisions\/22866"}],"wp:featuredmedia":[{"embeddable":true,"href":"https:\/\/guide.fire-emblem-heroes.com\/wp-json\/wp\/v2\/media\/22961"}],"wp:attachment":[{"href":"https:\/\/guide.fire-emblem-heroes.com\/wp-json\/wp\/v2\/media?parent=22857"}],"wp:term":[{"taxonomy":"category","embeddable":true,"href":"https:\/\/guide.fire-emblem-heroes.com\/wp-json\/wp\/v2\/categories?post=22857"},{"taxonomy":"post_tag","embeddable":true,"href":"https:\/\/guide.fire-emblem-heroes.com\/wp-json\/wp\/v2\/tags?post=22857"}],"curies":[{"name":"wp","href":"https:\/\/api.w.org\/{rel}","templated":true}]}}