






{"id":23821,"date":"2021-01-15T11:44:34","date_gmt":"2021-01-15T02:44:34","guid":{"rendered":"https:\/\/guide.fire-emblem-heroes.com\/?p=23821"},"modified":"2021-02-18T18:03:55","modified_gmt":"2021-02-18T09:03:55","slug":"01029002000617-2","status":"publish","type":"post","link":"https:\/\/guide.fire-emblem-heroes.com\/pt-BR\/01029002000617-2\/","title":{"rendered":"<span class=\"character_nick\">Luz errante<\/span><span class=\"character_name\">Katarina<\/span>"},"content":{"rendered":"<main id=\"CHARA_385\" class=\"main_page character\">\r\n            <article>\r\n                <section class=\"sec sec_character\">\r\n                    <ul class=\"sec_ul sec_ul--character slick-box\">\r\n                        <li class=\"sec_li sec_li--character\">\r\n                            <img decoding=\"async\" src=\"https:\/\/guide.fire-emblem-heroes.com\/wp-content\/uploads\/katarina_torchlit_wanderer_slide01.png\" alt=\"\" \/>\r\n                        <\/li>\r\n                        <li class=\"sec_li sec_li--character\">\r\n                            <img decoding=\"async\" src=\"https:\/\/guide.fire-emblem-heroes.com\/wp-content\/uploads\/katarina_torchlit_wanderer_slide02.png\" alt=\"\" \/>\r\n                        <\/li>\r\n                        <li class=\"sec_li sec_li--character\">\r\n                            <img decoding=\"async\" src=\"https:\/\/guide.fire-emblem-heroes.com\/wp-content\/uploads\/katarina_torchlit_wanderer_slide03.png\" alt=\"\" \/>\r\n                        <\/li>\r\n                        <li class=\"sec_li sec_li--character\">\r\n                            <img decoding=\"async\" src=\"https:\/\/guide.fire-emblem-heroes.com\/wp-content\/uploads\/katarina_torchlit_wanderer_slide04.png\" alt=\"\" \/>\r\n                        <\/li>\r\n                    <\/ul>\r\n                    <div class=\"sec_charainfoarea flex\">\r\n                        <div class=\"sec_gif\"><img loading=\"lazy\" decoding=\"async\" src=\"https:\/\/guide.fire-emblem-heroes.com\/wp-content\/uploads\/katarina_torchlit_wanderer.png\" alt=\"\" width=\"210\" height=\"190\"\/><\/div>\r\n                        <div class=\"sec_charainfo\">\r\n                            <p id=\"CHARA_385_002\" class=\"sec_characate sec_characate--special_heroes\">Hero\u00edna especial<\/p>\r\n                            <p id=\"CHARA_385_003\" class=\"sec_charanick\">Luz errante<\/p>\r\n                            <p id=\"CHARA_385_004\" class=\"sec_charaname\">Katarina<\/p>\r\n                            <p id=\"CHARA_385_005\" class=\"sec_charaappearancetxt\">Aparece em<\/p>\r\n                            <p id=\"CHARA_385_006\" class=\"sec_charaappearancetxt\">Fire Emblem: New Mystery of the Emblem<\/p>\r\n                        <\/div>\r\n                    <\/div>\r\n                <\/section>\r\n            <\/article>\r\n            <article>\r\n                <section class=\"sec sec_characterarea\">\r\n                    <div class=\"sec_h2chara\">\r\n                        <p id=\"CHARA_385_007\" class=\"sec_h2charattl\">Sharena apresenta:<\/p>\r\n                        <h2 id=\"CHARA_385_008\" class=\"sec_h2charatxt\">Luz errante Katarina<\/h2>\r\n                    <\/div>\r\n                    <dl class=\"sec_dl flex\">\r\n                        <dt id=\"CHARA_385_009\" class=\"sec_dt\">Katarina \u00e9 uma estrategista aprendiz que foi designada ao s\u00e9timo pelot\u00e3o de Altea com Kris. N\u00e3o conte a ningu\u00e9m, mas eles est\u00e3o disfar\u00e7ados para se infiltrarem em um festival, e \u00e9 por isso que ela est\u00e1 usando um traje no estilo plegiano!<\/dt>\r\n                        <dd class=\"sec_dd\">\r\n                            <a href=\"https:\/\/guide.fire-emblem-heroes.com\/wp-content\/uploads\/katarina_torchlit_wanderer_pop01.png\" class=\"popup-image\">\r\n                                <img decoding=\"async\" src=\"https:\/\/guide.fire-emblem-heroes.com\/wp-content\/uploads\/katarina_torchlit_wanderer_info01.png\" alt=\"\" \/>\r\n                            <\/a>\r\n                        <\/dd>\r\n                        <dt id=\"CHARA_385_010\" class=\"sec_dt\">Plegia \u00e9 famosa pelas areias ardentes de seus desertos. Talvez seja por isso que as roupas t\u00edpicas da regi\u00e3o tendem a&#8230; deixar pouco para a imagina\u00e7\u00e3o. Pode ser que Katarina precise de um tempinho para se acostumar com o estilo, mas com este visual ela passa despercebida!<\/dt>\r\n                        <dd class=\"sec_dd\">\r\n                            <a href=\"https:\/\/guide.fire-emblem-heroes.com\/wp-content\/uploads\/katarina_torchlit_wanderer_pop02.png\" class=\"popup-image\">\r\n                                <img decoding=\"async\" src=\"https:\/\/guide.fire-emblem-heroes.com\/wp-content\/uploads\/katarina_torchlit_wanderer_info02.png\" alt=\"\" \/>\r\n                            <\/a>\r\n                        <\/dd>\r\n                        <dt id=\"CHARA_385_011\" class=\"sec_dt\">Eu soube que a tocha que ela carrega tem um poder especial. Dizem que a magia de Plegia \u00e9 especializada em feiti\u00e7os e maldi\u00e7\u00f5es, por isso mal posso esperar para descobrir o poder dessa tocha!<\/dt>\r\n                        <dd class=\"sec_dd\">\r\n                            <a href=\"https:\/\/guide.fire-emblem-heroes.com\/wp-content\/uploads\/katarina_torchlit_wanderer_pop03.png\" class=\"popup-image\">\r\n                                <img decoding=\"async\" src=\"https:\/\/guide.fire-emblem-heroes.com\/wp-content\/uploads\/katarina_torchlit_wanderer_info03.png\" alt=\"\" \/>\r\n                            <\/a>\r\n                        <\/dd>\r\n                        <dt id=\"CHARA_385_012\" class=\"sec_dt\">Mesmo estando disfar\u00e7ados para uma miss\u00e3o, n\u00e3o vejo motivos para Katarina e Kris n\u00e3o aproveitarem o festival. Na verdade, eu diria que essa \u00e9 a melhor maneira de se esconderem em plena vista!<\/dt>\r\n                        <dd class=\"sec_dd\">\r\n                            <a href=\"https:\/\/guide.fire-emblem-heroes.com\/wp-content\/uploads\/katarina_torchlit_wanderer_pop04.png\" class=\"popup-image\">\r\n                                <img decoding=\"async\" src=\"https:\/\/guide.fire-emblem-heroes.com\/wp-content\/uploads\/katarina_torchlit_wanderer_info04.png\" alt=\"\" \/>\r\n                            <\/a>\r\n                        <\/dd>\r\n                    <\/dl>\r\n                    <h3 id=\"CHARA_385_013\" class=\"sec_h3charatxt\">Personagens relacionados<\/h3>\r\n                    <h4 id=\"CHARA_385_014\" class=\"sec_h4charatxt\">Marth<\/h4>\r\n                    <p id=\"CHARA_385_015\" class=\"sec_charatxt\">Pr\u00edncipe de Altea, ele n\u00e3o hesita em defender a p\u00e1tria e tem grande estima pelos seus amigos. Katarina recebeu ordens para assassin\u00e1-lo.<\/p>\r\n                    <h4 id=\"CHARA_385_016\" class=\"sec_h4charatxt\">Kris<\/h4>\r\n                    <p id=\"CHARA_385_017\" class=\"sec_charatxt\">Proveniente de Sera, um vilarejo de Altea. Lidera o s\u00e9timo pelot\u00e3o, um grupo de cavaleiros inexperientes, e serve a Marth como parte da guarda real. Kris \u00e9 muito querido por Katarina.<\/p>\r\n                <\/section>\r\n            <\/article>\r\n        <\/main>","protected":false},"excerpt":{"rendered":"Hero\u00edna especial Luz errante Katarina Aparece em Fire Emblem: New Mystery of the Emblem Sharena apresenta: Luz errante Katarina Katarina \u00e9 uma estrategista aprendiz que foi designada ao s\u00e9timo pelot\u00e3o de Altea com Kris. N\u00e3o conte a ningu\u00e9m, mas eles est\u00e3o disfar\u00e7ados para se infiltrarem em um festival, e \u00e9 por isso que ela est\u00e1 [&hellip;]","protected":false},"author":1,"featured_media":23933,"comment_status":"closed","ping_status":"closed","sticky":false,"template":"","format":"standard","meta":{"advanced_seo_description":"","jetpack_seo_html_title":"","jetpack_seo_noindex":false,"_jetpack_newsletter_access":"","_jetpack_dont_email_post_to_subs":false,"_jetpack_newsletter_tier_id":0,"_jetpack_memberships_contains_paywalled_content":false,"_locale":"pt_BR","_original_post":"https:\/\/guide.fire-emblem-heroes.com\/?p=23811","_jetpack_memberships_contains_paid_content":false,"footnotes":"","jetpack_publicize_message":"","jetpack_publicize_feature_enabled":true,"jetpack_social_post_already_shared":true,"jetpack_social_options":{"image_generator_settings":{"template":"highway","default_image_id":0,"font":"","enabled":false},"version":2},"_wpas_customize_per_network":false,"jetpack_post_was_ever_published":false},"categories":[1384,1405,1390,1439],"tags":[1460],"class_list":["post-23821","post","type-post","status-publish","format-standard","has-post-thumbnail","hentry","category-character","category-special_heroes","category-stay_heroes","category-ex_works_new_mystery_of_the_emblem","tag-heroina-especial","pt-BR"],"jetpack_publicize_connections":[],"jetpack_featured_media_url":"https:\/\/guide.fire-emblem-heroes.com\/wp-content\/uploads\/katarina_torchlit_wanderer.png","jetpack_sharing_enabled":false,"jetpack_shortlink":"https:\/\/wp.me\/pa0Mj3-6cd","jetpack_likes_enabled":false,"amp_enabled":false,"_links":{"self":[{"href":"https:\/\/guide.fire-emblem-heroes.com\/wp-json\/wp\/v2\/posts\/23821","targetHints":{"allow":["GET"]}}],"collection":[{"href":"https:\/\/guide.fire-emblem-heroes.com\/wp-json\/wp\/v2\/posts"}],"about":[{"href":"https:\/\/guide.fire-emblem-heroes.com\/wp-json\/wp\/v2\/types\/post"}],"author":[{"embeddable":true,"href":"https:\/\/guide.fire-emblem-heroes.com\/wp-json\/wp\/v2\/users\/1"}],"replies":[{"embeddable":true,"href":"https:\/\/guide.fire-emblem-heroes.com\/wp-json\/wp\/v2\/comments?post=23821"}],"version-history":[{"count":1,"href":"https:\/\/guide.fire-emblem-heroes.com\/wp-json\/wp\/v2\/posts\/23821\/revisions"}],"predecessor-version":[{"id":23830,"href":"https:\/\/guide.fire-emblem-heroes.com\/wp-json\/wp\/v2\/posts\/23821\/revisions\/23830"}],"wp:featuredmedia":[{"embeddable":true,"href":"https:\/\/guide.fire-emblem-heroes.com\/wp-json\/wp\/v2\/media\/23933"}],"wp:attachment":[{"href":"https:\/\/guide.fire-emblem-heroes.com\/wp-json\/wp\/v2\/media?parent=23821"}],"wp:term":[{"taxonomy":"category","embeddable":true,"href":"https:\/\/guide.fire-emblem-heroes.com\/wp-json\/wp\/v2\/categories?post=23821"},{"taxonomy":"post_tag","embeddable":true,"href":"https:\/\/guide.fire-emblem-heroes.com\/wp-json\/wp\/v2\/tags?post=23821"}],"curies":[{"name":"wp","href":"https:\/\/api.w.org\/{rel}","templated":true}]}}