






{"id":24048,"date":"2021-01-26T13:36:47","date_gmt":"2021-01-26T04:36:47","guid":{"rendered":"https:\/\/guide.fire-emblem-heroes.com\/?p=24048"},"modified":"2021-01-27T13:24:48","modified_gmt":"2021-01-27T04:24:48","slug":"08003001000171-2","status":"publish","type":"post","link":"https:\/\/guide.fire-emblem-heroes.com\/pt-BR\/08003001000171-2\/","title":{"rendered":"<span class=\"character_nick\">Guerreira tem\u00edvel<\/span><span class=\"character_name\">Nephenee<\/span>"},"content":{"rendered":"<main id=\"CHARA_392\" class=\"main_page character\">\r\n            <article>\r\n                <section class=\"sec sec_character\">\r\n                    <ul class=\"sec_ul sec_ul--character slick-box\">\r\n                        <li class=\"sec_li sec_li--character\">\r\n                            <img decoding=\"async\" src=\"https:\/\/guide.fire-emblem-heroes.com\/wp-content\/uploads\/nepenee_fierce_halberdier_slide01.png\" alt=\"\" \/>\r\n                        <\/li>\r\n                        <li class=\"sec_li sec_li--character\">\r\n                            <img decoding=\"async\" src=\"https:\/\/guide.fire-emblem-heroes.com\/wp-content\/uploads\/nepenee_fierce_halberdier_slide02.png\" alt=\"\" \/>\r\n                        <\/li>\r\n                        <li class=\"sec_li sec_li--character\">\r\n                            <img decoding=\"async\" src=\"https:\/\/guide.fire-emblem-heroes.com\/wp-content\/uploads\/nepenee_fierce_halberdier_slide03.png\" alt=\"\" \/>\r\n                        <\/li>\r\n                        <li class=\"sec_li sec_li--character\">\r\n                            <img decoding=\"async\" src=\"https:\/\/guide.fire-emblem-heroes.com\/wp-content\/uploads\/nepenee_fierce_halberdier_slide04.png\" alt=\"\" \/>\r\n                        <\/li>\r\n                    <\/ul>\r\n                    <div class=\"sec_charainfoarea flex\">\r\n                        <div class=\"sec_gif\"><img loading=\"lazy\" decoding=\"async\" src=\"https:\/\/guide.fire-emblem-heroes.com\/wp-content\/uploads\/nepenee_fierce_halberdier.png\" alt=\"\" width=\"210\" height=\"190\"\/><\/div>\r\n                        <div class=\"sec_charainfo\">\r\n                            <p id=\"CHARA_392_002\" class=\"sec_characate sec_characate--heroes\">Hero\u00edna<\/p>\r\n                            <p id=\"CHARA_392_003\" class=\"sec_charanick\">Guerreira tem\u00edvel<\/p>\r\n                            <p id=\"CHARA_392_004\" class=\"sec_charaname\">Nephenee<\/p>\r\n                            <p id=\"CHARA_392_005\" class=\"sec_charaappearancetxt\">Aparece em<\/p>\r\n                            <p id=\"CHARA_392_006\" class=\"sec_charaappearancetxt\">Fire Emblem: Path of Radiance<\/p>\r\n                        <\/div>\r\n                    <\/div>\r\n                <\/section>\r\n            <\/article>\r\n            <article>\r\n                <section class=\"sec sec_characterarea\">\r\n                    <div class=\"sec_h2chara\">\r\n                        <p id=\"CHARA_392_007\" class=\"sec_h2charattl\">Sharena apresenta:<\/p>\r\n                        <h2 id=\"CHARA_392_008\" class=\"sec_h2charatxt\">Guerreira tem\u00edvel Nephenee<\/h2>\r\n                    <\/div>\r\n                    <dl class=\"sec_dl flex\">\r\n                        <dt id=\"CHARA_392_009\" class=\"sec_dt\">Nascida em Ohma, um vilarejo em Crimea, Nephenee \u00e9 uma hero\u00edna aparentemente t\u00edmida e de poucas palavras. Mas garanto a voc\u00ea que ela est\u00e1 ansiosa para lutar!<\/dt>\r\n                        <dd class=\"sec_dd\">\r\n                            <a href=\"https:\/\/guide.fire-emblem-heroes.com\/wp-content\/uploads\/nepenee_fierce_halberdier_pop01.png\" class=\"popup-image\">\r\n                                <img decoding=\"async\" src=\"https:\/\/guide.fire-emblem-heroes.com\/wp-content\/uploads\/nepenee_fierce_halberdier_info01.png\" alt=\"\" \/>\r\n                            <\/a>\r\n                        <\/dd>\r\n                        <dt id=\"CHARA_392_010\" class=\"sec_dt\">Nephenee se uniu a uma mil\u00edcia para defender seu lar da invas\u00e3o de Daein. Infelizmente, Crimea perdeu a guerra&#8230; E Nephenee acabou sendo capturada!<\/dt>\r\n                        <dd class=\"sec_dd\">\r\n                            <a href=\"https:\/\/guide.fire-emblem-heroes.com\/wp-content\/uploads\/nepenee_fierce_halberdier_pop02.png\" class=\"popup-image\">\r\n                                <img decoding=\"async\" src=\"https:\/\/guide.fire-emblem-heroes.com\/wp-content\/uploads\/nepenee_fierce_halberdier_info02.png\" alt=\"\" \/>\r\n                            <\/a>\r\n                        <\/dd>\r\n                        <dt id=\"CHARA_392_011\" class=\"sec_dt\">Felizmente, Ike e os Mercen\u00e1rios de Greil foram resgat\u00e1-la. Livre do cativeiro, Nephenee conseguiu chegar at\u00e9 Elincia, a princesa da Crimea, e se uniu \u00e0 luta pela liberdade de sua terra natal!<\/dt>\r\n                        <dd class=\"sec_dd\">\r\n                            <a href=\"https:\/\/guide.fire-emblem-heroes.com\/wp-content\/uploads\/nepenee_fierce_halberdier_pop03.png\" class=\"popup-image\">\r\n                                <img decoding=\"async\" src=\"https:\/\/guide.fire-emblem-heroes.com\/wp-content\/uploads\/nepenee_fierce_halberdier_info03.png\" alt=\"\" \/>\r\n                            <\/a>\r\n                        <\/dd>\r\n                        <dt id=\"CHARA_392_012\" class=\"sec_dt\">Nephenee pode n\u00e3o falar muito, mas ela defende intensamente suas convic\u00e7\u00f5es. Espero que quando formos amigas ela se abra um pouco!<\/dt>\r\n                        <dd class=\"sec_dd\">\r\n                            <a href=\"https:\/\/guide.fire-emblem-heroes.com\/wp-content\/uploads\/nepenee_fierce_halberdier_pop04.png\" class=\"popup-image\">\r\n                                <img decoding=\"async\" src=\"https:\/\/guide.fire-emblem-heroes.com\/wp-content\/uploads\/nepenee_fierce_halberdier_info04.png\" alt=\"\" \/>\r\n                            <\/a>\r\n                        <\/dd>\r\n                    <\/dl>\r\n                    <h3 id=\"CHARA_392_013\" class=\"sec_h3charatxt\">Personagens relacionados<\/h3>\r\n                    <h4 id=\"CHARA_392_014\" class=\"sec_h4charatxt\">Elincia<\/h4>\r\n                    <p id=\"CHARA_392_015\" class=\"sec_charatxt\">Princesa de Crimea, cuja exist\u00eancia foi ocultada. Se preocupa com seu reino e seu povo. Nephenee tem grande estima por ela.<\/p>\r\n                    <h4 id=\"CHARA_392_016\" class=\"sec_h4charatxt\">Ike<\/h4>\r\n                    <p id=\"CHARA_392_017\" class=\"sec_charatxt\">Jovem bondoso por\u00e9m implac\u00e1vel. Ele assumiu o comando do bando de mercen\u00e1rios de seu pai. Ele resgatou Nephenee de seu cativeiro.<\/p>\r\n                <\/section>\r\n            <\/article>\r\n        <\/main>","protected":false},"excerpt":{"rendered":"Hero\u00edna Guerreira tem\u00edvel Nephenee Aparece em Fire Emblem: Path of Radiance Sharena apresenta: Guerreira tem\u00edvel Nephenee Nascida em Ohma, um vilarejo em Crimea, Nephenee \u00e9 uma hero\u00edna aparentemente t\u00edmida e de poucas palavras. Mas garanto a voc\u00ea que ela est\u00e1 ansiosa para lutar! Nephenee se uniu a uma mil\u00edcia para defender seu lar da invas\u00e3o [&hellip;]","protected":false},"author":1,"featured_media":24074,"comment_status":"closed","ping_status":"closed","sticky":false,"template":"","format":"standard","meta":{"advanced_seo_description":"","jetpack_seo_html_title":"","jetpack_seo_noindex":false,"_jetpack_newsletter_access":"","_jetpack_dont_email_post_to_subs":false,"_jetpack_newsletter_tier_id":0,"_jetpack_memberships_contains_paywalled_content":false,"_locale":"pt_BR","_original_post":"https:\/\/guide.fire-emblem-heroes.com\/?p=24037","_jetpack_memberships_contains_paid_content":false,"footnotes":"","jetpack_publicize_message":"","jetpack_publicize_feature_enabled":true,"jetpack_social_post_already_shared":true,"jetpack_social_options":{"image_generator_settings":{"template":"highway","default_image_id":0,"font":"","enabled":false},"version":2},"_wpas_customize_per_network":false,"jetpack_post_was_ever_published":false},"categories":[1384,1415,1429,1390],"tags":[1461],"class_list":["post-24048","post","type-post","status-publish","format-standard","has-post-thumbnail","hentry","category-character","category-heroes","category-ex_works_path_of_radiance","category-stay_heroes","tag-heroina","pt-BR"],"jetpack_publicize_connections":[],"jetpack_featured_media_url":"https:\/\/guide.fire-emblem-heroes.com\/wp-content\/uploads\/nepenee_fierce_halberdier.png","jetpack_sharing_enabled":false,"jetpack_shortlink":"https:\/\/wp.me\/pa0Mj3-6fS","jetpack_likes_enabled":false,"amp_enabled":false,"_links":{"self":[{"href":"https:\/\/guide.fire-emblem-heroes.com\/wp-json\/wp\/v2\/posts\/24048","targetHints":{"allow":["GET"]}}],"collection":[{"href":"https:\/\/guide.fire-emblem-heroes.com\/wp-json\/wp\/v2\/posts"}],"about":[{"href":"https:\/\/guide.fire-emblem-heroes.com\/wp-json\/wp\/v2\/types\/post"}],"author":[{"embeddable":true,"href":"https:\/\/guide.fire-emblem-heroes.com\/wp-json\/wp\/v2\/users\/1"}],"replies":[{"embeddable":true,"href":"https:\/\/guide.fire-emblem-heroes.com\/wp-json\/wp\/v2\/comments?post=24048"}],"version-history":[{"count":1,"href":"https:\/\/guide.fire-emblem-heroes.com\/wp-json\/wp\/v2\/posts\/24048\/revisions"}],"predecessor-version":[{"id":24057,"href":"https:\/\/guide.fire-emblem-heroes.com\/wp-json\/wp\/v2\/posts\/24048\/revisions\/24057"}],"wp:featuredmedia":[{"embeddable":true,"href":"https:\/\/guide.fire-emblem-heroes.com\/wp-json\/wp\/v2\/media\/24074"}],"wp:attachment":[{"href":"https:\/\/guide.fire-emblem-heroes.com\/wp-json\/wp\/v2\/media?parent=24048"}],"wp:term":[{"taxonomy":"category","embeddable":true,"href":"https:\/\/guide.fire-emblem-heroes.com\/wp-json\/wp\/v2\/categories?post=24048"},{"taxonomy":"post_tag","embeddable":true,"href":"https:\/\/guide.fire-emblem-heroes.com\/wp-json\/wp\/v2\/tags?post=24048"}],"curies":[{"name":"wp","href":"https:\/\/api.w.org\/{rel}","templated":true}]}}