






{"id":24388,"date":"2021-02-12T12:18:56","date_gmt":"2021-02-12T03:18:56","guid":{"rendered":"https:\/\/guide.fire-emblem-heroes.com\/?p=24388"},"modified":"2021-03-05T16:33:59","modified_gmt":"2021-03-05T07:33:59","slug":"03003002000629-2","status":"publish","type":"post","link":"https:\/\/guide.fire-emblem-heroes.com\/pt-BR\/03003002000629-2\/","title":{"rendered":"<span class=\"character_nick\">Chama juvenil<\/span><span class=\"character_name\">Azelle<\/span>"},"content":{"rendered":"<main id=\"CHARA_400\" class=\"main_page character\">\r\n    <article>\r\n        <section class=\"sec sec_character\">\r\n            <ul class=\"sec_ul sec_ul--character slick-box \">\r\n                <li class=\"sec_li sec_li--character\">\r\n                    <img decoding=\"async\" src=\"https:\/\/guide.fire-emblem-heroes.com\/wp-content\/uploads\/azel_fire_of_velthomer_slide01.png\" alt=\"\" \/>\r\n                <\/li>\r\n                <li class=\"sec_li sec_li--character\">\r\n                    <img decoding=\"async\" src=\"https:\/\/guide.fire-emblem-heroes.com\/wp-content\/uploads\/azel_fire_of_velthomer_slide02.png\" alt=\"\" \/>\r\n                <\/li>\r\n                <li class=\"sec_li sec_li--character\">\r\n                    <img decoding=\"async\" src=\"https:\/\/guide.fire-emblem-heroes.com\/wp-content\/uploads\/azel_fire_of_velthomer_slide03.png\" alt=\"\" \/>\r\n                <\/li>\r\n                <li class=\"sec_li sec_li--character\">\r\n                    <img decoding=\"async\" src=\"https:\/\/guide.fire-emblem-heroes.com\/wp-content\/uploads\/azel_fire_of_velthomer_slide04.png\" alt=\"\" \/>\r\n                <\/li>\r\n            <\/ul>\r\n            <div class=\"sec_charainfoarea flex\">\r\n                <div class=\"sec_gif\"><img loading=\"lazy\" decoding=\"async\" src=\"https:\/\/guide.fire-emblem-heroes.com\/wp-content\/uploads\/azel_fire_of_velthomer.png\" alt=\"\" width=\"210\" height=\"190\"\/><\/div>\r\n                <div class=\"sec_charainfo\">\r\n                    <p id=\"CHARA_400_002\" class=\"sec_characate sec_characate--heroes\">Her\u00f3i<\/p>\r\n                    <p id=\"CHARA_400_003\" class=\"sec_charanick\">Chama juvenil<\/p>\r\n                    <p id=\"CHARA_400_004\" class=\"sec_charaname\">Azelle<\/p>\r\n                    <p id=\"CHARA_400_005\" class=\"sec_charaappearancetxt\">Aparece em<\/p>\r\n                    <p id=\"CHARA_400_006\" class=\"sec_charaappearancetxt\">Fire Emblem: Genealogy of the Holy War<\/p>\r\n                <\/div>\r\n            <\/div>\r\n        <\/section>\r\n    <\/article>\r\n    <article>\r\n        <section class=\"sec sec_characterarea\">\r\n            <div class=\"sec_h2chara\">\r\n                <p id=\"CHARA_400_007\" class=\"sec_h2charattl\">Sharena apresenta:<\/p>\r\n                <h2 id=\"CHARA_400_008\" class=\"sec_h2charatxt\">Chama juvenil Azelle<\/h2>\r\n            <\/div>\r\n            <dl class=\"sec_dl flex\">\r\n                <dt id=\"CHARA_400_009\" class=\"sec_dt\">Azelle \u00e9 um nobre da Casa Velthomer e descendente da cruzada Fjalar. Ele \u00e9 um her\u00f3i bondoso que, por acaso, \u00e9 especializado em magia de fogo!<\/dt>\r\n                <dd class=\"sec_dd\">\r\n                    <a href=\"https:\/\/guide.fire-emblem-heroes.com\/wp-content\/uploads\/azel_fire_of_velthomer_pop01.png\" class=\"popup-image\">\r\n                        <img decoding=\"async\" src=\"https:\/\/guide.fire-emblem-heroes.com\/wp-content\/uploads\/azel_fire_of_velthomer_info01.png\" alt=\"\" \/>\r\n                    <\/a>\r\n                <\/dd>\r\n                <dt id=\"CHARA_400_010\" class=\"sec_dt\">Arvis, o l\u00edder da Casa Velthomer, \u00e9 meio-irm\u00e3o de Azelle. Os dois parecem se dar bem, mas, por Arvis ser o menino de ouro da fam\u00edlia, Azelle \u00e0s vezes se sente inferior&#8230;<\/dt>\r\n                <dd class=\"sec_dd\">\r\n                    <a href=\"https:\/\/guide.fire-emblem-heroes.com\/wp-content\/uploads\/azel_fire_of_velthomer_pop02.png\" class=\"popup-image\">\r\n                        <img decoding=\"async\" src=\"https:\/\/guide.fire-emblem-heroes.com\/wp-content\/uploads\/azel_fire_of_velthomer_info02.png\" alt=\"\" \/>\r\n                    <\/a>\r\n                <\/dd>\r\n                <dt id=\"CHARA_400_011\" class=\"sec_dt\">Quando o reino de Verdane atacou Yngvi, Azelle e seu amigo Lex se uniram \u00e0 batalha apoiando o ducado em apuros. Eles lutaram contra o ex\u00e9rcito de Verdane ao lado de Sigurd, o herdeiro de Chalphy.<\/dt>\r\n                <dd class=\"sec_dd\">\r\n                    <a href=\"https:\/\/guide.fire-emblem-heroes.com\/wp-content\/uploads\/azel_fire_of_velthomer_pop03.png\" class=\"popup-image\">\r\n                        <img decoding=\"async\" src=\"https:\/\/guide.fire-emblem-heroes.com\/wp-content\/uploads\/azel_fire_of_velthomer_info03.png\" alt=\"\" \/>\r\n                    <\/a>\r\n                <\/dd>\r\n                <dt id=\"CHARA_400_012\" class=\"sec_dt\">Azelle luta contra a necessidade de se provar a si mesmo, mas eu sei que ele \u00e9 um her\u00f3i de verdade, cujo cora\u00e7\u00e3o arde como as chamas de Fjalar!<\/dt>\r\n                <dd class=\"sec_dd\">\r\n                    <a href=\"https:\/\/guide.fire-emblem-heroes.com\/wp-content\/uploads\/azel_fire_of_velthomer_pop04.png\" class=\"popup-image\">\r\n                        <img decoding=\"async\" src=\"https:\/\/guide.fire-emblem-heroes.com\/wp-content\/uploads\/azel_fire_of_velthomer_info04.png\" alt=\"\" \/>\r\n                    <\/a>\r\n                <\/dd>\r\n            <\/dl>\r\n            <h3 id=\"CHARA_400_013\" class=\"sec_h3charatxt\">Personagens relacionados<\/h3>\r\n            <h4 id=\"CHARA_400_014\" class=\"sec_h4charatxt\">Arvis<\/h4>\r\n            <p id=\"CHARA_400_015\" class=\"sec_charatxt\">Duque de Velthomer e descendente de Fjalar, uma dos 12 cruzados, e de Maera, da fam\u00edlia imperial. Meio-irm\u00e3o de Azelle.<\/p>\r\n            <h4 id=\"CHARA_400_016\" class=\"sec_h4charatxt\">Lex<\/h4>\r\n            <p id=\"CHARA_400_017\" class=\"sec_charatxt\">Segundo filho do duque Lombard, da Casa Dozel. Une-se ao ex\u00e9rcito sob o comando de Sigurd, junto com o seu amigo Azelle.<\/p>\r\n        <\/section>\r\n    <\/article>\r\n<\/main>","protected":false},"excerpt":{"rendered":"Her\u00f3i Chama juvenil Azelle Aparece em Fire Emblem: Genealogy of the Holy War Sharena apresenta: Chama juvenil Azelle Azelle \u00e9 um nobre da Casa Velthomer e descendente da cruzada Fjalar. Ele \u00e9 um her\u00f3i bondoso que, por acaso, \u00e9 especializado em magia de fogo! Arvis, o l\u00edder da Casa Velthomer, \u00e9 meio-irm\u00e3o de Azelle. Os [&hellip;]","protected":false},"author":1,"featured_media":24459,"comment_status":"closed","ping_status":"closed","sticky":false,"template":"","format":"standard","meta":{"advanced_seo_description":"","jetpack_seo_html_title":"","jetpack_seo_noindex":false,"_jetpack_newsletter_access":"","_jetpack_dont_email_post_to_subs":false,"_jetpack_newsletter_tier_id":0,"_jetpack_memberships_contains_paywalled_content":false,"_locale":"pt_BR","_original_post":"https:\/\/guide.fire-emblem-heroes.com\/?p=24377","_jetpack_memberships_contains_paid_content":false,"footnotes":"","jetpack_publicize_message":"","jetpack_publicize_feature_enabled":true,"jetpack_social_post_already_shared":true,"jetpack_social_options":{"image_generator_settings":{"template":"highway","default_image_id":0,"font":"","enabled":false},"version":2},"_wpas_customize_per_network":false,"jetpack_post_was_ever_published":false},"categories":[1384,1436,1415,1390],"tags":[1463],"class_list":["post-24388","post","type-post","status-publish","format-standard","has-post-thumbnail","hentry","category-character","category-ex_works_genealogy_of_the_holy_war","category-heroes","category-stay_heroes","tag-heroi","pt-BR"],"jetpack_publicize_connections":[],"jetpack_featured_media_url":"https:\/\/guide.fire-emblem-heroes.com\/wp-content\/uploads\/azel_fire_of_velthomer.png","jetpack_sharing_enabled":false,"jetpack_shortlink":"https:\/\/wp.me\/pa0Mj3-6lm","jetpack_likes_enabled":false,"amp_enabled":false,"_links":{"self":[{"href":"https:\/\/guide.fire-emblem-heroes.com\/wp-json\/wp\/v2\/posts\/24388","targetHints":{"allow":["GET"]}}],"collection":[{"href":"https:\/\/guide.fire-emblem-heroes.com\/wp-json\/wp\/v2\/posts"}],"about":[{"href":"https:\/\/guide.fire-emblem-heroes.com\/wp-json\/wp\/v2\/types\/post"}],"author":[{"embeddable":true,"href":"https:\/\/guide.fire-emblem-heroes.com\/wp-json\/wp\/v2\/users\/1"}],"replies":[{"embeddable":true,"href":"https:\/\/guide.fire-emblem-heroes.com\/wp-json\/wp\/v2\/comments?post=24388"}],"version-history":[{"count":1,"href":"https:\/\/guide.fire-emblem-heroes.com\/wp-json\/wp\/v2\/posts\/24388\/revisions"}],"predecessor-version":[{"id":24397,"href":"https:\/\/guide.fire-emblem-heroes.com\/wp-json\/wp\/v2\/posts\/24388\/revisions\/24397"}],"wp:featuredmedia":[{"embeddable":true,"href":"https:\/\/guide.fire-emblem-heroes.com\/wp-json\/wp\/v2\/media\/24459"}],"wp:attachment":[{"href":"https:\/\/guide.fire-emblem-heroes.com\/wp-json\/wp\/v2\/media?parent=24388"}],"wp:term":[{"taxonomy":"category","embeddable":true,"href":"https:\/\/guide.fire-emblem-heroes.com\/wp-json\/wp\/v2\/categories?post=24388"},{"taxonomy":"post_tag","embeddable":true,"href":"https:\/\/guide.fire-emblem-heroes.com\/wp-json\/wp\/v2\/tags?post=24388"}],"curies":[{"name":"wp","href":"https:\/\/api.w.org\/{rel}","templated":true}]}}