






{"id":24408,"date":"2021-02-12T12:23:28","date_gmt":"2021-02-12T03:23:28","guid":{"rendered":"https:\/\/guide.fire-emblem-heroes.com\/?p=24408"},"modified":"2021-03-05T16:36:47","modified_gmt":"2021-03-05T07:36:47","slug":"03006002000630-2","status":"publish","type":"post","link":"https:\/\/guide.fire-emblem-heroes.com\/pt-BR\/03006002000630-2\/","title":{"rendered":"<span class=\"character_nick\">L\u00e2mina jovem<\/span><span class=\"character_name\">Lex<\/span>"},"content":{"rendered":"<main id=\"CHARA_401\" class=\"main_page character\">\r\n    <article>\r\n        <section class=\"sec sec_character\">\r\n            <ul class=\"sec_ul sec_ul--character slick-box \">\r\n                <li class=\"sec_li sec_li--character\">\r\n                    <img decoding=\"async\" src=\"https:\/\/guide.fire-emblem-heroes.com\/wp-content\/uploads\/rex_dozel_defiant_slide01.png\" alt=\"\" \/>\r\n                <\/li>\r\n                <li class=\"sec_li sec_li--character\">\r\n                    <img decoding=\"async\" src=\"https:\/\/guide.fire-emblem-heroes.com\/wp-content\/uploads\/rex_dozel_defiant_slide02.png\" alt=\"\" \/>\r\n                <\/li>\r\n                <li class=\"sec_li sec_li--character\">\r\n                    <img decoding=\"async\" src=\"https:\/\/guide.fire-emblem-heroes.com\/wp-content\/uploads\/rex_dozel_defiant_slide03.png\" alt=\"\" \/>\r\n                <\/li>\r\n                <li class=\"sec_li sec_li--character\">\r\n                    <img decoding=\"async\" src=\"https:\/\/guide.fire-emblem-heroes.com\/wp-content\/uploads\/rex_dozel_defiant_slide04.png\" alt=\"\" \/>\r\n                <\/li>\r\n            <\/ul>\r\n            <div class=\"sec_charainfoarea flex\">\r\n                <div class=\"sec_gif\"><img loading=\"lazy\" decoding=\"async\" src=\"https:\/\/guide.fire-emblem-heroes.com\/wp-content\/uploads\/rex_dozel_defiant.png\" alt=\"\" width=\"210\" height=\"190\"\/><\/div>\r\n                <div class=\"sec_charainfo\">\r\n                    <p id=\"CHARA_401_002\" class=\"sec_characate sec_characate--heroes\">Her\u00f3i<\/p>\r\n                    <p id=\"CHARA_401_003\" class=\"sec_charanick\">L\u00e2mina jovem<\/p>\r\n                    <p id=\"CHARA_401_004\" class=\"sec_charaname\">Lex<\/p>\r\n                    <p id=\"CHARA_401_005\" class=\"sec_charaappearancetxt\">Aparece em<\/p>\r\n                    <p id=\"CHARA_401_006\" class=\"sec_charaappearancetxt\">Fire Emblem: Genealogy of the Holy War<\/p>\r\n                <\/div>\r\n            <\/div>\r\n        <\/section>\r\n    <\/article>\r\n    <article>\r\n        <section class=\"sec sec_characterarea\">\r\n            <div class=\"sec_h2chara\">\r\n                <p id=\"CHARA_401_007\" class=\"sec_h2charattl\">Sharena apresenta:<\/p>\r\n                <h2 id=\"CHARA_401_008\" class=\"sec_h2charatxt\">L\u00e2mina jovem Lex<\/h2>\r\n            <\/div>\r\n            <dl class=\"sec_dl flex\">\r\n                <dt id=\"CHARA_401_009\" class=\"sec_dt\">O ducado de Dozel \u00e9 comandado pelos descendentes de N\u00e1l, que tamb\u00e9m s\u00e3o herdeiros do machado sagrado Helswath. Aqui est\u00e1 Lex, o filho mais novo do duque Lombard!<\/dt>\r\n                <dd class=\"sec_dd\">\r\n                    <a href=\"https:\/\/guide.fire-emblem-heroes.com\/wp-content\/uploads\/rex_dozel_defiant_pop01.png\" class=\"popup-image\">\r\n                        <img decoding=\"async\" src=\"https:\/\/guide.fire-emblem-heroes.com\/wp-content\/uploads\/rex_dozel_defiant_info01.png\" alt=\"\" \/>\r\n                    <\/a>\r\n                <\/dd>\r\n                <dt id=\"CHARA_401_010\" class=\"sec_dt\">A linhagem Dozel \u00e9 conhecida por seus homens agressivos e ambiciosos. Com o seu temperamento tranquilo, Lex destoava de sua fam\u00edlia. Ele preferia muito mais a companhia de seu amigo Azelle, de Velthomer, \u00e0 de seu pai e de seu irm\u00e3o.<\/dt>\r\n                <dd class=\"sec_dd\">\r\n                    <a href=\"https:\/\/guide.fire-emblem-heroes.com\/wp-content\/uploads\/rex_dozel_defiant_pop02.png\" class=\"popup-image\">\r\n                        <img decoding=\"async\" src=\"https:\/\/guide.fire-emblem-heroes.com\/wp-content\/uploads\/rex_dozel_defiant_info02.png\" alt=\"\" \/>\r\n                    <\/a>\r\n                <\/dd>\r\n                <dt id=\"CHARA_401_011\" class=\"sec_dt\">Quando o ducado de Yngvi foi invadido por Verdane, Azelle juntou-se a luta para conter o ataque. Preocupado com a seguran\u00e7a de seu amigo, Lex decidiu se unir a ele.<\/dt>\r\n                <dd class=\"sec_dd\">\r\n                    <a href=\"https:\/\/guide.fire-emblem-heroes.com\/wp-content\/uploads\/rex_dozel_defiant_pop03.png\" class=\"popup-image\">\r\n                        <img decoding=\"async\" src=\"https:\/\/guide.fire-emblem-heroes.com\/wp-content\/uploads\/rex_dozel_defiant_info03.png\" alt=\"\" \/>\r\n                    <\/a>\r\n                <\/dd>\r\n                <dt id=\"CHARA_401_012\" class=\"sec_dt\">Na verdade, as atitudes de Lex acabaram sendo uma trai\u00e7\u00e3o \u00e0 fam\u00edlia dele, mas ele n\u00e3o se importava com isso. Dizem que o sangue fala mais alto, mas nem mesmo os la\u00e7os de sangue se comparam com o elo entre ele e Azelle!<\/dt>\r\n                <dd class=\"sec_dd\">\r\n                    <a href=\"https:\/\/guide.fire-emblem-heroes.com\/wp-content\/uploads\/rex_dozel_defiant_pop04.png\" class=\"popup-image\">\r\n                        <img decoding=\"async\" src=\"https:\/\/guide.fire-emblem-heroes.com\/wp-content\/uploads\/rex_dozel_defiant_info04.png\" alt=\"\" \/>\r\n                    <\/a>\r\n                <\/dd>\r\n            <\/dl>\r\n            <h3 id=\"CHARA_401_013\" class=\"sec_h3charatxt\">Personagens relacionados<\/h3>\r\n            <h4 id=\"CHARA_401_014\" class=\"sec_h4charatxt\">Azelle<\/h4>\r\n            <p id=\"CHARA_401_015\" class=\"sec_charatxt\">Meio-irm\u00e3o do l\u00edder da Casa Velthomer, Arvis. Sempre se compara com o seu irm\u00e3o mais velho e sofre de um complexo de inferioridade. Ele se une \u00e0 batalha para defender Yngvi, acompanhado por Lex, seu grande amigo.<\/p>\r\n        <\/section>\r\n    <\/article>\r\n<\/main>","protected":false},"excerpt":{"rendered":"Her\u00f3i L\u00e2mina jovem Lex Aparece em Fire Emblem: Genealogy of the Holy War Sharena apresenta: L\u00e2mina jovem Lex O ducado de Dozel \u00e9 comandado pelos descendentes de N\u00e1l, que tamb\u00e9m s\u00e3o herdeiros do machado sagrado Helswath. Aqui est\u00e1 Lex, o filho mais novo do duque Lombard! A linhagem Dozel \u00e9 conhecida por seus homens agressivos [&hellip;]","protected":false},"author":1,"featured_media":24511,"comment_status":"closed","ping_status":"closed","sticky":false,"template":"","format":"standard","meta":{"advanced_seo_description":"","jetpack_seo_html_title":"","jetpack_seo_noindex":false,"_jetpack_newsletter_access":"","_jetpack_dont_email_post_to_subs":false,"_jetpack_newsletter_tier_id":0,"_jetpack_memberships_contains_paywalled_content":false,"_locale":"pt_BR","_original_post":"https:\/\/guide.fire-emblem-heroes.com\/?p=24398","_jetpack_memberships_contains_paid_content":false,"footnotes":"","jetpack_publicize_message":"","jetpack_publicize_feature_enabled":true,"jetpack_social_post_already_shared":true,"jetpack_social_options":{"image_generator_settings":{"template":"highway","default_image_id":0,"font":"","enabled":false},"version":2},"_wpas_customize_per_network":false,"jetpack_post_was_ever_published":false},"categories":[1384,1436,1415,1390],"tags":[1463],"class_list":["post-24408","post","type-post","status-publish","format-standard","has-post-thumbnail","hentry","category-character","category-ex_works_genealogy_of_the_holy_war","category-heroes","category-stay_heroes","tag-heroi","pt-BR"],"jetpack_publicize_connections":[],"jetpack_featured_media_url":"https:\/\/guide.fire-emblem-heroes.com\/wp-content\/uploads\/rex_dozel_defiant.png","jetpack_sharing_enabled":false,"jetpack_shortlink":"https:\/\/wp.me\/pa0Mj3-6lG","jetpack_likes_enabled":false,"amp_enabled":false,"_links":{"self":[{"href":"https:\/\/guide.fire-emblem-heroes.com\/wp-json\/wp\/v2\/posts\/24408","targetHints":{"allow":["GET"]}}],"collection":[{"href":"https:\/\/guide.fire-emblem-heroes.com\/wp-json\/wp\/v2\/posts"}],"about":[{"href":"https:\/\/guide.fire-emblem-heroes.com\/wp-json\/wp\/v2\/types\/post"}],"author":[{"embeddable":true,"href":"https:\/\/guide.fire-emblem-heroes.com\/wp-json\/wp\/v2\/users\/1"}],"replies":[{"embeddable":true,"href":"https:\/\/guide.fire-emblem-heroes.com\/wp-json\/wp\/v2\/comments?post=24408"}],"version-history":[{"count":1,"href":"https:\/\/guide.fire-emblem-heroes.com\/wp-json\/wp\/v2\/posts\/24408\/revisions"}],"predecessor-version":[{"id":24411,"href":"https:\/\/guide.fire-emblem-heroes.com\/wp-json\/wp\/v2\/posts\/24408\/revisions\/24411"}],"wp:featuredmedia":[{"embeddable":true,"href":"https:\/\/guide.fire-emblem-heroes.com\/wp-json\/wp\/v2\/media\/24511"}],"wp:attachment":[{"href":"https:\/\/guide.fire-emblem-heroes.com\/wp-json\/wp\/v2\/media?parent=24408"}],"wp:term":[{"taxonomy":"category","embeddable":true,"href":"https:\/\/guide.fire-emblem-heroes.com\/wp-json\/wp\/v2\/categories?post=24408"},{"taxonomy":"post_tag","embeddable":true,"href":"https:\/\/guide.fire-emblem-heroes.com\/wp-json\/wp\/v2\/tags?post=24408"}],"curies":[{"name":"wp","href":"https:\/\/api.w.org\/{rel}","templated":true}]}}