






{"id":24955,"date":"2021-03-15T12:06:50","date_gmt":"2021-03-15T03:06:50","guid":{"rendered":"https:\/\/guide.fire-emblem-heroes.com\/?p=24955"},"modified":"2021-04-16T16:03:49","modified_gmt":"2021-04-16T07:03:49","slug":"07007001000638-2","status":"publish","type":"post","link":"https:\/\/guide.fire-emblem-heroes.com\/pt-BR\/07007001000638-2\/","title":{"rendered":"<span class=\"character_nick\">Harmonia floral<\/span><span class=\"character_name\">Myrrh<\/span>"},"content":{"rendered":"<main id=\"CHARA_413\" class=\"main_page character\">\r\n            <article>\r\n                <section class=\"sec sec_character\">\r\n                    <ul class=\"sec_ul sec_ul--character slick-box\">\r\n                        <li class=\"sec_li sec_li--character\">\r\n                            <img decoding=\"async\" src=\"https:\/\/guide.fire-emblem-heroes.com\/wp-content\/uploads\/myrrh_spring_harmony_slide01.png\" alt=\"\" \/>\r\n                        <\/li>\r\n                        <li class=\"sec_li sec_li--character\">\r\n                            <img decoding=\"async\" src=\"https:\/\/guide.fire-emblem-heroes.com\/wp-content\/uploads\/myrrh_spring_harmony_slide02.png\" alt=\"\" \/>\r\n                        <\/li>\r\n                        <li class=\"sec_li sec_li--character\">\r\n                            <img decoding=\"async\" src=\"https:\/\/guide.fire-emblem-heroes.com\/wp-content\/uploads\/myrrh_spring_harmony_slide03.png\" alt=\"\" \/>\r\n                        <\/li>\r\n                        <li class=\"sec_li sec_li--character\">\r\n                            <img decoding=\"async\" src=\"https:\/\/guide.fire-emblem-heroes.com\/wp-content\/uploads\/myrrh_spring_harmony_slide04.png\" alt=\"\" \/>\r\n                        <\/li>\r\n                    <\/ul>\r\n                    <div class=\"sec_charainfoarea flex\">\r\n                        <div class=\"sec_gif\"><img loading=\"lazy\" decoding=\"async\" src=\"https:\/\/guide.fire-emblem-heroes.com\/wp-content\/uploads\/myrrh_spring_harmony.png\" alt=\"\" width=\"210\" height=\"190\"\/><\/div>\r\n                        <div class=\"sec_charainfo\">\r\n                            <p id=\"CHARA_413_002\" class=\"sec_characate sec_characate sec_characate--harmonized_hero\">Harmonia heroica<\/p>\r\n                            <p id=\"CHARA_413_003\" class=\"sec_charanick\">Harmonia floral<\/p>\r\n                            <p id=\"CHARA_413_004\" class=\"sec_charaname\">Myrrh<\/p>\r\n                            <p id=\"CHARA_413_005\" class=\"sec_charaappearancetxt\">Aparece em<\/p>\r\n                            <p id=\"CHARA_413_006\" class=\"sec_charaappearancetxt\">Fire Emblem: The Sacred Stones<br \/>Fire Emblem Awakening<\/p>\r\n                        <\/div>\r\n                    <\/div>\r\n                <\/section>\r\n            <\/article>\r\n            <article>\r\n                <section class=\"sec sec_characterarea\">\r\n                    <div class=\"sec_h2chara\">\r\n                        <p id=\"CHARA_413_007\" class=\"sec_h2charattl\">Sharena apresenta:<\/p>\r\n                        <h2 id=\"CHARA_413_008\" class=\"sec_h2charatxt\">Harmonia floral Myrrh<\/h2>\r\n                    <\/div>\r\n                    <dl class=\"sec_dl flex\">\r\n                        <dt id=\"CHARA_413_009\" class=\"sec_dt\">Temos duas visitantes ador\u00e1veis que vieram ao festival de primavera! Aqui est\u00e3o Myrrh e Nah, que atravessaram mundos para lutar lado a lado!<\/dt>\r\n                        <dd class=\"sec_dd\">\r\n                            <a href=\"https:\/\/guide.fire-emblem-heroes.com\/wp-content\/uploads\/myrrh_spring_harmony_pop01.png\" class=\"popup-image\">\r\n                                <img decoding=\"async\" src=\"https:\/\/guide.fire-emblem-heroes.com\/wp-content\/uploads\/myrrh_spring_harmony_info01.png\" alt=\"\" \/>\r\n                            <\/a>\r\n                        <\/dd>\r\n                        <dt id=\"CHARA_413_010\" class=\"sec_dt\">Elas est\u00e3o vestindo roupas fant\u00e1sticas para trazer um pouco de alegria ao festival. Veja esses chap\u00e9us fof\u00edssimos de coelhinho que elas est\u00e3o usando!<\/dt>\r\n                        <dd class=\"sec_dd\">\r\n                            <a href=\"https:\/\/guide.fire-emblem-heroes.com\/wp-content\/uploads\/myrrh_spring_harmony_pop02.png\" class=\"popup-image\">\r\n                                <img decoding=\"async\" src=\"https:\/\/guide.fire-emblem-heroes.com\/wp-content\/uploads\/myrrh_spring_harmony_info02.png\" alt=\"\" \/>\r\n                            <\/a>\r\n                        <\/dd>\r\n                        <dt id=\"CHARA_413_011\" class=\"sec_dt\">E olha as varinhas que elas trouxeram! S\u00e3o a combina\u00e7\u00e3o perfeita de orelhas de coelho e uma pedra drag\u00e3o. S\u00f3 uma balan\u00e7adinha na varinha e&#8230; puf! Drag\u00f5es!<\/dt>\r\n                        <dd class=\"sec_dd\">\r\n                            <a href=\"https:\/\/guide.fire-emblem-heroes.com\/wp-content\/uploads\/myrrh_spring_harmony_pop03.png\" class=\"popup-image\">\r\n                                <img decoding=\"async\" src=\"https:\/\/guide.fire-emblem-heroes.com\/wp-content\/uploads\/myrrh_spring_harmony_info03.png\" alt=\"\" \/>\r\n                            <\/a>\r\n                        <\/dd>\r\n                        <dt id=\"CHARA_413_012\" class=\"sec_dt\">O que poderia ser mais ador\u00e1vel do que duas drag\u00f5es vestidas de coelhinhas? Mal posso esperar para ver o que elas v\u00e3o aprontar no festival de primavera!<\/dt>\r\n                        <dd class=\"sec_dd\">\r\n                            <a href=\"https:\/\/guide.fire-emblem-heroes.com\/wp-content\/uploads\/myrrh_spring_harmony_pop04.png\" class=\"popup-image\">\r\n                                <img decoding=\"async\" src=\"https:\/\/guide.fire-emblem-heroes.com\/wp-content\/uploads\/myrrh_spring_harmony_info04.png\" alt=\"\" \/>\r\n                            <\/a>\r\n                        <\/dd>\r\n                    <\/dl>\r\n                    <h3 id=\"CHARA_413_013\" class=\"sec_h3charatxt\">Personagens relacionados<\/h3>\r\n                    <h4 id=\"CHARA_413_014\" class=\"sec_h4charatxt\">Saleh<\/h4>\r\n                    <p id=\"CHARA_413_015\" class=\"sec_charatxt\">S\u00e1bio de Caer Pelyn, est\u00e1 aqui para participar do festival de primavera. \u00c9 professor de Ewan. Ele leva Myrrh consigo em uma viagem.<\/p>\r\n                    <h4 id=\"CHARA_413_016\" class=\"sec_h4charatxt\">Ephraim<\/h4>\r\n                    <p id=\"CHARA_413_017\" class=\"sec_charatxt\">Pr\u00edncipe de Renais. Irm\u00e3o g\u00eameo de Eirika. Se importa muito com sua irm\u00e3. \u00c0s vezes se arrisca por ser confiante demais. Ele protege Myrrh quando ela acaba perdida e sozinha.<\/p>\r\n                <\/section>\r\n            <\/article>\r\n        <\/main>","protected":false},"excerpt":{"rendered":"Harmonia heroica Harmonia floral Myrrh Aparece em Fire Emblem: The Sacred StonesFire Emblem Awakening Sharena apresenta: Harmonia floral Myrrh Temos duas visitantes ador\u00e1veis que vieram ao festival de primavera! Aqui est\u00e3o Myrrh e Nah, que atravessaram mundos para lutar lado a lado! Elas est\u00e3o vestindo roupas fant\u00e1sticas para trazer um pouco de alegria ao festival. [&hellip;]","protected":false},"author":1,"featured_media":25091,"comment_status":"closed","ping_status":"closed","sticky":false,"template":"","format":"standard","meta":{"advanced_seo_description":"","jetpack_seo_html_title":"","jetpack_seo_noindex":false,"_jetpack_newsletter_access":"","_jetpack_dont_email_post_to_subs":false,"_jetpack_newsletter_tier_id":0,"_jetpack_memberships_contains_paywalled_content":false,"_locale":"pt_BR","_original_post":"https:\/\/guide.fire-emblem-heroes.com\/?p=24944","_jetpack_memberships_contains_paid_content":false,"footnotes":"","jetpack_publicize_message":"","jetpack_publicize_feature_enabled":true,"jetpack_social_post_already_shared":true,"jetpack_social_options":{"image_generator_settings":{"template":"highway","default_image_id":0,"font":"","enabled":false},"version":2},"_wpas_customize_per_network":false,"jetpack_post_was_ever_published":false},"categories":[1384,1428,1464,1390],"tags":[1471],"class_list":["post-24955","post","type-post","status-publish","format-standard","has-post-thumbnail","hentry","category-character","category-ex_works_the_sacred_stones","category-harmonized_heroes","category-stay_heroes","tag-harmonia-heroica","pt-BR"],"jetpack_publicize_connections":[],"jetpack_featured_media_url":"https:\/\/guide.fire-emblem-heroes.com\/wp-content\/uploads\/myrrh_spring_harmony.png","jetpack_sharing_enabled":false,"jetpack_shortlink":"https:\/\/wp.me\/pa0Mj3-6uv","jetpack_likes_enabled":false,"amp_enabled":false,"_links":{"self":[{"href":"https:\/\/guide.fire-emblem-heroes.com\/wp-json\/wp\/v2\/posts\/24955","targetHints":{"allow":["GET"]}}],"collection":[{"href":"https:\/\/guide.fire-emblem-heroes.com\/wp-json\/wp\/v2\/posts"}],"about":[{"href":"https:\/\/guide.fire-emblem-heroes.com\/wp-json\/wp\/v2\/types\/post"}],"author":[{"embeddable":true,"href":"https:\/\/guide.fire-emblem-heroes.com\/wp-json\/wp\/v2\/users\/1"}],"replies":[{"embeddable":true,"href":"https:\/\/guide.fire-emblem-heroes.com\/wp-json\/wp\/v2\/comments?post=24955"}],"version-history":[{"count":1,"href":"https:\/\/guide.fire-emblem-heroes.com\/wp-json\/wp\/v2\/posts\/24955\/revisions"}],"predecessor-version":[{"id":24965,"href":"https:\/\/guide.fire-emblem-heroes.com\/wp-json\/wp\/v2\/posts\/24955\/revisions\/24965"}],"wp:featuredmedia":[{"embeddable":true,"href":"https:\/\/guide.fire-emblem-heroes.com\/wp-json\/wp\/v2\/media\/25091"}],"wp:attachment":[{"href":"https:\/\/guide.fire-emblem-heroes.com\/wp-json\/wp\/v2\/media?parent=24955"}],"wp:term":[{"taxonomy":"category","embeddable":true,"href":"https:\/\/guide.fire-emblem-heroes.com\/wp-json\/wp\/v2\/categories?post=24955"},{"taxonomy":"post_tag","embeddable":true,"href":"https:\/\/guide.fire-emblem-heroes.com\/wp-json\/wp\/v2\/tags?post=24955"}],"curies":[{"name":"wp","href":"https:\/\/api.w.org\/{rel}","templated":true}]}}