






{"id":24977,"date":"2021-03-15T12:19:36","date_gmt":"2021-03-15T03:19:36","guid":{"rendered":"https:\/\/guide.fire-emblem-heroes.com\/?p=24977"},"modified":"2021-04-16T16:07:13","modified_gmt":"2021-04-16T07:07:13","slug":"01004002000639-2","status":"publish","type":"post","link":"https:\/\/guide.fire-emblem-heroes.com\/pt-BR\/01004002000639-2\/","title":{"rendered":"<span class=\"character_nick\">Dragoon vernal<\/span><span class=\"character_name\">Minerva<\/span>"},"content":{"rendered":"<main id=\"CHARA_414\" class=\"main_page character\">\r\n            <article>\r\n                <section class=\"sec sec_character\">\r\n                    <ul class=\"sec_ul sec_ul--character slick-box\">\r\n                        <li class=\"sec_li sec_li--character\">\r\n                            <img decoding=\"async\" src=\"https:\/\/guide.fire-emblem-heroes.com\/wp-content\/uploads\/minerba_verdant_dragoon_slide01.png\" alt=\"\" \/>\r\n                        <\/li>\r\n                        <li class=\"sec_li sec_li--character\">\r\n                            <img decoding=\"async\" src=\"https:\/\/guide.fire-emblem-heroes.com\/wp-content\/uploads\/minerba_verdant_dragoon_slide02.png\" alt=\"\" \/>\r\n                        <\/li>\r\n                        <li class=\"sec_li sec_li--character\">\r\n                            <img decoding=\"async\" src=\"https:\/\/guide.fire-emblem-heroes.com\/wp-content\/uploads\/minerba_verdant_dragoon_slide03.png\" alt=\"\" \/>\r\n                        <\/li>\r\n                        <li class=\"sec_li sec_li--character\">\r\n                            <img decoding=\"async\" src=\"https:\/\/guide.fire-emblem-heroes.com\/wp-content\/uploads\/minerba_verdant_dragoon_slide04.png\" alt=\"\" \/>\r\n                        <\/li>\r\n                    <\/ul>\r\n                    <div class=\"sec_charainfoarea flex\">\r\n                        <div class=\"sec_gif\"><img loading=\"lazy\" decoding=\"async\" src=\"https:\/\/guide.fire-emblem-heroes.com\/wp-content\/uploads\/minerba_verdant_dragoon.png\" alt=\"\" width=\"210\" height=\"190\"\/><\/div>\r\n                        <div class=\"sec_charainfo\">\r\n                            <p id=\"CHARA_414_002\" class=\"sec_characate sec_characate--special_heroes\">Hero\u00edna especial<\/p>\r\n                            <p id=\"CHARA_414_003\" class=\"sec_charanick\">Dragoon vernal<\/p>\r\n                            <p id=\"CHARA_414_004\" class=\"sec_charaname\">Minerva<\/p>\r\n                            <p id=\"CHARA_414_005\" class=\"sec_charaappearancetxt\">Aparece em<\/p>\r\n                            <p id=\"CHARA_414_006\" class=\"sec_charaappearancetxt\">Fire Emblem: Mystery of the Emblem<\/p>\r\n                        <\/div>\r\n                    <\/div>\r\n                <\/section>\r\n            <\/article>\r\n            <article>\r\n                <section class=\"sec sec_characterarea\">\r\n                    <div class=\"sec_h2chara\">\r\n                        <p id=\"CHARA_414_007\" class=\"sec_h2charattl\">Sharena apresenta:<\/p>\r\n                        <h2 id=\"CHARA_414_008\" class=\"sec_h2charatxt\">Dragoon vernal Minerva<\/h2>\r\n                    <\/div>\r\n                    <dl class=\"sec_dl flex\">\r\n                        <dt id=\"CHARA_414_009\" class=\"sec_dt\">Aqui est\u00e1 Minerva, a Dragoon r\u00fabea de Macedon! Mas, dessa vez, ela mais parece a coelha r\u00fabea do festival de primavera!<\/dt>\r\n                        <dd class=\"sec_dd\">\r\n                            <a href=\"https:\/\/guide.fire-emblem-heroes.com\/wp-content\/uploads\/minerba_verdant_dragoon_pop01.png\" class=\"popup-image\">\r\n                                <img decoding=\"async\" src=\"https:\/\/guide.fire-emblem-heroes.com\/wp-content\/uploads\/minerba_verdant_dragoon_info01.png\" alt=\"\" \/>\r\n                            <\/a>\r\n                        <\/dd>\r\n                        <dt id=\"CHARA_414_010\" class=\"sec_dt\">Na sua roupa para o festival o que n\u00e3o falta \u00e9 o vermelho vibrante pelo qual \u00e9 conhecida, e a capa de gaze de seda d\u00e1 o toque final. Visual perfeito para uma coelhinha audaz que quer causar uma boa impress\u00e3o!<\/dt>\r\n                        <dd class=\"sec_dd\">\r\n                            <a href=\"https:\/\/guide.fire-emblem-heroes.com\/wp-content\/uploads\/minerba_verdant_dragoon_pop02.png\" class=\"popup-image\">\r\n                                <img decoding=\"async\" src=\"https:\/\/guide.fire-emblem-heroes.com\/wp-content\/uploads\/minerba_verdant_dragoon_info02.png\" alt=\"\" \/>\r\n                            <\/a>\r\n                        <\/dd>\r\n                        <dt id=\"CHARA_414_011\" class=\"sec_dt\">Algo que se destaca \u00e9 o formato da lan\u00e7a que ela leva, com orelhas compridas de coelho na ponta! E, como ela est\u00e1 usando um chap\u00e9u com orelhas de coelho, ent\u00e3o meio que parecem dois coelhinhos em vez de um s\u00f3!<\/dt>\r\n                        <dd class=\"sec_dd\">\r\n                            <a href=\"https:\/\/guide.fire-emblem-heroes.com\/wp-content\/uploads\/minerba_verdant_dragoon_pop03.png\" class=\"popup-image\">\r\n                                <img decoding=\"async\" src=\"https:\/\/guide.fire-emblem-heroes.com\/wp-content\/uploads\/minerba_verdant_dragoon_info03.png\" alt=\"\" \/>\r\n                            <\/a>\r\n                        <\/dd>\r\n                        <dt id=\"CHARA_414_012\" class=\"sec_dt\">Minerva parece estar se divertindo muito nesse festival de primavera. Sei que ela gosta muito de Maria, sua irm\u00e3, ent\u00e3o aposto que est\u00e1 pensando como seria legal se sua irm\u00e3 estivesse aqui se divertindo tamb\u00e9m!<\/dt>\r\n                        <dd class=\"sec_dd\">\r\n                            <a href=\"https:\/\/guide.fire-emblem-heroes.com\/wp-content\/uploads\/minerba_verdant_dragoon_pop04.png\" class=\"popup-image\">\r\n                                <img decoding=\"async\" src=\"https:\/\/guide.fire-emblem-heroes.com\/wp-content\/uploads\/minerba_verdant_dragoon_info04.png\" alt=\"\" \/>\r\n                            <\/a>\r\n                        <\/dd>\r\n                    <\/dl>\r\n                    <h3 id=\"CHARA_414_013\" class=\"sec_h3charatxt\">Personagens relacionados<\/h3>\r\n                    <h4 id=\"CHARA_414_014\" class=\"sec_h4charatxt\">Michalis<\/h4>\r\n                    <p id=\"CHARA_414_015\" class=\"sec_charatxt\">Rei de Macedon, tinha grandes ambi\u00e7\u00f5es para o pa\u00eds. Assassinou o pr\u00f3prio pai. Irm\u00e3o de Minerva e Maria.<\/p>\r\n                    <h4 id=\"CHARA_414_016\" class=\"sec_h4charatxt\">Maria<\/h4>\r\n                    <p id=\"CHARA_414_017\" class=\"sec_charatxt\">Princesa de Macedon. Irm\u00e3 ca\u00e7ula de Minerva e Michalis, ambos muito amados por ela.<\/p>\r\n                <\/section>\r\n            <\/article>\r\n        <\/main>","protected":false},"excerpt":{"rendered":"Hero\u00edna especial Dragoon vernal Minerva Aparece em Fire Emblem: Mystery of the Emblem Sharena apresenta: Dragoon vernal Minerva Aqui est\u00e1 Minerva, a Dragoon r\u00fabea de Macedon! Mas, dessa vez, ela mais parece a coelha r\u00fabea do festival de primavera! Na sua roupa para o festival o que n\u00e3o falta \u00e9 o vermelho vibrante pelo qual [&hellip;]","protected":false},"author":1,"featured_media":25078,"comment_status":"closed","ping_status":"closed","sticky":false,"template":"","format":"standard","meta":{"advanced_seo_description":"","jetpack_seo_html_title":"","jetpack_seo_noindex":false,"_jetpack_newsletter_access":"","_jetpack_dont_email_post_to_subs":false,"_jetpack_newsletter_tier_id":0,"_jetpack_memberships_contains_paywalled_content":false,"_locale":"pt_BR","_original_post":"https:\/\/guide.fire-emblem-heroes.com\/?p=24967","_jetpack_memberships_contains_paid_content":false,"footnotes":"","jetpack_publicize_message":"","jetpack_publicize_feature_enabled":true,"jetpack_social_post_already_shared":true,"jetpack_social_options":{"image_generator_settings":{"template":"highway","default_image_id":0,"font":"","enabled":false},"version":2},"_wpas_customize_per_network":false,"jetpack_post_was_ever_published":false},"categories":[1384,1424,1405,1390],"tags":[1460],"class_list":["post-24977","post","type-post","status-publish","format-standard","has-post-thumbnail","hentry","category-character","category-ex_works_mystery_of_the_emblem","category-special_heroes","category-stay_heroes","tag-heroina-especial","pt-BR"],"jetpack_publicize_connections":[],"jetpack_featured_media_url":"https:\/\/guide.fire-emblem-heroes.com\/wp-content\/uploads\/minerba_verdant_dragoon.png","jetpack_sharing_enabled":false,"jetpack_shortlink":"https:\/\/wp.me\/pa0Mj3-6uR","jetpack_likes_enabled":false,"amp_enabled":false,"_links":{"self":[{"href":"https:\/\/guide.fire-emblem-heroes.com\/wp-json\/wp\/v2\/posts\/24977","targetHints":{"allow":["GET"]}}],"collection":[{"href":"https:\/\/guide.fire-emblem-heroes.com\/wp-json\/wp\/v2\/posts"}],"about":[{"href":"https:\/\/guide.fire-emblem-heroes.com\/wp-json\/wp\/v2\/types\/post"}],"author":[{"embeddable":true,"href":"https:\/\/guide.fire-emblem-heroes.com\/wp-json\/wp\/v2\/users\/1"}],"replies":[{"embeddable":true,"href":"https:\/\/guide.fire-emblem-heroes.com\/wp-json\/wp\/v2\/comments?post=24977"}],"version-history":[{"count":1,"href":"https:\/\/guide.fire-emblem-heroes.com\/wp-json\/wp\/v2\/posts\/24977\/revisions"}],"predecessor-version":[{"id":24986,"href":"https:\/\/guide.fire-emblem-heroes.com\/wp-json\/wp\/v2\/posts\/24977\/revisions\/24986"}],"wp:featuredmedia":[{"embeddable":true,"href":"https:\/\/guide.fire-emblem-heroes.com\/wp-json\/wp\/v2\/media\/25078"}],"wp:attachment":[{"href":"https:\/\/guide.fire-emblem-heroes.com\/wp-json\/wp\/v2\/media?parent=24977"}],"wp:term":[{"taxonomy":"category","embeddable":true,"href":"https:\/\/guide.fire-emblem-heroes.com\/wp-json\/wp\/v2\/categories?post=24977"},{"taxonomy":"post_tag","embeddable":true,"href":"https:\/\/guide.fire-emblem-heroes.com\/wp-json\/wp\/v2\/tags?post=24977"}],"curies":[{"name":"wp","href":"https:\/\/api.w.org\/{rel}","templated":true}]}}