






{"id":25678,"date":"2021-04-16T11:36:53","date_gmt":"2021-04-16T02:36:53","guid":{"rendered":"https:\/\/guide.fire-emblem-heroes.com\/?p=25678"},"modified":"2021-05-19T17:52:50","modified_gmt":"2021-05-19T08:52:50","slug":"07001001000649-2","status":"publish","type":"post","link":"https:\/\/guide.fire-emblem-heroes.com\/pt-BR\/07001001000649-2\/","title":{"rendered":"<span class=\"character_nick\">Fulgor g\u00eameo<\/span><span class=\"character_name\">Eirika<\/span>"},"content":{"rendered":"<main id=\"CHARA_432\" class=\"main_page character\">\r\n            <article>\r\n                <section class=\"sec sec_character\">\r\n                    <ul class=\"sec_ul sec_ul--character slick-box\">\r\n                        <li class=\"sec_li sec_li--character\">\r\n                            <img decoding=\"async\" src=\"https:\/\/guide.fire-emblem-heroes.com\/wp-content\/uploads\/eirik_twin_refulgence_slide01.png\" alt=\"\" \/>\r\n                        <\/li>\r\n                        <li class=\"sec_li sec_li--character\">\r\n                            <img decoding=\"async\" src=\"https:\/\/guide.fire-emblem-heroes.com\/wp-content\/uploads\/eirik_twin_refulgence_slide02.png\" alt=\"\" \/>\r\n                        <\/li>\r\n                        <li class=\"sec_li sec_li--character\">\r\n                            <img decoding=\"async\" src=\"https:\/\/guide.fire-emblem-heroes.com\/wp-content\/uploads\/eirik_twin_refulgence_slide03.png\" alt=\"\" \/>\r\n                        <\/li>\r\n                        <li class=\"sec_li sec_li--character\">\r\n                            <img decoding=\"async\" src=\"https:\/\/guide.fire-emblem-heroes.com\/wp-content\/uploads\/eirik_twin_refulgence_slide04.png\" alt=\"\" \/>\r\n                        <\/li>\r\n                    <\/ul>\r\n                    <div class=\"sec_charainfoarea flex\">\r\n                        <div class=\"sec_gif\"><img loading=\"lazy\" decoding=\"async\" src=\"https:\/\/guide.fire-emblem-heroes.com\/wp-content\/uploads\/eirik_twin_refulgence.png\" alt=\"\" width=\"210\" height=\"190\"\/><\/div>\r\n                        <div class=\"sec_charainfo\">\r\n                            <p id=\"CHARA_432_002\" class=\"sec_characate sec_characate--duo_hero\">Dupla heroica<\/p>\r\n                            <p id=\"CHARA_432_003\" class=\"sec_charanick\">Fulgor g\u00eameo<\/p>\r\n                            <p id=\"CHARA_432_004\" class=\"sec_charaname\">Eirika<\/p>\r\n                            <p id=\"CHARA_432_005\" class=\"sec_charaappearancetxt\">Aparece em<\/p>\r\n                            <p id=\"CHARA_432_006\" class=\"sec_charaappearancetxt\">Fire Emblem: The Sacred Stones<\/p>\r\n                        <\/div>\r\n                    <\/div>\r\n                <\/section>\r\n            <\/article>\r\n            <article>\r\n                <section class=\"sec sec_characterarea\">\r\n                    <div class=\"sec_h2chara\">\r\n                        <p id=\"CHARA_432_007\" class=\"sec_h2charattl\">Sharena apresenta:<\/p>\r\n                        <h2 id=\"CHARA_432_008\" class=\"sec_h2charatxt\">Fulgor g\u00eameo Eirika<\/h2>\r\n                    <\/div>\r\n                    <dl class=\"sec_dl flex\">\r\n                        <dt id=\"CHARA_432_009\" class=\"sec_dt\">Aqui est\u00e1 Eirika, a princesa de Renais! Isso mesmo, dessa vez ela foi invocada a Askr durante sua inf\u00e2ncia, e trouxe seu irm\u00e3o Ephraim consigo!<\/dt>\r\n                        <dd class=\"sec_dd\">\r\n                            <a href=\"https:\/\/guide.fire-emblem-heroes.com\/wp-content\/uploads\/eirik_twin_refulgence_pop01.png\" class=\"popup-image\">\r\n                                <img decoding=\"async\" src=\"https:\/\/guide.fire-emblem-heroes.com\/wp-content\/uploads\/eirik_twin_refulgence_info01.png\" alt=\"\" \/>\r\n                            <\/a>\r\n                        <\/dd>\r\n                        <dt id=\"CHARA_432_010\" class=\"sec_dt\">Eirika tem um bom cora\u00e7\u00e3o e est\u00e1 disposta a se arriscar para proteger os outros. Parece que, quando ela tinha essa idade, sempre se chateava com a insist\u00eancia de Ephraim em proteg\u00ea-la, j\u00e1 que ele sempre acabava se machucando.<\/dt>\r\n                        <dd class=\"sec_dd\">\r\n                            <a href=\"https:\/\/guide.fire-emblem-heroes.com\/wp-content\/uploads\/eirik_twin_refulgence_pop02.png\" class=\"popup-image\">\r\n                                <img decoding=\"async\" src=\"https:\/\/guide.fire-emblem-heroes.com\/wp-content\/uploads\/eirik_twin_refulgence_info02.png\" alt=\"\" \/>\r\n                            <\/a>\r\n                        <\/dd>\r\n                        <dt id=\"CHARA_432_011\" class=\"sec_dt\">Ephraim posteriormente estudou sob Duessel, do imp\u00e9rio de Grado, que o treinou no manejo da lan\u00e7a&#8230; Mas, nesse momento, parece que ele est\u00e1 usando uma rapieira.<\/dt>\r\n                        <dd class=\"sec_dd\">\r\n                            <a href=\"https:\/\/guide.fire-emblem-heroes.com\/wp-content\/uploads\/eirik_twin_refulgence_pop03.png\" class=\"popup-image\">\r\n                                <img decoding=\"async\" src=\"https:\/\/guide.fire-emblem-heroes.com\/wp-content\/uploads\/eirik_twin_refulgence_info03.png\" alt=\"\" \/>\r\n                            <\/a>\r\n                        <\/dd>\r\n                        <dt id=\"CHARA_432_012\" class=\"sec_dt\">Apesar de serem g\u00eameos, os dois t\u00eam personalidades muito diferentes. Enquanto Eirika \u00e9 uma princesa gentil e nobre, Ephraim \u00e9 um guerreiro destemido. Assim, um cuida do outro a seu modo, e esse v\u00ednculo que os unem \u00e9 o mesmo desde a inf\u00e2ncia!<\/dt>\r\n                        <dd class=\"sec_dd\">\r\n                            <a href=\"https:\/\/guide.fire-emblem-heroes.com\/wp-content\/uploads\/eirik_twin_refulgence_pop04.png\" class=\"popup-image\">\r\n                                <img decoding=\"async\" src=\"https:\/\/guide.fire-emblem-heroes.com\/wp-content\/uploads\/eirik_twin_refulgence_info04.png\" alt=\"\" \/>\r\n                            <\/a>\r\n                        <\/dd>\r\n                    <\/dl>\r\n                    <h3 id=\"CHARA_432_013\" class=\"sec_h3charatxt\">Personagens relacionados<\/h3>\r\n                    <h4 id=\"CHARA_432_014\" class=\"sec_h4charatxt\">Duessel<\/h4>\r\n                    <p id=\"CHARA_432_015\" class=\"sec_charatxt\">Um dos generais mais veteranos de Grado, conhecido como Obsidiana, \u00e9 um dos tr\u00eas lend\u00e1rios generais imperiais. Ele ensinou Ephraim a usar uma lan\u00e7a enquanto o jovem pr\u00edncipe estudava em Grado.<\/p>\r\n                    <h4 id=\"CHARA_432_016\" class=\"sec_h4charatxt\">Innes<\/h4>\r\n                    <p id=\"CHARA_432_017\" class=\"sec_charatxt\">Pr\u00edncipe de Frelia e irm\u00e3o de Tana. Apesar de impetuoso e arrogante, ele tem um bom cora\u00e7\u00e3o. Eirika e Ephraim s\u00e3o seus amigos de inf\u00e2ncia.<\/p>\r\n                    <h4 id=\"CHARA_432_018\" class=\"sec_h4charatxt\">Tana<\/h4>\r\n                    <p id=\"CHARA_432_019\" class=\"sec_charatxt\">Princesa de Frelia e irm\u00e3 de Innes. Um pouco ing\u00eanua, mas alegre e muito soci\u00e1vel. Eirika e Ephraim s\u00e3o seus amigos de inf\u00e2ncia.<\/p>\r\n                <\/section>\r\n            <\/article>\r\n        <\/main>","protected":false},"excerpt":{"rendered":"Dupla heroica Fulgor g\u00eameo Eirika Aparece em Fire Emblem: The Sacred Stones Sharena apresenta: Fulgor g\u00eameo Eirika Aqui est\u00e1 Eirika, a princesa de Renais! Isso mesmo, dessa vez ela foi invocada a Askr durante sua inf\u00e2ncia, e trouxe seu irm\u00e3o Ephraim consigo! Eirika tem um bom cora\u00e7\u00e3o e est\u00e1 disposta a se arriscar para proteger [&hellip;]","protected":false},"author":1,"featured_media":25727,"comment_status":"closed","ping_status":"closed","sticky":false,"template":"","format":"standard","meta":{"advanced_seo_description":"","jetpack_seo_html_title":"","jetpack_seo_noindex":false,"jetpack_post_was_ever_published":false,"_jetpack_newsletter_access":"","_jetpack_dont_email_post_to_subs":false,"_jetpack_newsletter_tier_id":0,"_jetpack_memberships_contains_paywalled_content":false,"_locale":"pt_BR","_original_post":"https:\/\/guide.fire-emblem-heroes.com\/?p=25668","_jetpack_memberships_contains_paid_content":false,"footnotes":"","jetpack_publicize_message":"","jetpack_publicize_feature_enabled":true,"jetpack_social_post_already_shared":true,"jetpack_social_options":{"image_generator_settings":{"template":"highway","default_image_id":0,"font":"","enabled":false},"version":2},"_wpas_customize_per_network":false},"categories":[1384,1428,1390,1440],"tags":[1447],"class_list":["post-25678","post","type-post","status-publish","format-standard","has-post-thumbnail","hentry","category-character","category-ex_works_the_sacred_stones","category-stay_heroes","category-duo_heroes","tag-dupla-heroica","pt-BR"],"jetpack_publicize_connections":[],"jetpack_featured_media_url":"https:\/\/guide.fire-emblem-heroes.com\/wp-content\/uploads\/eirik_twin_refulgence.png","jetpack_sharing_enabled":false,"jetpack_shortlink":"https:\/\/wp.me\/pa0Mj3-6Ga","jetpack_likes_enabled":false,"amp_enabled":false,"_links":{"self":[{"href":"https:\/\/guide.fire-emblem-heroes.com\/wp-json\/wp\/v2\/posts\/25678","targetHints":{"allow":["GET"]}}],"collection":[{"href":"https:\/\/guide.fire-emblem-heroes.com\/wp-json\/wp\/v2\/posts"}],"about":[{"href":"https:\/\/guide.fire-emblem-heroes.com\/wp-json\/wp\/v2\/types\/post"}],"author":[{"embeddable":true,"href":"https:\/\/guide.fire-emblem-heroes.com\/wp-json\/wp\/v2\/users\/1"}],"replies":[{"embeddable":true,"href":"https:\/\/guide.fire-emblem-heroes.com\/wp-json\/wp\/v2\/comments?post=25678"}],"version-history":[{"count":1,"href":"https:\/\/guide.fire-emblem-heroes.com\/wp-json\/wp\/v2\/posts\/25678\/revisions"}],"predecessor-version":[{"id":25681,"href":"https:\/\/guide.fire-emblem-heroes.com\/wp-json\/wp\/v2\/posts\/25678\/revisions\/25681"}],"wp:featuredmedia":[{"embeddable":true,"href":"https:\/\/guide.fire-emblem-heroes.com\/wp-json\/wp\/v2\/media\/25727"}],"wp:attachment":[{"href":"https:\/\/guide.fire-emblem-heroes.com\/wp-json\/wp\/v2\/media?parent=25678"}],"wp:term":[{"taxonomy":"category","embeddable":true,"href":"https:\/\/guide.fire-emblem-heroes.com\/wp-json\/wp\/v2\/categories?post=25678"},{"taxonomy":"post_tag","embeddable":true,"href":"https:\/\/guide.fire-emblem-heroes.com\/wp-json\/wp\/v2\/tags?post=25678"}],"curies":[{"name":"wp","href":"https:\/\/api.w.org\/{rel}","templated":true}]}}