






{"id":25699,"date":"2021-04-16T11:46:39","date_gmt":"2021-04-16T02:46:39","guid":{"rendered":"https:\/\/guide.fire-emblem-heroes.com\/?p=25699"},"modified":"2021-05-19T17:57:30","modified_gmt":"2021-05-19T08:57:30","slug":"07005001000652-2","status":"publish","type":"post","link":"https:\/\/guide.fire-emblem-heroes.com\/pt-BR\/07005001000652-2\/","title":{"rendered":"<span class=\"character_nick\">Justiceira<\/span><span class=\"character_name\">L&#8217;Arachel<\/span>"},"content":{"rendered":"<main id=\"CHARA_433\" class=\"main_page character\">\r\n            <article>\r\n                <section class=\"sec sec_character\">\r\n                    <ul class=\"sec_ul sec_ul--character slick-box\">\r\n                        <li class=\"sec_li sec_li--character\">\r\n                            <img decoding=\"async\" src=\"https:\/\/guide.fire-emblem-heroes.com\/wp-content\/uploads\/larchel_seeker_of_justice_slide01.png\" alt=\"\" \/>\r\n                        <\/li>\r\n                        <li class=\"sec_li sec_li--character\">\r\n                            <img decoding=\"async\" src=\"https:\/\/guide.fire-emblem-heroes.com\/wp-content\/uploads\/larchel_seeker_of_justice_slide02.png\" alt=\"\" \/>\r\n                        <\/li>\r\n                        <li class=\"sec_li sec_li--character\">\r\n                            <img decoding=\"async\" src=\"https:\/\/guide.fire-emblem-heroes.com\/wp-content\/uploads\/larchel_seeker_of_justice_slide03.png\" alt=\"\" \/>\r\n                        <\/li>\r\n                        <li class=\"sec_li sec_li--character\">\r\n                            <img decoding=\"async\" src=\"https:\/\/guide.fire-emblem-heroes.com\/wp-content\/uploads\/larchel_seeker_of_justice_slide04.png\" alt=\"\" \/>\r\n                        <\/li>\r\n                    <\/ul>\r\n                    <div class=\"sec_charainfoarea flex\">\r\n                        <div class=\"sec_gif\"><img loading=\"lazy\" decoding=\"async\" src=\"https:\/\/guide.fire-emblem-heroes.com\/wp-content\/uploads\/larchel_seeker_of_justice.png\" alt=\"\" width=\"210\" height=\"190\"\/><\/div>\r\n                        <div class=\"sec_charainfo\">\r\n                            <p id=\"CHARA_433_002\" class=\"sec_characate sec_characate--special_heroes\">Hero\u00edna especial<\/p>\r\n                            <p id=\"CHARA_433_003\" class=\"sec_charanick\">Justiceira<\/p>\r\n                            <p id=\"CHARA_433_004\" class=\"sec_charaname\">L&#8217;Arachel<\/p>\r\n                            <p id=\"CHARA_433_005\" class=\"sec_charaappearancetxt\">Aparece em<\/p>\r\n                            <p id=\"CHARA_433_006\" class=\"sec_charaappearancetxt\">Fire Emblem: The Sacred Stones<\/p>\r\n                        <\/div>\r\n                    <\/div>\r\n                <\/section>\r\n            <\/article>\r\n            <article>\r\n                <section class=\"sec sec_characterarea\">\r\n                    <div class=\"sec_h2chara\">\r\n                        <p id=\"CHARA_433_007\" class=\"sec_h2charattl\">Sharena apresenta:<\/p>\r\n                        <h2 id=\"CHARA_433_008\" class=\"sec_h2charatxt\">Justiceira L&#8217;Arachel<\/h2>\r\n                    <\/div>\r\n                    <dl class=\"sec_dl flex\">\r\n                        <dt id=\"CHARA_433_009\" class=\"sec_dt\">Aqui est\u00e1 L&#8217;Arachel, Princesa da luz de Rausten! Ela est\u00e1 um pouco mais jovem do que como estamos acostumados a v\u00ea-la, mas, mesmo nessa idade, as coisas t\u00eam que ser do seu jeito!<\/dt>\r\n                        <dd class=\"sec_dd\">\r\n                            <a href=\"https:\/\/guide.fire-emblem-heroes.com\/wp-content\/uploads\/larchel_seeker_of_justice_pop01.png\" class=\"popup-image\">\r\n                                <img decoding=\"async\" src=\"https:\/\/guide.fire-emblem-heroes.com\/wp-content\/uploads\/larchel_seeker_of_justice_info01.png\" alt=\"\" \/>\r\n                            <\/a>\r\n                        <\/dd>\r\n                        <dt id=\"CHARA_433_010\" class=\"sec_dt\">Os pais de L&#8217;Arachel foram guerreiros corajosos que defenderam o povo de Rausten da amea\u00e7a de monstros. Tragicamente, eles pereceram em combate quando L&#8217;Arachel era crian\u00e7a, deixando-a \u00f3rf\u00e3.<\/dt>\r\n                        <dd class=\"sec_dd\">\r\n                            <a href=\"https:\/\/guide.fire-emblem-heroes.com\/wp-content\/uploads\/larchel_seeker_of_justice_pop02.png\" class=\"popup-image\">\r\n                                <img decoding=\"async\" src=\"https:\/\/guide.fire-emblem-heroes.com\/wp-content\/uploads\/larchel_seeker_of_justice_info02.png\" alt=\"\" \/>\r\n                            <\/a>\r\n                        <\/dd>\r\n                        <dt id=\"CHARA_433_011\" class=\"sec_dt\">L&#8217;Arachel n\u00e3o deixa mostrar a sua vulnerabilidade, mas isso deve ter sido extremamente dif\u00edcil para ela. Soube que quando ela estava chateada ou come\u00e7ava a chorar naquela \u00e9poca, Dozla tentava anim\u00e1-la deixando que ela puxasse sua barba!<\/dt>\r\n                        <dd class=\"sec_dd\">\r\n                            <a href=\"https:\/\/guide.fire-emblem-heroes.com\/wp-content\/uploads\/larchel_seeker_of_justice_pop03.png\" class=\"popup-image\">\r\n                                <img decoding=\"async\" src=\"https:\/\/guide.fire-emblem-heroes.com\/wp-content\/uploads\/larchel_seeker_of_justice_info03.png\" alt=\"\" \/>\r\n                            <\/a>\r\n                        <\/dd>\r\n                        <dt id=\"CHARA_433_012\" class=\"sec_dt\">A jovem L&#8217;Arachel sonha em partir em sua pr\u00f3pria jornada para matar monstros quando ficar mais velha. Com certeza ser\u00e1 um caminho dif\u00edcil, mas acredito que ser\u00e1 uma aventura divertida e emocionante ao mesmo tempo!<\/dt>\r\n                        <dd class=\"sec_dd\">\r\n                            <a href=\"https:\/\/guide.fire-emblem-heroes.com\/wp-content\/uploads\/larchel_seeker_of_justice_pop04.png\" class=\"popup-image\">\r\n                                <img decoding=\"async\" src=\"https:\/\/guide.fire-emblem-heroes.com\/wp-content\/uploads\/larchel_seeker_of_justice_info04.png\" alt=\"\" \/>\r\n                            <\/a>\r\n                        <\/dd>\r\n                    <\/dl>\r\n                    <h3 id=\"CHARA_433_013\" class=\"sec_h3charatxt\">Personagens relacionados<\/h3>\r\n                    <h4 id=\"CHARA_433_014\" class=\"sec_h4charatxt\">Dozla<\/h4>\r\n                    <p id=\"CHARA_433_015\" class=\"sec_charatxt\">Um ajudante a servi\u00e7o de L&#8217;Arachel. Um homem de bom cora\u00e7\u00e3o com sede de viver que zela pelas crian\u00e7as acima de tudo.<\/p>\r\n                <\/section>\r\n            <\/article>\r\n        <\/main>","protected":false},"excerpt":{"rendered":"Hero\u00edna especial Justiceira L&#8217;Arachel Aparece em Fire Emblem: The Sacred Stones Sharena apresenta: Justiceira L&#8217;Arachel Aqui est\u00e1 L&#8217;Arachel, Princesa da luz de Rausten! Ela est\u00e1 um pouco mais jovem do que como estamos acostumados a v\u00ea-la, mas, mesmo nessa idade, as coisas t\u00eam que ser do seu jeito! Os pais de L&#8217;Arachel foram guerreiros corajosos [&hellip;]","protected":false},"author":1,"featured_media":25753,"comment_status":"closed","ping_status":"closed","sticky":false,"template":"","format":"standard","meta":{"advanced_seo_description":"","jetpack_seo_html_title":"","jetpack_seo_noindex":false,"_jetpack_newsletter_access":"","_jetpack_dont_email_post_to_subs":false,"_jetpack_newsletter_tier_id":0,"_jetpack_memberships_contains_paywalled_content":false,"_locale":"pt_BR","_original_post":"https:\/\/guide.fire-emblem-heroes.com\/?p=25689","_jetpack_memberships_contains_paid_content":false,"footnotes":"","jetpack_publicize_message":"","jetpack_publicize_feature_enabled":true,"jetpack_social_post_already_shared":true,"jetpack_social_options":{"image_generator_settings":{"template":"highway","default_image_id":0,"font":"","enabled":false},"version":2},"_wpas_customize_per_network":false,"jetpack_post_was_ever_published":false},"categories":[1384,1428,1405,1390],"tags":[1460],"class_list":["post-25699","post","type-post","status-publish","format-standard","has-post-thumbnail","hentry","category-character","category-ex_works_the_sacred_stones","category-special_heroes","category-stay_heroes","tag-heroina-especial","pt-BR"],"jetpack_publicize_connections":[],"jetpack_featured_media_url":"https:\/\/guide.fire-emblem-heroes.com\/wp-content\/uploads\/larchel_seeker_of_justice.png","jetpack_sharing_enabled":false,"jetpack_shortlink":"https:\/\/wp.me\/pa0Mj3-6Gv","jetpack_likes_enabled":false,"amp_enabled":false,"_links":{"self":[{"href":"https:\/\/guide.fire-emblem-heroes.com\/wp-json\/wp\/v2\/posts\/25699","targetHints":{"allow":["GET"]}}],"collection":[{"href":"https:\/\/guide.fire-emblem-heroes.com\/wp-json\/wp\/v2\/posts"}],"about":[{"href":"https:\/\/guide.fire-emblem-heroes.com\/wp-json\/wp\/v2\/types\/post"}],"author":[{"embeddable":true,"href":"https:\/\/guide.fire-emblem-heroes.com\/wp-json\/wp\/v2\/users\/1"}],"replies":[{"embeddable":true,"href":"https:\/\/guide.fire-emblem-heroes.com\/wp-json\/wp\/v2\/comments?post=25699"}],"version-history":[{"count":1,"href":"https:\/\/guide.fire-emblem-heroes.com\/wp-json\/wp\/v2\/posts\/25699\/revisions"}],"predecessor-version":[{"id":25708,"href":"https:\/\/guide.fire-emblem-heroes.com\/wp-json\/wp\/v2\/posts\/25699\/revisions\/25708"}],"wp:featuredmedia":[{"embeddable":true,"href":"https:\/\/guide.fire-emblem-heroes.com\/wp-json\/wp\/v2\/media\/25753"}],"wp:attachment":[{"href":"https:\/\/guide.fire-emblem-heroes.com\/wp-json\/wp\/v2\/media?parent=25699"}],"wp:term":[{"taxonomy":"category","embeddable":true,"href":"https:\/\/guide.fire-emblem-heroes.com\/wp-json\/wp\/v2\/categories?post=25699"},{"taxonomy":"post_tag","embeddable":true,"href":"https:\/\/guide.fire-emblem-heroes.com\/wp-json\/wp\/v2\/tags?post=25699"}],"curies":[{"name":"wp","href":"https:\/\/api.w.org\/{rel}","templated":true}]}}