






{"id":27722,"date":"2021-07-27T12:02:16","date_gmt":"2021-07-27T03:02:16","guid":{"rendered":"https:\/\/guide.fire-emblem-heroes.com\/?p=27722"},"modified":"2021-07-28T13:36:20","modified_gmt":"2021-07-28T04:36:20","slug":"02001006000121-2","status":"publish","type":"post","link":"https:\/\/guide.fire-emblem-heroes.com\/pt-BR\/02001006000121-2\/","title":{"rendered":"<span class=\"character_nick\">Nobre voadora<\/span><span class=\"character_name\">Clair<\/span>"},"content":{"rendered":"<main id=\"CHARA_486\" class=\"main_page character\">\r\n            <article>\r\n                <section class=\"sec sec_character\">\r\n                    <ul class=\"sec_ul sec_ul--character slick-box\">\r\n                        <li class=\"sec_li sec_li--character\">\r\n                            <img decoding=\"async\" src=\"https:\/\/guide.fire-emblem-heroes.com\/wp-content\/uploads\/crea_highborn_flier_slide01.png\" alt=\"\" \/>\r\n                        <\/li>\r\n                        <li class=\"sec_li sec_li--character\">\r\n                            <img decoding=\"async\" src=\"https:\/\/guide.fire-emblem-heroes.com\/wp-content\/uploads\/crea_highborn_flier_slide02.png\" alt=\"\" \/>\r\n                        <\/li>\r\n                        <li class=\"sec_li sec_li--character\">\r\n                            <img decoding=\"async\" src=\"https:\/\/guide.fire-emblem-heroes.com\/wp-content\/uploads\/crea_highborn_flier_slide03.png\" alt=\"\" \/>\r\n                        <\/li>\r\n                        <li class=\"sec_li sec_li--character\">\r\n                            <img decoding=\"async\" src=\"https:\/\/guide.fire-emblem-heroes.com\/wp-content\/uploads\/crea_highborn_flier_slide04.png\" alt=\"\" \/>\r\n                        <\/li>\r\n                    <\/ul>\r\n                    <div class=\"sec_charainfoarea flex\">\r\n                        <div class=\"sec_gif\"><img loading=\"lazy\" decoding=\"async\" src=\"https:\/\/guide.fire-emblem-heroes.com\/wp-content\/uploads\/crea_highborn_flier.png\" alt=\"\" width=\"210\" height=\"190\"\/><\/div>\r\n                        <div class=\"sec_charainfo\">\r\n                            <p id=\"CHARA_486_002\" class=\"sec_characate sec_characate--heroes\">Hero\u00edna<\/p>\r\n                            <p id=\"CHARA_486_003\" class=\"sec_charanick\">Nobre voadora<\/p>\r\n                            <p id=\"CHARA_486_004\" class=\"sec_charaname\">Clair<\/p>\r\n                            <p id=\"CHARA_486_005\" class=\"sec_charaappearancetxt\">Aparece em<\/p>\r\n                            <p id=\"CHARA_486_006\" class=\"sec_charaappearancetxt\">Fire Emblem Echoes: Shadows of Valentia<\/p>\r\n                        <\/div>\r\n                    <\/div>\r\n                <\/section>\r\n            <\/article>\r\n            <article>\r\n                <section class=\"sec sec_characterarea\">\r\n                    <div class=\"sec_h2chara\">\r\n                        <p id=\"CHARA_486_007\" class=\"sec_h2charattl\">Sharena apresenta:<\/p>\r\n                        <h2 id=\"CHARA_486_008\" class=\"sec_h2charatxt\">Nobre voadora Clair<\/h2>\r\n                    <\/div>\r\n                    <dl class=\"sec_dl flex\">\r\n                        <dt id=\"CHARA_486_009\" class=\"sec_dt\">Aqui est\u00e1 Clair, a irm\u00e3 de Clive, o antigo l\u00edder dos Libertadores! Ela e seu irm\u00e3o v\u00eam de uma fam\u00edlia nobre, e ela se porta com muito refinamento.<\/dt>\r\n                        <dd class=\"sec_dd\">\r\n                            <a href=\"https:\/\/guide.fire-emblem-heroes.com\/wp-content\/uploads\/crea_highborn_flier_pop01.png\" class=\"popup-image\">\r\n                                <img decoding=\"async\" src=\"https:\/\/guide.fire-emblem-heroes.com\/wp-content\/uploads\/crea_highborn_flier_info01.png\" alt=\"\" \/>\r\n                            <\/a>\r\n                        <\/dd>\r\n                        <dt id=\"CHARA_486_010\" class=\"sec_dt\">Originalmente, Clair era uma das cavaleiras p\u00e9gaso de Zofia. Mas quando o chanceler corrupto Desaix deu um golpe, ela foi for\u00e7ada a fugir do pa\u00eds. Por isso, uniu-se a seu irm\u00e3o para ajudar a dar in\u00edcio a um ex\u00e9rcito de liberta\u00e7\u00e3o \u2014 os Libertadores!<\/dt>\r\n                        <dd class=\"sec_dd\">\r\n                            <a href=\"https:\/\/guide.fire-emblem-heroes.com\/wp-content\/uploads\/crea_highborn_flier_pop02.png\" class=\"popup-image\">\r\n                                <img decoding=\"async\" src=\"https:\/\/guide.fire-emblem-heroes.com\/wp-content\/uploads\/crea_highborn_flier_info02.png\" alt=\"\" \/>\r\n                            <\/a>\r\n                        <\/dd>\r\n                        <dt id=\"CHARA_486_011\" class=\"sec_dt\">Aparentemente, Clair nunca antes havia falado com um plebeu, mas quando os Libertadores foram formados, ela lutou lado a lado com Alm e outras pessoas mais simples pela primeira vez.<\/dt>\r\n                        <dd class=\"sec_dd\">\r\n                            <a href=\"https:\/\/guide.fire-emblem-heroes.com\/wp-content\/uploads\/crea_highborn_flier_pop03.png\" class=\"popup-image\">\r\n                                <img decoding=\"async\" src=\"https:\/\/guide.fire-emblem-heroes.com\/wp-content\/uploads\/crea_highborn_flier_info03.png\" alt=\"\" \/>\r\n                            <\/a>\r\n                        <\/dd>\r\n                        <dt id=\"CHARA_486_012\" class=\"sec_dt\">N\u00e3o comente com ningu\u00e9m, mas eu acho que a Clair tem uma quedinha por Alm! Ent\u00e3o, Clair comanda os c\u00e9us montada em seu fiel corcel, lutando por seus amigos e aliados&#8230; Principalmente por Alm!<\/dt>\r\n                        <dd class=\"sec_dd\">\r\n                            <a href=\"https:\/\/guide.fire-emblem-heroes.com\/wp-content\/uploads\/crea_highborn_flier_pop04.png\" class=\"popup-image\">\r\n                                <img decoding=\"async\" src=\"https:\/\/guide.fire-emblem-heroes.com\/wp-content\/uploads\/crea_highborn_flier_info04.png\" alt=\"\" \/>\r\n                            <\/a>\r\n                        <\/dd>\r\n                    <\/dl>\r\n                    <h3 id=\"CHARA_486_013\" class=\"sec_h3charatxt\">Personagens relacionados<\/h3>\r\n                    <h4 id=\"CHARA_486_014\" class=\"sec_h4charatxt\">Clive<\/h4>\r\n                    <p id=\"CHARA_486_015\" class=\"sec_charatxt\">Antigo l\u00edder dos Libertadores e irm\u00e3o de Clair. Ele \u00e9 idealista e se foca no bem do reino.<\/p>\r\n                    <h4 id=\"CHARA_486_016\" class=\"sec_h4charatxt\">Alm<\/h4>\r\n                    <p id=\"CHARA_486_017\" class=\"sec_charatxt\">Um jovem guerreiro, corajoso e gentil, criado por Mycen no vilarejo de Ram. Possui &#8220;a marca&#8221; na sua m\u00e3o esquerda. Clair \u00e9 apaixonada por ele.<\/p>\r\n                    <h4 id=\"CHARA_486_018\" class=\"sec_h4charatxt\">Gray<\/h4>\r\n                    <p id=\"CHARA_486_019\" class=\"sec_charatxt\">Amigo de inf\u00e2ncia de Alm, do vilarejo de Ram. Ele \u00e9 s\u00e1bio e competente. Ele \u00e9 apaixonado por Clair&#8230;<\/p>\r\n                <\/section>\r\n            <\/article>\r\n        <\/main>","protected":false},"excerpt":{"rendered":"Hero\u00edna Nobre voadora Clair Aparece em Fire Emblem Echoes: Shadows of Valentia Sharena apresenta: Nobre voadora Clair Aqui est\u00e1 Clair, a irm\u00e3 de Clive, o antigo l\u00edder dos Libertadores! Ela e seu irm\u00e3o v\u00eam de uma fam\u00edlia nobre, e ela se porta com muito refinamento. Originalmente, Clair era uma das cavaleiras p\u00e9gaso de Zofia. Mas [&hellip;]","protected":false},"author":1,"featured_media":27825,"comment_status":"closed","ping_status":"closed","sticky":false,"template":"","format":"standard","meta":{"advanced_seo_description":"","jetpack_seo_html_title":"","jetpack_seo_noindex":false,"_jetpack_newsletter_access":"","_jetpack_dont_email_post_to_subs":false,"_jetpack_newsletter_tier_id":0,"_jetpack_memberships_contains_paywalled_content":false,"_locale":"pt_BR","_original_post":"https:\/\/guide.fire-emblem-heroes.com\/?p=27712","_jetpack_memberships_contains_paid_content":false,"footnotes":"","jetpack_publicize_message":"","jetpack_publicize_feature_enabled":true,"jetpack_social_post_already_shared":true,"jetpack_social_options":{"image_generator_settings":{"template":"highway","default_image_id":0,"font":"","enabled":false},"version":2},"_wpas_customize_per_network":false,"jetpack_post_was_ever_published":false},"categories":[1384,1425,1415,1390],"tags":[1461],"class_list":["post-27722","post","type-post","status-publish","format-standard","has-post-thumbnail","hentry","category-character","category-ex_works_shadows_of_valentia","category-heroes","category-stay_heroes","tag-heroina","pt-BR"],"jetpack_publicize_connections":[],"jetpack_featured_media_url":"https:\/\/guide.fire-emblem-heroes.com\/wp-content\/uploads\/crea_highborn_flier.png","jetpack_sharing_enabled":false,"jetpack_shortlink":"https:\/\/wp.me\/pa0Mj3-7d8","jetpack_likes_enabled":false,"amp_enabled":false,"_links":{"self":[{"href":"https:\/\/guide.fire-emblem-heroes.com\/wp-json\/wp\/v2\/posts\/27722","targetHints":{"allow":["GET"]}}],"collection":[{"href":"https:\/\/guide.fire-emblem-heroes.com\/wp-json\/wp\/v2\/posts"}],"about":[{"href":"https:\/\/guide.fire-emblem-heroes.com\/wp-json\/wp\/v2\/types\/post"}],"author":[{"embeddable":true,"href":"https:\/\/guide.fire-emblem-heroes.com\/wp-json\/wp\/v2\/users\/1"}],"replies":[{"embeddable":true,"href":"https:\/\/guide.fire-emblem-heroes.com\/wp-json\/wp\/v2\/comments?post=27722"}],"version-history":[{"count":1,"href":"https:\/\/guide.fire-emblem-heroes.com\/wp-json\/wp\/v2\/posts\/27722\/revisions"}],"predecessor-version":[{"id":27732,"href":"https:\/\/guide.fire-emblem-heroes.com\/wp-json\/wp\/v2\/posts\/27722\/revisions\/27732"}],"wp:featuredmedia":[{"embeddable":true,"href":"https:\/\/guide.fire-emblem-heroes.com\/wp-json\/wp\/v2\/media\/27825"}],"wp:attachment":[{"href":"https:\/\/guide.fire-emblem-heroes.com\/wp-json\/wp\/v2\/media?parent=27722"}],"wp:term":[{"taxonomy":"category","embeddable":true,"href":"https:\/\/guide.fire-emblem-heroes.com\/wp-json\/wp\/v2\/categories?post=27722"},{"taxonomy":"post_tag","embeddable":true,"href":"https:\/\/guide.fire-emblem-heroes.com\/wp-json\/wp\/v2\/tags?post=27722"}],"curies":[{"name":"wp","href":"https:\/\/api.w.org\/{rel}","templated":true}]}}