






{"id":27961,"date":"2021-08-03T12:57:00","date_gmt":"2021-08-03T03:57:00","guid":{"rendered":"https:\/\/guide.fire-emblem-heroes.com\/?p=27961"},"modified":"2021-09-03T16:13:28","modified_gmt":"2021-09-03T07:13:28","slug":"09008008000693-2","status":"publish","type":"post","link":"https:\/\/guide.fire-emblem-heroes.com\/pt-BR\/09008008000693-2\/","title":{"rendered":"<span class=\"character_nick\">Asas marinhas<\/span><span class=\"character_name\">Vika<\/span>"},"content":{"rendered":"<main id=\"CHARA_493\" class=\"main_page character\">\r\n            <article>\r\n                <section class=\"sec sec_character\">\r\n                    <ul class=\"sec_ul sec_ul--character slick-box\">\r\n                        <li class=\"sec_li sec_li--character\">\r\n                            <img decoding=\"async\" src=\"https:\/\/guide.fire-emblem-heroes.com\/wp-content\/uploads\/wiese_sea-dark_wing_slide01.png\" alt=\"\" \/>\r\n                        <\/li>\r\n                        <li class=\"sec_li sec_li--character\">\r\n                            <img decoding=\"async\" src=\"https:\/\/guide.fire-emblem-heroes.com\/wp-content\/uploads\/wiese_sea-dark_wing_slide02.png\" alt=\"\" \/>\r\n                        <\/li>\r\n                        <li class=\"sec_li sec_li--character\">\r\n                            <img decoding=\"async\" src=\"https:\/\/guide.fire-emblem-heroes.com\/wp-content\/uploads\/wiese_sea-dark_wing_slide03.png\" alt=\"\" \/>\r\n                        <\/li>\r\n                        <li class=\"sec_li sec_li--character\">\r\n                            <img decoding=\"async\" src=\"https:\/\/guide.fire-emblem-heroes.com\/wp-content\/uploads\/wiese_sea-dark_wing_slide04.png\" alt=\"\" \/>\r\n                        <\/li>\r\n                    <\/ul>\r\n                    <div class=\"sec_charainfoarea flex\">\r\n                        <div class=\"sec_gif\"><img loading=\"lazy\" decoding=\"async\" src=\"https:\/\/guide.fire-emblem-heroes.com\/wp-content\/uploads\/wiese_sea-dark_wing.png\" alt=\"\" width=\"210\" height=\"190\"\/><\/div>\r\n                        <div class=\"sec_charainfo\">\r\n                            <p id=\"CHARA_493_002\" class=\"sec_characate sec_characate--special_heroes\">Hero\u00edna especial<\/p>\r\n                            <p id=\"CHARA_493_003\" class=\"sec_charanick\">Asas marinhas<\/p>\r\n                            <p id=\"CHARA_493_004\" class=\"sec_charaname\">Vika<\/p>\r\n                            <p id=\"CHARA_493_005\" class=\"sec_charaappearancetxt\">Aparece em<\/p>\r\n                            <p id=\"CHARA_493_006\" class=\"sec_charaappearancetxt\">Fire Emblem: Radiant Dawn<\/p>\r\n                        <\/div>\r\n                    <\/div>\r\n                <\/section>\r\n            <\/article>\r\n            <article>\r\n                <section class=\"sec sec_characterarea\">\r\n                    <div class=\"sec_h2chara\">\r\n                        <p id=\"CHARA_493_007\" class=\"sec_h2charattl\">Sharena apresenta:<\/p>\r\n                        <h2 id=\"CHARA_493_008\" class=\"sec_h2charatxt\">Asas marinhas Vika<\/h2>\r\n                    <\/div>\r\n                    <dl class=\"sec_dl flex\">\r\n                        <dt id=\"CHARA_493_009\" class=\"sec_dt\">Hoje, apresentarei Vika, um membro do ex\u00e9rcito laguz emancipante! Ela \u00e9 um corvo laguz que veio de Tellius para participar do festival pirata!<\/dt>\r\n                        <dd class=\"sec_dd\">\r\n                            <a href=\"https:\/\/guide.fire-emblem-heroes.com\/wp-content\/uploads\/wiese_sea-dark_wing_pop01.png\" class=\"popup-image\">\r\n                                <img decoding=\"async\" src=\"https:\/\/guide.fire-emblem-heroes.com\/wp-content\/uploads\/wiese_sea-dark_wing_info01.png\" alt=\"\" \/>\r\n                            <\/a>\r\n                        <\/dd>\r\n                        <dt id=\"CHARA_493_010\" class=\"sec_dt\">Uma coisa que sempre me chama a aten\u00e7\u00e3o sobre Vika \u00e9 seu visual ecl\u00e9tico e marcante. Ela n\u00e3o se importa muito com as apar\u00eancias. Ainda assim, essa roupa de pirata fica muito natural nela!<\/dt>\r\n                        <dd class=\"sec_dd\">\r\n                            <a href=\"https:\/\/guide.fire-emblem-heroes.com\/wp-content\/uploads\/wiese_sea-dark_wing_pop02.png\" class=\"popup-image\">\r\n                                <img decoding=\"async\" src=\"https:\/\/guide.fire-emblem-heroes.com\/wp-content\/uploads\/wiese_sea-dark_wing_info02.png\" alt=\"\" \/>\r\n                            <\/a>\r\n                        <\/dd>\r\n                        <dt id=\"CHARA_493_011\" class=\"sec_dt\">Como voc\u00ea pode ver, ela tamb\u00e9m tem um telesc\u00f3pio. Vika consegue voar bem alto e, com essas lentes \u00fateis, ela conseguir\u00e1 ver tesouros a quil\u00f4metros de dist\u00e2ncia!<\/dt>\r\n                        <dd class=\"sec_dd\">\r\n                            <a href=\"https:\/\/guide.fire-emblem-heroes.com\/wp-content\/uploads\/wiese_sea-dark_wing_pop03.png\" class=\"popup-image\">\r\n                                <img decoding=\"async\" src=\"https:\/\/guide.fire-emblem-heroes.com\/wp-content\/uploads\/wiese_sea-dark_wing_info03.png\" alt=\"\" \/>\r\n                            <\/a>\r\n                        <\/dd>\r\n                        <dt id=\"CHARA_493_012\" class=\"sec_dt\">Vika n\u00e3o se mistura muito com os outros, mas percebo que ela est\u00e1 se divertindo. Acho que podemos dizer que ela j\u00e1 encontrou o verdadeiro tesouro do festival pirata: divertir-se com todos!<\/dt>\r\n                        <dd class=\"sec_dd\">\r\n                            <a href=\"https:\/\/guide.fire-emblem-heroes.com\/wp-content\/uploads\/wiese_sea-dark_wing_pop04.png\" class=\"popup-image\">\r\n                                <img decoding=\"async\" src=\"https:\/\/guide.fire-emblem-heroes.com\/wp-content\/uploads\/wiese_sea-dark_wing_info04.png\" alt=\"\" \/>\r\n                            <\/a>\r\n                        <\/dd>\r\n                    <\/dl>\r\n                    <h3 id=\"CHARA_493_013\" class=\"sec_h3charatxt\">Personagens relacionados<\/h3>\r\n                    <h4 id=\"CHARA_493_014\" class=\"sec_h4charatxt\">Tormod<\/h4>\r\n                    <p id=\"CHARA_493_015\" class=\"sec_charatxt\">Um mago que lidera o ex\u00e9rcito da emancipa\u00e7\u00e3o laguz. Amigo de Vika.<\/p>\r\n                    <h4 id=\"CHARA_493_016\" class=\"sec_h4charatxt\">Micaiah<\/h4>\r\n                    <p id=\"CHARA_493_017\" class=\"sec_charatxt\">Membro da Brigada da Aurora, tem cabelos prateados e poderes misteriosos. \u00c9 como uma irm\u00e3 para Sothe, embora n\u00e3o tenham la\u00e7os consangu\u00edneos. Ela recebeu o precioso \u00edcone de Ashera de Vika como presente.<\/p>\r\n                    <h4 id=\"CHARA_493_018\" class=\"sec_h4charatxt\">Oliver<\/h4>\r\n                    <p id=\"CHARA_493_019\" class=\"sec_charatxt\">Um membro do Senado de Begnion. Preza por tudo que \u00e9 bonito e investe todo o seu esfor\u00e7o na preserva\u00e7\u00e3o das artes. Est\u00e1 de olho em Vika.<\/p>\r\n                <\/section>\r\n            <\/article>\r\n        <\/main>","protected":false},"excerpt":{"rendered":"Hero\u00edna especial Asas marinhas Vika Aparece em Fire Emblem: Radiant Dawn Sharena apresenta: Asas marinhas Vika Hoje, apresentarei Vika, um membro do ex\u00e9rcito laguz emancipante! Ela \u00e9 um corvo laguz que veio de Tellius para participar do festival pirata! Uma coisa que sempre me chama a aten\u00e7\u00e3o sobre Vika \u00e9 seu visual ecl\u00e9tico e marcante. [&hellip;]","protected":false},"author":1,"featured_media":28076,"comment_status":"closed","ping_status":"closed","sticky":false,"template":"","format":"standard","meta":{"advanced_seo_description":"","jetpack_seo_html_title":"","jetpack_seo_noindex":false,"_jetpack_newsletter_access":"","_jetpack_dont_email_post_to_subs":false,"_jetpack_newsletter_tier_id":0,"_jetpack_memberships_contains_paywalled_content":false,"_locale":"pt_BR","_original_post":"https:\/\/guide.fire-emblem-heroes.com\/?p=27951","_jetpack_memberships_contains_paid_content":false,"footnotes":"","jetpack_publicize_message":"","jetpack_publicize_feature_enabled":true,"jetpack_social_post_already_shared":true,"jetpack_social_options":{"image_generator_settings":{"template":"highway","default_image_id":0,"font":"","enabled":false},"version":2},"_wpas_customize_per_network":false,"jetpack_post_was_ever_published":false},"categories":[1384,1405,1390,1430],"tags":[1460],"class_list":["post-27961","post","type-post","status-publish","format-standard","has-post-thumbnail","hentry","category-character","category-special_heroes","category-stay_heroes","category-ex_works_radiant_dawn","tag-heroina-especial","pt-BR"],"jetpack_publicize_connections":[],"jetpack_featured_media_url":"https:\/\/guide.fire-emblem-heroes.com\/wp-content\/uploads\/wiese_sea-dark_wing.png","jetpack_sharing_enabled":false,"jetpack_shortlink":"https:\/\/wp.me\/pa0Mj3-7gZ","jetpack_likes_enabled":false,"amp_enabled":false,"_links":{"self":[{"href":"https:\/\/guide.fire-emblem-heroes.com\/wp-json\/wp\/v2\/posts\/27961","targetHints":{"allow":["GET"]}}],"collection":[{"href":"https:\/\/guide.fire-emblem-heroes.com\/wp-json\/wp\/v2\/posts"}],"about":[{"href":"https:\/\/guide.fire-emblem-heroes.com\/wp-json\/wp\/v2\/types\/post"}],"author":[{"embeddable":true,"href":"https:\/\/guide.fire-emblem-heroes.com\/wp-json\/wp\/v2\/users\/1"}],"replies":[{"embeddable":true,"href":"https:\/\/guide.fire-emblem-heroes.com\/wp-json\/wp\/v2\/comments?post=27961"}],"version-history":[{"count":1,"href":"https:\/\/guide.fire-emblem-heroes.com\/wp-json\/wp\/v2\/posts\/27961\/revisions"}],"predecessor-version":[{"id":27964,"href":"https:\/\/guide.fire-emblem-heroes.com\/wp-json\/wp\/v2\/posts\/27961\/revisions\/27964"}],"wp:featuredmedia":[{"embeddable":true,"href":"https:\/\/guide.fire-emblem-heroes.com\/wp-json\/wp\/v2\/media\/28076"}],"wp:attachment":[{"href":"https:\/\/guide.fire-emblem-heroes.com\/wp-json\/wp\/v2\/media?parent=27961"}],"wp:term":[{"taxonomy":"category","embeddable":true,"href":"https:\/\/guide.fire-emblem-heroes.com\/wp-json\/wp\/v2\/categories?post=27961"},{"taxonomy":"post_tag","embeddable":true,"href":"https:\/\/guide.fire-emblem-heroes.com\/wp-json\/wp\/v2\/tags?post=27961"}],"curies":[{"name":"wp","href":"https:\/\/api.w.org\/{rel}","templated":true}]}}