






{"id":28476,"date":"2021-09-03T13:08:18","date_gmt":"2021-09-03T04:08:18","guid":{"rendered":"https:\/\/guide.fire-emblem-heroes.com\/?p=28476"},"modified":"2021-09-17T16:32:02","modified_gmt":"2021-09-17T07:32:02","slug":"04001003000705-2","status":"publish","type":"post","link":"https:\/\/guide.fire-emblem-heroes.com\/pt-BR\/04001003000705-2\/","title":{"rendered":"<span class=\"character_nick\">Filha de Mystletainn<\/span><span class=\"character_name\">Nanna<\/span>"},"content":{"rendered":"<main id=\"CHARA_506\" class=\"main_page character\">\r\n            <article>\r\n                <section class=\"sec sec_character\">\r\n                    <ul class=\"sec_ul sec_ul--character slick-box\">\r\n                        <li class=\"sec_li sec_li--character\">\r\n                            <img decoding=\"async\" src=\"https:\/\/guide.fire-emblem-heroes.com\/wp-content\/uploads\/nanna_mystletainn_scion_slide01.png\" alt=\"\" \/>\r\n                        <\/li>\r\n                        <li class=\"sec_li sec_li--character\">\r\n                            <img decoding=\"async\" src=\"https:\/\/guide.fire-emblem-heroes.com\/wp-content\/uploads\/nanna_mystletainn_scion_slide02.png\" alt=\"\" \/>\r\n                        <\/li>\r\n                        <li class=\"sec_li sec_li--character\">\r\n                            <img decoding=\"async\" src=\"https:\/\/guide.fire-emblem-heroes.com\/wp-content\/uploads\/nanna_mystletainn_scion_slide03.png\" alt=\"\" \/>\r\n                        <\/li>\r\n                        <li class=\"sec_li sec_li--character\">\r\n                            <img decoding=\"async\" src=\"https:\/\/guide.fire-emblem-heroes.com\/wp-content\/uploads\/nanna_mystletainn_scion_slide04.png\" alt=\"\" \/>\r\n                        <\/li>\r\n                    <\/ul>\r\n                    <div class=\"sec_charainfoarea flex\">\r\n                        <div class=\"sec_gif\"><img loading=\"lazy\" decoding=\"async\" src=\"https:\/\/guide.fire-emblem-heroes.com\/wp-content\/uploads\/nanna_mystletainn_scion.png\" alt=\"\" width=\"210\" height=\"190\"\/><\/div>\r\n                        <div class=\"sec_charainfo\">\r\n                            <p id=\"CHARA_506_002\" class=\"sec_characate sec_characate--special_heroes\">Hero\u00edna especial<\/p>\r\n                            <p id=\"CHARA_506_003\" class=\"sec_charanick\">Filha de Mystletainn<\/p>\r\n                            <p id=\"CHARA_506_004\" class=\"sec_charaname\">Nanna<\/p>\r\n                            <p id=\"CHARA_506_005\" class=\"sec_charaappearancetxt\">Aparece em<\/p>\r\n                            <p id=\"CHARA_506_006\" class=\"sec_charaappearancetxt\">Fire Emblem: Thracia 776<\/p>\r\n                        <\/div>\r\n                    <\/div>\r\n                <\/section>\r\n            <\/article>\r\n            <article>\r\n                <section class=\"sec sec_characterarea\">\r\n                    <div class=\"sec_h2chara\">\r\n                        <p id=\"CHARA_506_007\" class=\"sec_h2charattl\">Sharena apresenta:<\/p>\r\n                        <h2 id=\"CHARA_506_008\" class=\"sec_h2charatxt\">Filha de Mystletainn Nanna<\/h2>\r\n                    <\/div>\r\n                    <dl class=\"sec_dl flex\">\r\n                        <dt id=\"CHARA_506_009\" class=\"sec_dt\">Aqui est\u00e1 Nanna, que vai participar do festival do Dia dos Doze com uma roupa absolutamente incr\u00edvel! Al\u00e9m de ser a princesa de Nordion, \u00e9 tamb\u00e9m uma descendente de Ho\u00f0r, um dos 12 cruzados!<\/dt>\r\n                        <dd class=\"sec_dd\">\r\n                            <a href=\"https:\/\/guide.fire-emblem-heroes.com\/wp-content\/uploads\/nanna_mystletainn_scion_pop01.png\" class=\"popup-image\">\r\n                                <img decoding=\"async\" src=\"https:\/\/guide.fire-emblem-heroes.com\/wp-content\/uploads\/nanna_mystletainn_scion_info01.png\" alt=\"\" \/>\r\n                            <\/a>\r\n                        <\/dd>\r\n                        <dt id=\"CHARA_506_010\" class=\"sec_dt\">Ho\u00f0r era conhecido como o cavaleiro negro, e serve de inspira\u00e7\u00e3o para a roupa de Nanna. Adorei o contraste entre os tons escuros de sua roupa e seus belos cabelos loiros!<\/dt>\r\n                        <dd class=\"sec_dd\">\r\n                            <a href=\"https:\/\/guide.fire-emblem-heroes.com\/wp-content\/uploads\/nanna_mystletainn_scion_pop02.png\" class=\"popup-image\">\r\n                                <img decoding=\"async\" src=\"https:\/\/guide.fire-emblem-heroes.com\/wp-content\/uploads\/nanna_mystletainn_scion_info02.png\" alt=\"\" \/>\r\n                            <\/a>\r\n                        <\/dd>\r\n                        <dt id=\"CHARA_506_011\" class=\"sec_dt\">A prop\u00f3sito, o bast\u00e3o que ela leva consigo tamb\u00e9m se baseia na lend\u00e1ria espada Dem\u00f4nio de a\u00e7o de Ho\u00f0r, a Mystletainn!<\/dt>\r\n                        <dd class=\"sec_dd\">\r\n                            <a href=\"https:\/\/guide.fire-emblem-heroes.com\/wp-content\/uploads\/nanna_mystletainn_scion_pop03.png\" class=\"popup-image\">\r\n                                <img decoding=\"async\" src=\"https:\/\/guide.fire-emblem-heroes.com\/wp-content\/uploads\/nanna_mystletainn_scion_info03.png\" alt=\"\" \/>\r\n                            <\/a>\r\n                        <\/dd>\r\n                        <dt id=\"CHARA_506_012\" class=\"sec_dt\">O visual de Nanna \u00e9 muito distinto, o que n\u00e3o \u00e9 nada surpreendente, considerando que ela \u00e9 uma descendente do cavaleiro negro. Sem d\u00favida, ela traz um toque majestoso \u00e0s festividades!<\/dt>\r\n                        <dd class=\"sec_dd\">\r\n                            <a href=\"https:\/\/guide.fire-emblem-heroes.com\/wp-content\/uploads\/nanna_mystletainn_scion_pop04.png\" class=\"popup-image\">\r\n                                <img decoding=\"async\" src=\"https:\/\/guide.fire-emblem-heroes.com\/wp-content\/uploads\/nanna_mystletainn_scion_info04.png\" alt=\"\" \/>\r\n                            <\/a>\r\n                        <\/dd>\r\n                    <\/dl>\r\n                    <h3 id=\"CHARA_506_013\" class=\"sec_h3charatxt\">Personagens relacionados<\/h3>\r\n                    <h4 id=\"CHARA_506_014\" class=\"sec_h4charatxt\">Lachesis<\/h4>\r\n                    <p id=\"CHARA_506_015\" class=\"sec_charatxt\">Dama da casa Nordion. Adora seu irm\u00e3o mais velho, Eldigan, e acredita que nenhum outro homem chega aos p\u00e9s dele. M\u00e3e de Nanna.<\/p>\r\n                    <h4 id=\"CHARA_506_016\" class=\"sec_h4charatxt\">Leif<\/h4>\r\n                    <p id=\"CHARA_506_017\" class=\"sec_charatxt\">Filho de Quan e pr\u00edncipe de Leonster. Ele estava escondido em Fiana, mas ressurgiu ap\u00f3s um ataque das for\u00e7as imperiais.  Amigo de inf\u00e2ncia de Nanna.<\/p>\r\n                    <h4 id=\"CHARA_506_018\" class=\"sec_h4charatxt\">Ares<\/h4>\r\n                    <p id=\"CHARA_506_019\" class=\"sec_charatxt\">Filho de Eldigan e herdeiro de Mystletainn. Ap\u00f3s a morte de seus pais, ele se uniu a um capit\u00e3o mercen\u00e1rio chamado Javarro. Primo de Nanna.<\/p>\r\n                <\/section>\r\n            <\/article>\r\n        <\/main>","protected":false},"excerpt":{"rendered":"Hero\u00edna especial Filha de Mystletainn Nanna Aparece em Fire Emblem: Thracia 776 Sharena apresenta: Filha de Mystletainn Nanna Aqui est\u00e1 Nanna, que vai participar do festival do Dia dos Doze com uma roupa absolutamente incr\u00edvel! Al\u00e9m de ser a princesa de Nordion, \u00e9 tamb\u00e9m uma descendente de Ho\u00f0r, um dos 12 cruzados! Ho\u00f0r era conhecido [&hellip;]","protected":false},"author":1,"featured_media":28610,"comment_status":"closed","ping_status":"closed","sticky":false,"template":"","format":"standard","meta":{"advanced_seo_description":"","jetpack_seo_html_title":"","jetpack_seo_noindex":false,"_jetpack_newsletter_access":"","_jetpack_dont_email_post_to_subs":false,"_jetpack_newsletter_tier_id":0,"_jetpack_memberships_contains_paywalled_content":false,"_locale":"pt_BR","_original_post":"https:\/\/guide.fire-emblem-heroes.com\/?p=28466","_jetpack_memberships_contains_paid_content":false,"footnotes":"","jetpack_publicize_message":"","jetpack_publicize_feature_enabled":true,"jetpack_social_post_already_shared":true,"jetpack_social_options":{"image_generator_settings":{"template":"highway","default_image_id":0,"font":"","enabled":false},"version":2},"_wpas_customize_per_network":false,"jetpack_post_was_ever_published":false},"categories":[1384,1438,1405,1390],"tags":[1460],"class_list":["post-28476","post","type-post","status-publish","format-standard","has-post-thumbnail","hentry","category-character","category-ex_works_thracia_776","category-special_heroes","category-stay_heroes","tag-heroina-especial","pt-BR"],"jetpack_publicize_connections":[],"jetpack_featured_media_url":"https:\/\/guide.fire-emblem-heroes.com\/wp-content\/uploads\/nanna_mystletainn_scion.png","jetpack_sharing_enabled":false,"jetpack_shortlink":"https:\/\/wp.me\/pa0Mj3-7pi","jetpack_likes_enabled":false,"amp_enabled":false,"_links":{"self":[{"href":"https:\/\/guide.fire-emblem-heroes.com\/wp-json\/wp\/v2\/posts\/28476","targetHints":{"allow":["GET"]}}],"collection":[{"href":"https:\/\/guide.fire-emblem-heroes.com\/wp-json\/wp\/v2\/posts"}],"about":[{"href":"https:\/\/guide.fire-emblem-heroes.com\/wp-json\/wp\/v2\/types\/post"}],"author":[{"embeddable":true,"href":"https:\/\/guide.fire-emblem-heroes.com\/wp-json\/wp\/v2\/users\/1"}],"replies":[{"embeddable":true,"href":"https:\/\/guide.fire-emblem-heroes.com\/wp-json\/wp\/v2\/comments?post=28476"}],"version-history":[{"count":1,"href":"https:\/\/guide.fire-emblem-heroes.com\/wp-json\/wp\/v2\/posts\/28476\/revisions"}],"predecessor-version":[{"id":28486,"href":"https:\/\/guide.fire-emblem-heroes.com\/wp-json\/wp\/v2\/posts\/28476\/revisions\/28486"}],"wp:featuredmedia":[{"embeddable":true,"href":"https:\/\/guide.fire-emblem-heroes.com\/wp-json\/wp\/v2\/media\/28610"}],"wp:attachment":[{"href":"https:\/\/guide.fire-emblem-heroes.com\/wp-json\/wp\/v2\/media?parent=28476"}],"wp:term":[{"taxonomy":"category","embeddable":true,"href":"https:\/\/guide.fire-emblem-heroes.com\/wp-json\/wp\/v2\/categories?post=28476"},{"taxonomy":"post_tag","embeddable":true,"href":"https:\/\/guide.fire-emblem-heroes.com\/wp-json\/wp\/v2\/tags?post=28476"}],"curies":[{"name":"wp","href":"https:\/\/api.w.org\/{rel}","templated":true}]}}