






{"id":29970,"date":"2021-11-15T13:22:15","date_gmt":"2021-11-15T04:22:15","guid":{"rendered":"https:\/\/guide.fire-emblem-heroes.com\/?p=29970"},"modified":"2021-11-26T17:02:37","modified_gmt":"2021-11-26T08:02:37","slug":"08003002000735-2","status":"publish","type":"post","link":"https:\/\/guide.fire-emblem-heroes.com\/pt-BR\/08003002000735-2\/","title":{"rendered":"<span class=\"character_nick\">Cavaleiro tem\u00edvel<\/span><span class=\"character_name\">Bertram<\/span>"},"content":{"rendered":"<main id=\"CHARA_546\" class=\"main_page character\">\r\n            <article>\r\n                <section class=\"sec sec_character\">\r\n                    <ul class=\"sec_ul sec_ul--character slick-box\">\r\n                        <li class=\"sec_li sec_li--character\">\r\n                            <img decoding=\"async\" src=\"https:\/\/guide.fire-emblem-heroes.com\/wp-content\/uploads\/beufores_dark_deadlord_slide01.png\" alt=\"\" \/>\r\n                        <\/li>\r\n                        <li class=\"sec_li sec_li--character\">\r\n                            <img decoding=\"async\" src=\"https:\/\/guide.fire-emblem-heroes.com\/wp-content\/uploads\/beufores_dark_deadlord_slide02.png\" alt=\"\" \/>\r\n                        <\/li>\r\n                        <li class=\"sec_li sec_li--character\">\r\n                            <img decoding=\"async\" src=\"https:\/\/guide.fire-emblem-heroes.com\/wp-content\/uploads\/beufores_dark_deadlord_slide03.png\" alt=\"\" \/>\r\n                        <\/li>\r\n                        <li class=\"sec_li sec_li--character\">\r\n                            <img decoding=\"async\" src=\"https:\/\/guide.fire-emblem-heroes.com\/wp-content\/uploads\/beufores_dark_deadlord_slide04.png\" alt=\"\" \/>\r\n                        <\/li>\r\n                    <\/ul>\r\n                    <div class=\"sec_charainfoarea flex\">\r\n                        <div class=\"sec_gif\"><img loading=\"lazy\" decoding=\"async\" src=\"https:\/\/guide.fire-emblem-heroes.com\/wp-content\/uploads\/beufores_dark_deadlord.png\" alt=\"\" width=\"210\" height=\"190\"\/><\/div>\r\n                        <div class=\"sec_charainfo\">\r\n                            <p id=\"CHARA_546_002\" class=\"sec_characate sec_characate--heroes\">Her\u00f3i<\/p>\r\n                            <p id=\"CHARA_546_003\" class=\"sec_charanick\">Cavaleiro tem\u00edvel<\/p>\r\n                            <p id=\"CHARA_546_004\" class=\"sec_charaname\">Bertram<\/p>\r\n                            <p id=\"CHARA_546_005\" class=\"sec_charaappearancetxt\">Aparece em<\/p>\r\n                            <p id=\"CHARA_546_006\" class=\"sec_charaappearancetxt\">Fire Emblem: Path of Radiance<\/p>\r\n                        <\/div>\r\n                    <\/div>\r\n                <\/section>\r\n            <\/article>\r\n            <article>\r\n                <section class=\"sec sec_characterarea\">\r\n                    <div class=\"sec_h2chara\">\r\n                        <p id=\"CHARA_546_007\" class=\"sec_h2charattl\">Sharena apresenta:<\/p>\r\n                        <h2 id=\"CHARA_546_008\" class=\"sec_h2charatxt\">Cavaleiro tem\u00edvel Bertram<\/h2>\r\n                    <\/div>\r\n                    <dl class=\"sec_dl flex\">\r\n                        <dt id=\"CHARA_546_009\" class=\"sec_dt\">Hoje, vou apresentar voc\u00eas a Bertram! Ele \u00e9 membro dos Quatro Ginetes, um grupo formado pelos generais mais fortes do ex\u00e9rcito de Daein!<\/dt>\r\n                        <dd class=\"sec_dd\">\r\n                            <a href=\"https:\/\/guide.fire-emblem-heroes.com\/wp-content\/uploads\/beufores_dark_deadlord_pop01.png\" class=\"popup-image\">\r\n                                <img decoding=\"async\" src=\"https:\/\/guide.fire-emblem-heroes.com\/wp-content\/uploads\/beufores_dark_deadlord_info01.png\" alt=\"\" \/>\r\n                            <\/a>\r\n                        <\/dd>\r\n                        <dt id=\"CHARA_546_010\" class=\"sec_dt\">Apesar de seu prest\u00edgio, Bertram \u00e9 um homem misterioso e ningu\u00e9m sabe de sua apar\u00eancia por baixo da m\u00e1scara. Ouvi boatos assustadores de que ele \u00e9, na verdade, uma armadura controlada por um fantasma em busca de vingan\u00e7a, ou que ele \u00e9 um monstro de outro mundo!<\/dt>\r\n                        <dd class=\"sec_dd\">\r\n                            <a href=\"https:\/\/guide.fire-emblem-heroes.com\/wp-content\/uploads\/beufores_dark_deadlord_pop02.png\" class=\"popup-image\">\r\n                                <img decoding=\"async\" src=\"https:\/\/guide.fire-emblem-heroes.com\/wp-content\/uploads\/beufores_dark_deadlord_info02.png\" alt=\"\" \/>\r\n                            <\/a>\r\n                        <\/dd>\r\n                        <dt id=\"CHARA_546_011\" class=\"sec_dt\">Uma coisa \u00e9 certa: quando ele aparece no campo de batalha, \u00e9 pra valer! Ele continua atacando sem parar at\u00e9 que todos os inimigos estejam vencidos. Quase pode-se dizer que ele \u00e9 um animal selvagem&#8230;<\/dt>\r\n                        <dd class=\"sec_dd\">\r\n                            <a href=\"https:\/\/guide.fire-emblem-heroes.com\/wp-content\/uploads\/beufores_dark_deadlord_pop03.png\" class=\"popup-image\">\r\n                                <img decoding=\"async\" src=\"https:\/\/guide.fire-emblem-heroes.com\/wp-content\/uploads\/beufores_dark_deadlord_info03.png\" alt=\"\" \/>\r\n                            <\/a>\r\n                        <\/dd>\r\n                        <dt id=\"CHARA_546_012\" class=\"sec_dt\">Bertram n\u00e3o demonstra um pingo de emo\u00e7\u00e3o, mas parece que houve uma \u00e9poca em que ele reagiu de um jeito muito estranho com a princesa Elincia. Fico me perguntando que tipo de conex\u00e3o eles t\u00eam. Se algu\u00e9m souber de algum detalhe cabeludo, j\u00e1 sabe a quem contar!<\/dt>\r\n                        <dd class=\"sec_dd\">\r\n                            <a href=\"https:\/\/guide.fire-emblem-heroes.com\/wp-content\/uploads\/beufores_dark_deadlord_pop04.png\" class=\"popup-image\">\r\n                                <img decoding=\"async\" src=\"https:\/\/guide.fire-emblem-heroes.com\/wp-content\/uploads\/beufores_dark_deadlord_info04.png\" alt=\"\" \/>\r\n                            <\/a>\r\n                        <\/dd>\r\n                    <\/dl>\r\n                    <h3 id=\"CHARA_546_013\" class=\"sec_h3charatxt\">Personagens relacionados<\/h3>\r\n                    <h4 id=\"CHARA_546_014\" class=\"sec_h4charatxt\">Cavaleiro Negro<\/h4>\r\n                    <p id=\"CHARA_546_015\" class=\"sec_charatxt\">Assim como Bertram, ele \u00e9 um dos Quatro Ginetes de Daein. Um cavaleiro enigm\u00e1tico vestindo uma armadura totalmente preta.<\/p>\r\n                    <h4 id=\"CHARA_546_016\" class=\"sec_h4charatxt\">Petrine<\/h4>\r\n                    <p id=\"CHARA_546_017\" class=\"sec_charatxt\">Assim como Bertram, ela \u00e9 uma dos Quatro Ginetes de Daein. Empunha a Lan\u00e7a de fogo e trata todos ao seu redor com arrog\u00e2ncia e desprezo.<\/p>\r\n                    <h4 id=\"CHARA_546_018\" class=\"sec_h4charatxt\">Elincia<\/h4>\r\n                    <p id=\"CHARA_546_019\" class=\"sec_charatxt\">Princesa de Crimea, cuja exist\u00eancia foi ocultada. Preocupa-se com seu reino e seu povo. Um encontro com ela no campo de batalha provocou uma estranha rea\u00e7\u00e3o do normalmente impass\u00edvel Bertram.<\/p>\r\n                <\/section>\r\n            <\/article>\r\n        <\/main>","protected":false},"excerpt":{"rendered":"Her\u00f3i Cavaleiro tem\u00edvel Bertram Aparece em Fire Emblem: Path of Radiance Sharena apresenta: Cavaleiro tem\u00edvel Bertram Hoje, vou apresentar voc\u00eas a Bertram! Ele \u00e9 membro dos Quatro Ginetes, um grupo formado pelos generais mais fortes do ex\u00e9rcito de Daein! Apesar de seu prest\u00edgio, Bertram \u00e9 um homem misterioso e ningu\u00e9m sabe de sua apar\u00eancia por [&hellip;]","protected":false},"author":1,"featured_media":30015,"comment_status":"closed","ping_status":"closed","sticky":false,"template":"","format":"standard","meta":{"advanced_seo_description":"","jetpack_seo_html_title":"","jetpack_seo_noindex":false,"jetpack_post_was_ever_published":false,"_jetpack_newsletter_access":"","_jetpack_dont_email_post_to_subs":false,"_jetpack_newsletter_tier_id":0,"_jetpack_memberships_contains_paywalled_content":false,"_locale":"pt_BR","_original_post":"https:\/\/guide.fire-emblem-heroes.com\/?p=29960","_jetpack_memberships_contains_paid_content":false,"footnotes":"","jetpack_publicize_message":"","jetpack_publicize_feature_enabled":true,"jetpack_social_post_already_shared":true,"jetpack_social_options":{"image_generator_settings":{"template":"highway","default_image_id":0,"font":"","enabled":false},"version":2},"_wpas_customize_per_network":false},"categories":[1384,1415,1429,1390],"tags":[1463],"class_list":["post-29970","post","type-post","status-publish","format-standard","has-post-thumbnail","hentry","category-character","category-heroes","category-ex_works_path_of_radiance","category-stay_heroes","tag-heroi","pt-BR"],"jetpack_publicize_connections":[],"jetpack_featured_media_url":"https:\/\/guide.fire-emblem-heroes.com\/wp-content\/uploads\/beufores_dark_deadlord.png","jetpack_sharing_enabled":false,"jetpack_shortlink":"https:\/\/wp.me\/pa0Mj3-7No","jetpack_likes_enabled":false,"amp_enabled":false,"_links":{"self":[{"href":"https:\/\/guide.fire-emblem-heroes.com\/wp-json\/wp\/v2\/posts\/29970","targetHints":{"allow":["GET"]}}],"collection":[{"href":"https:\/\/guide.fire-emblem-heroes.com\/wp-json\/wp\/v2\/posts"}],"about":[{"href":"https:\/\/guide.fire-emblem-heroes.com\/wp-json\/wp\/v2\/types\/post"}],"author":[{"embeddable":true,"href":"https:\/\/guide.fire-emblem-heroes.com\/wp-json\/wp\/v2\/users\/1"}],"replies":[{"embeddable":true,"href":"https:\/\/guide.fire-emblem-heroes.com\/wp-json\/wp\/v2\/comments?post=29970"}],"version-history":[{"count":1,"href":"https:\/\/guide.fire-emblem-heroes.com\/wp-json\/wp\/v2\/posts\/29970\/revisions"}],"predecessor-version":[{"id":29979,"href":"https:\/\/guide.fire-emblem-heroes.com\/wp-json\/wp\/v2\/posts\/29970\/revisions\/29979"}],"wp:featuredmedia":[{"embeddable":true,"href":"https:\/\/guide.fire-emblem-heroes.com\/wp-json\/wp\/v2\/media\/30015"}],"wp:attachment":[{"href":"https:\/\/guide.fire-emblem-heroes.com\/wp-json\/wp\/v2\/media?parent=29970"}],"wp:term":[{"taxonomy":"category","embeddable":true,"href":"https:\/\/guide.fire-emblem-heroes.com\/wp-json\/wp\/v2\/categories?post=29970"},{"taxonomy":"post_tag","embeddable":true,"href":"https:\/\/guide.fire-emblem-heroes.com\/wp-json\/wp\/v2\/tags?post=29970"}],"curies":[{"name":"wp","href":"https:\/\/api.w.org\/{rel}","templated":true}]}}