






{"id":30598,"date":"2021-12-14T10:44:32","date_gmt":"2021-12-14T01:44:32","guid":{"rendered":"https:\/\/guide.fire-emblem-heroes.com\/?p=30598"},"modified":"2022-01-14T17:05:31","modified_gmt":"2022-01-14T08:05:31","slug":"07001022000746-2","status":"publish","type":"post","link":"https:\/\/guide.fire-emblem-heroes.com\/pt-BR\/07001022000746-2\/","title":{"rendered":"<span class=\"character_nick\">Santo prateado<\/span><span class=\"character_name\">Artur<\/span>"},"content":{"rendered":"<main id=\"CHARA_559\" class=\"main_page character\">\r\n            <article>\r\n                <section class=\"sec sec_character\">\r\n                    <ul class=\"sec_ul sec_ul--character slick-box\">\r\n                        <li class=\"sec_li sec_li--character\">\r\n                            <img decoding=\"async\" src=\"https:\/\/guide.fire-emblem-heroes.com\/wp-content\/uploads\/asley_silver_saint_slide01.png\" alt=\"\" \/>\r\n                        <\/li>\r\n                        <li class=\"sec_li sec_li--character\">\r\n                            <img decoding=\"async\" src=\"https:\/\/guide.fire-emblem-heroes.com\/wp-content\/uploads\/asley_silver_saint_slide02.png\" alt=\"\" \/>\r\n                        <\/li>\r\n                        <li class=\"sec_li sec_li--character\">\r\n                            <img decoding=\"async\" src=\"https:\/\/guide.fire-emblem-heroes.com\/wp-content\/uploads\/asley_silver_saint_slide03.png\" alt=\"\" \/>\r\n                        <\/li>\r\n                        <li class=\"sec_li sec_li--character\">\r\n                            <img decoding=\"async\" src=\"https:\/\/guide.fire-emblem-heroes.com\/wp-content\/uploads\/asley_silver_saint_slide04.png\" alt=\"\" \/>\r\n                        <\/li>\r\n                    <\/ul>\r\n                    <div class=\"sec_charainfoarea flex\">\r\n                        <div class=\"sec_gif\"><img loading=\"lazy\" decoding=\"async\" src=\"https:\/\/guide.fire-emblem-heroes.com\/wp-content\/uploads\/asley_silver_saint.png\" alt=\"\" width=\"210\" height=\"190\"\/><\/div>\r\n                        <div class=\"sec_charainfo\">\r\n                            <p id=\"CHARA_559_002\" class=\"sec_characate sec_characate--special_heroes\">Her\u00f3i especial<\/p>\r\n                            <p id=\"CHARA_559_003\" class=\"sec_charanick\">Santo prateado<\/p>\r\n                            <p id=\"CHARA_559_004\" class=\"sec_charaname\">Artur<\/p>\r\n                            <p id=\"CHARA_559_005\" class=\"sec_charaappearancetxt\">Aparece em<\/p>\r\n                            <p id=\"CHARA_559_006\" class=\"sec_charaappearancetxt\">Fire Emblem: The Sacred Stones<\/p>\r\n                        <\/div>\r\n                    <\/div>\r\n                <\/section>\r\n            <\/article>\r\n            <article>\r\n                <section class=\"sec sec_characterarea\">\r\n                    <div class=\"sec_h2chara\">\r\n                        <p id=\"CHARA_559_007\" class=\"sec_h2charattl\">Sharena apresenta:<\/p>\r\n                        <h2 id=\"CHARA_559_008\" class=\"sec_h2charatxt\">Santo prateado Artur<\/h2>\r\n                    <\/div>\r\n                    <dl class=\"sec_dl flex\">\r\n                        <dt id=\"CHARA_559_009\" class=\"sec_dt\">Artur est\u00e1 vindo para o festival de inverno! Ele \u00e9 um monge de Renais com uma miss\u00e3o de afastar monstros da terra, mas hoje ele vai tirar um tempinho para aben\u00e7oar as festividades!<\/dt>\r\n                        <dd class=\"sec_dd\">\r\n                            <a href=\"https:\/\/guide.fire-emblem-heroes.com\/wp-content\/uploads\/asley_silver_saint_pop01.png\" class=\"popup-image\">\r\n                                <img decoding=\"async\" src=\"https:\/\/guide.fire-emblem-heroes.com\/wp-content\/uploads\/asley_silver_saint_info01.png\" alt=\"\" \/>\r\n                            <\/a>\r\n                        <\/dd>\r\n                        <dt id=\"CHARA_559_010\" class=\"sec_dt\">E ele est\u00e1 fazendo isso em grande estilo, com a espl\u00eandida t\u00fanica vermelha que ele est\u00e1 usando. O interior em tons frios da sua capa combina com a cor de seu cachecol, o que faz seu traje se destacar ainda mais. Mas n\u00e3o o suficiente para tirar a aten\u00e7\u00e3o daquele saco de presentes!<\/dt>\r\n                        <dd class=\"sec_dd\">\r\n                            <a href=\"https:\/\/guide.fire-emblem-heroes.com\/wp-content\/uploads\/asley_silver_saint_pop02.png\" class=\"popup-image\">\r\n                                <img decoding=\"async\" src=\"https:\/\/guide.fire-emblem-heroes.com\/wp-content\/uploads\/asley_silver_saint_info02.png\" alt=\"\" \/>\r\n                            <\/a>\r\n                        <\/dd>\r\n                        <dt id=\"CHARA_559_011\" class=\"sec_dt\">Mas vamos deixar isso de lado por enquanto e prestar aten\u00e7\u00e3o na pequena figura dentro do globo de neve que ele est\u00e1 carregando. Parece familiar? Isso mesmo, \u00e9 Genarog, o wyvern de Cormag!<\/dt>\r\n                        <dd class=\"sec_dd\">\r\n                            <a href=\"https:\/\/guide.fire-emblem-heroes.com\/wp-content\/uploads\/asley_silver_saint_pop03.png\" class=\"popup-image\">\r\n                                <img decoding=\"async\" src=\"https:\/\/guide.fire-emblem-heroes.com\/wp-content\/uploads\/asley_silver_saint_info03.png\" alt=\"\" \/>\r\n                            <\/a>\r\n                        <\/dd>\r\n                        <dt id=\"CHARA_559_012\" class=\"sec_dt\">Parece que uma velha amiga de Artur, Lute, tamb\u00e9m vai participar do festival. Espero que eles consigam colocar a conversa em dia em meio \u00e0 divers\u00e3o na neve no festival de inverno de Askr!<\/dt>\r\n                        <dd class=\"sec_dd\">\r\n                            <a href=\"https:\/\/guide.fire-emblem-heroes.com\/wp-content\/uploads\/asley_silver_saint_pop04.png\" class=\"popup-image\">\r\n                                <img decoding=\"async\" src=\"https:\/\/guide.fire-emblem-heroes.com\/wp-content\/uploads\/asley_silver_saint_info04.png\" alt=\"\" \/>\r\n                            <\/a>\r\n                        <\/dd>\r\n                    <\/dl>\r\n                    <h3 id=\"CHARA_559_013\" class=\"sec_h3charatxt\">Personagens relacionados<\/h3>\r\n                    <h4 id=\"CHARA_559_014\" class=\"sec_h4charatxt\">Lute<\/h4>\r\n                    <p id=\"CHARA_559_015\" class=\"sec_charatxt\">Jovem maga de Renais com temperamento incomum, ela confia cegamente nas pr\u00f3prias habilidades. \u00c9 amiga de Artur desde a inf\u00e2ncia.<\/p>\r\n                    <h4 id=\"CHARA_559_016\" class=\"sec_h4charatxt\">Cormag<\/h4>\r\n                    <p id=\"CHARA_559_017\" class=\"sec_charatxt\">Cavaleiro wyvern de Grado e irm\u00e3o mais novo de Glen, conhecido como a pedra do sol. Apesar de ter abandonado o seu ex\u00e9rcito, ele luta com amor e orgulho pela sua terra natal. Seu wyvern ficou amigo de Artur.<\/p>\r\n                <\/section>\r\n            <\/article>\r\n        <\/main>","protected":false},"excerpt":{"rendered":"Her\u00f3i especial Santo prateado Artur Aparece em Fire Emblem: The Sacred Stones Sharena apresenta: Santo prateado Artur Artur est\u00e1 vindo para o festival de inverno! Ele \u00e9 um monge de Renais com uma miss\u00e3o de afastar monstros da terra, mas hoje ele vai tirar um tempinho para aben\u00e7oar as festividades! E ele est\u00e1 fazendo isso [&hellip;]","protected":false},"author":1,"featured_media":30677,"comment_status":"closed","ping_status":"closed","sticky":false,"template":"","format":"standard","meta":{"advanced_seo_description":"","jetpack_seo_html_title":"","jetpack_seo_noindex":false,"_jetpack_newsletter_access":"","_jetpack_dont_email_post_to_subs":false,"_jetpack_newsletter_tier_id":0,"_jetpack_memberships_contains_paywalled_content":false,"_locale":"pt_BR","_original_post":"https:\/\/guide.fire-emblem-heroes.com\/?p=30588","_jetpack_memberships_contains_paid_content":false,"footnotes":"","jetpack_publicize_message":"","jetpack_publicize_feature_enabled":true,"jetpack_social_post_already_shared":true,"jetpack_social_options":{"image_generator_settings":{"template":"highway","default_image_id":0,"font":"","enabled":false},"version":2},"_wpas_customize_per_network":false,"jetpack_post_was_ever_published":false},"categories":[1384,1428,1405,1390],"tags":[1459],"class_list":["post-30598","post","type-post","status-publish","format-standard","has-post-thumbnail","hentry","category-character","category-ex_works_the_sacred_stones","category-special_heroes","category-stay_heroes","tag-heroi-especial","pt-BR"],"jetpack_publicize_connections":[],"jetpack_featured_media_url":"https:\/\/guide.fire-emblem-heroes.com\/wp-content\/uploads\/asley_silver_saint.png","jetpack_sharing_enabled":false,"jetpack_shortlink":"https:\/\/wp.me\/pa0Mj3-7Xw","jetpack_likes_enabled":false,"amp_enabled":false,"_links":{"self":[{"href":"https:\/\/guide.fire-emblem-heroes.com\/wp-json\/wp\/v2\/posts\/30598","targetHints":{"allow":["GET"]}}],"collection":[{"href":"https:\/\/guide.fire-emblem-heroes.com\/wp-json\/wp\/v2\/posts"}],"about":[{"href":"https:\/\/guide.fire-emblem-heroes.com\/wp-json\/wp\/v2\/types\/post"}],"author":[{"embeddable":true,"href":"https:\/\/guide.fire-emblem-heroes.com\/wp-json\/wp\/v2\/users\/1"}],"replies":[{"embeddable":true,"href":"https:\/\/guide.fire-emblem-heroes.com\/wp-json\/wp\/v2\/comments?post=30598"}],"version-history":[{"count":1,"href":"https:\/\/guide.fire-emblem-heroes.com\/wp-json\/wp\/v2\/posts\/30598\/revisions"}],"predecessor-version":[{"id":30607,"href":"https:\/\/guide.fire-emblem-heroes.com\/wp-json\/wp\/v2\/posts\/30598\/revisions\/30607"}],"wp:featuredmedia":[{"embeddable":true,"href":"https:\/\/guide.fire-emblem-heroes.com\/wp-json\/wp\/v2\/media\/30677"}],"wp:attachment":[{"href":"https:\/\/guide.fire-emblem-heroes.com\/wp-json\/wp\/v2\/media?parent=30598"}],"wp:term":[{"taxonomy":"category","embeddable":true,"href":"https:\/\/guide.fire-emblem-heroes.com\/wp-json\/wp\/v2\/categories?post=30598"},{"taxonomy":"post_tag","embeddable":true,"href":"https:\/\/guide.fire-emblem-heroes.com\/wp-json\/wp\/v2\/tags?post=30598"}],"curies":[{"name":"wp","href":"https:\/\/api.w.org\/{rel}","templated":true}]}}