






{"id":35181,"date":"2022-07-05T12:58:54","date_gmt":"2022-07-05T03:58:54","guid":{"rendered":"https:\/\/guide.fire-emblem-heroes.com\/?p=35181"},"modified":"2022-07-15T16:04:33","modified_gmt":"2022-07-15T07:04:33","slug":"07001003000826-2","status":"publish","type":"post","link":"https:\/\/guide.fire-emblem-heroes.com\/pt-BR\/07001003000826-2\/","title":{"rendered":"<span class=\"character_nick\">Cavaleiro costeiro<\/span><span class=\"character_name\">Seth<\/span>"},"content":{"rendered":"<main id=\"CHARA_669\" class=\"main_page character\">\r\n            <article>\r\n                <section class=\"sec sec_character\">\r\n                    <ul class=\"sec_ul sec_ul--character slick-box\">\r\n                        <li class=\"sec_li sec_li--character\">\r\n                            <img decoding=\"async\" src=\"https:\/\/guide.fire-emblem-heroes.com\/wp-content\/uploads\/seth_seaside_retainer_slide01.png\" alt=\"\" \/>\r\n                        <\/li>\r\n                        <li class=\"sec_li sec_li--character\">\r\n                            <img decoding=\"async\" src=\"https:\/\/guide.fire-emblem-heroes.com\/wp-content\/uploads\/seth_seaside_retainer_slide02.png\" alt=\"\" \/>\r\n                        <\/li>\r\n                        <li class=\"sec_li sec_li--character\">\r\n                            <img decoding=\"async\" src=\"https:\/\/guide.fire-emblem-heroes.com\/wp-content\/uploads\/seth_seaside_retainer_slide03.png\" alt=\"\" \/>\r\n                        <\/li>\r\n                        <li class=\"sec_li sec_li--character\">\r\n                            <img decoding=\"async\" src=\"https:\/\/guide.fire-emblem-heroes.com\/wp-content\/uploads\/seth_seaside_retainer_slide04.png\" alt=\"\" \/>\r\n                        <\/li>\r\n                    <\/ul>\r\n                    <div class=\"sec_charainfoarea flex\">\r\n                        <div class=\"sec_gif\"><img loading=\"lazy\" decoding=\"async\" src=\"https:\/\/guide.fire-emblem-heroes.com\/wp-content\/uploads\/seth_seaside_retainer.png\" alt=\"\" width=\"210\" height=\"190\"\/><\/div>\r\n                        <div class=\"sec_charainfo\">\r\n                            <p id=\"CHARA_669_002\" class=\"sec_characate sec_characate--special_heroes\">Her\u00f3i especial<\/p>\r\n                            <p id=\"CHARA_669_003\" class=\"sec_charanick\">Cavaleiro costeiro<\/p>\r\n                            <p id=\"CHARA_669_004\" class=\"sec_charaname\">Seth<\/p>\r\n                            <p id=\"CHARA_669_005\" class=\"sec_charaappearancetxt\">Aparece em<\/p>\r\n                            <p id=\"CHARA_669_006\" class=\"sec_charaappearancetxt\">Fire Emblem: The Sacred Stones<\/p>\r\n                        <\/div>\r\n                    <\/div>\r\n                <\/section>\r\n            <\/article>\r\n            <article>\r\n                <section class=\"sec sec_characterarea\">\r\n                    <div class=\"sec_h2chara\">\r\n                        <p id=\"CHARA_669_007\" class=\"sec_h2charattl\">Sharena apresenta:<\/p>\r\n                        <h2 id=\"CHARA_669_008\" class=\"sec_h2charatxt\">Cavaleiro costeiro Seth<\/h2>\r\n                    <\/div>\r\n                    <dl class=\"sec_dl flex\">\r\n                        <dt id=\"CHARA_669_009\" class=\"sec_dt\">Seth \u00e9 um general de Renais que alguns chamam de Cavaleiro de prata. Desta vez, ele aparece com uma roupa de banho para ir \u00e0 praia, acompanhando a princesa Eirika nas suas f\u00e9rias de ver\u00e3o!<\/dt>\r\n                        <dd class=\"sec_dd\">\r\n                            <a href=\"https:\/\/guide.fire-emblem-heroes.com\/wp-content\/uploads\/seth_seaside_retainer_pop01.png\" class=\"popup-image\">\r\n                                <img decoding=\"async\" src=\"https:\/\/guide.fire-emblem-heroes.com\/wp-content\/uploads\/seth_seaside_retainer_info01.png\" alt=\"\" \/>\r\n                            <\/a>\r\n                        <\/dd>\r\n                        <dt id=\"CHARA_669_010\" class=\"sec_dt\">Mesmo vestido assim, ele est\u00e1 t\u00e3o elegante quanto com sua armadura de cavalaria! A prop\u00f3sito, eu soube que aquele colar de flores no pesco\u00e7o dele foi um presente da Eirika!<\/dt>\r\n                        <dd class=\"sec_dd\">\r\n                            <a href=\"https:\/\/guide.fire-emblem-heroes.com\/wp-content\/uploads\/seth_seaside_retainer_pop02.png\" class=\"popup-image\">\r\n                                <img decoding=\"async\" src=\"https:\/\/guide.fire-emblem-heroes.com\/wp-content\/uploads\/seth_seaside_retainer_info02.png\" alt=\"\" \/>\r\n                            <\/a>\r\n                        <\/dd>\r\n                        <dt id=\"CHARA_669_011\" class=\"sec_dt\">O machado que ele est\u00e1 carregando tem forma de cavalo marinho e sua l\u00e2mina, de onda. O machado \u00e9 at\u00e9 feito de vidro para ter um visual transparente!<\/dt>\r\n                        <dd class=\"sec_dd\">\r\n                            <a href=\"https:\/\/guide.fire-emblem-heroes.com\/wp-content\/uploads\/seth_seaside_retainer_pop03.png\" class=\"popup-image\">\r\n                                <img decoding=\"async\" src=\"https:\/\/guide.fire-emblem-heroes.com\/wp-content\/uploads\/seth_seaside_retainer_info03.png\" alt=\"\" \/>\r\n                            <\/a>\r\n                        <\/dd>\r\n                        <dt id=\"CHARA_669_012\" class=\"sec_dt\">Mesmo estando de f\u00e9rias, Seth ainda mant\u00e9m sua armadura protegida \u00e0 sombra de uma \u00e1rvore, para garantir. Sei que seu trabalho \u00e9 importante, Seth, mas at\u00e9 mesmo voc\u00ea precisa descansar de vez em quando!<\/dt>\r\n                        <dd class=\"sec_dd\">\r\n                            <a href=\"https:\/\/guide.fire-emblem-heroes.com\/wp-content\/uploads\/seth_seaside_retainer_pop04.png\" class=\"popup-image\">\r\n                                <img decoding=\"async\" src=\"https:\/\/guide.fire-emblem-heroes.com\/wp-content\/uploads\/seth_seaside_retainer_info04.png\" alt=\"\" \/>\r\n                            <\/a>\r\n                        <\/dd>\r\n                    <\/dl>\r\n                    <h3 id=\"CHARA_669_013\" class=\"sec_h3charatxt\">Personagens relacionados<\/h3>\r\n                    <h4 id=\"CHARA_669_014\" class=\"sec_h4charatxt\">Eirika<\/h4>\r\n                    <p id=\"CHARA_669_015\" class=\"sec_charatxt\">Princesa de Renais. Irm\u00e3 g\u00eamea de Ephraim, que se importa muito com ele. Sua bondade \u00e0s vezes a coloca em perigo. Como seu cavaleiro, Seth \u00e9 seu servo e protetor.<\/p>\r\n                    <h4 id=\"CHARA_669_016\" class=\"sec_h4charatxt\">Ephraim<\/h4>\r\n                    <p id=\"CHARA_669_017\" class=\"sec_charatxt\">Pr\u00edncipe de Renais. Irm\u00e3o g\u00eameo de Eirika. Ele se importa muito com sua irm\u00e3. \u00c0s vezes, se arrisca por ser confiante demais. Seth serve a ele como o cavaleiro da fam\u00edlia real.<\/p>\r\n                <\/section>\r\n            <\/article>\r\n        <\/main>","protected":false},"excerpt":{"rendered":"Her\u00f3i especial Cavaleiro costeiro Seth Aparece em Fire Emblem: The Sacred Stones Sharena apresenta: Cavaleiro costeiro Seth Seth \u00e9 um general de Renais que alguns chamam de Cavaleiro de prata. Desta vez, ele aparece com uma roupa de banho para ir \u00e0 praia, acompanhando a princesa Eirika nas suas f\u00e9rias de ver\u00e3o! Mesmo vestido assim, [&hellip;]","protected":false},"author":1,"featured_media":35260,"comment_status":"closed","ping_status":"closed","sticky":false,"template":"","format":"standard","meta":{"advanced_seo_description":"","jetpack_seo_html_title":"","jetpack_seo_noindex":false,"_jetpack_newsletter_access":"","_jetpack_dont_email_post_to_subs":false,"_jetpack_newsletter_tier_id":0,"_jetpack_memberships_contains_paywalled_content":false,"_locale":"pt_BR","_original_post":"https:\/\/guide.fire-emblem-heroes.com\/?p=35171","_jetpack_memberships_contains_paid_content":false,"footnotes":"","jetpack_publicize_message":"","jetpack_publicize_feature_enabled":true,"jetpack_social_post_already_shared":false,"jetpack_social_options":{"image_generator_settings":{"template":"highway","default_image_id":0,"font":"","enabled":false},"version":2},"_wpas_customize_per_network":false,"jetpack_post_was_ever_published":false},"categories":[1384,1428,1405,1390],"tags":[1459],"class_list":["post-35181","post","type-post","status-publish","format-standard","has-post-thumbnail","hentry","category-character","category-ex_works_the_sacred_stones","category-special_heroes","category-stay_heroes","tag-heroi-especial","pt-BR"],"jetpack_publicize_connections":[],"jetpack_featured_media_url":"https:\/\/guide.fire-emblem-heroes.com\/wp-content\/uploads\/seth_seaside_retainer.png","jetpack_sharing_enabled":false,"jetpack_shortlink":"https:\/\/wp.me\/pa0Mj3-99r","jetpack_likes_enabled":false,"amp_enabled":false,"_links":{"self":[{"href":"https:\/\/guide.fire-emblem-heroes.com\/wp-json\/wp\/v2\/posts\/35181","targetHints":{"allow":["GET"]}}],"collection":[{"href":"https:\/\/guide.fire-emblem-heroes.com\/wp-json\/wp\/v2\/posts"}],"about":[{"href":"https:\/\/guide.fire-emblem-heroes.com\/wp-json\/wp\/v2\/types\/post"}],"author":[{"embeddable":true,"href":"https:\/\/guide.fire-emblem-heroes.com\/wp-json\/wp\/v2\/users\/1"}],"replies":[{"embeddable":true,"href":"https:\/\/guide.fire-emblem-heroes.com\/wp-json\/wp\/v2\/comments?post=35181"}],"version-history":[{"count":1,"href":"https:\/\/guide.fire-emblem-heroes.com\/wp-json\/wp\/v2\/posts\/35181\/revisions"}],"predecessor-version":[{"id":35190,"href":"https:\/\/guide.fire-emblem-heroes.com\/wp-json\/wp\/v2\/posts\/35181\/revisions\/35190"}],"wp:featuredmedia":[{"embeddable":true,"href":"https:\/\/guide.fire-emblem-heroes.com\/wp-json\/wp\/v2\/media\/35260"}],"wp:attachment":[{"href":"https:\/\/guide.fire-emblem-heroes.com\/wp-json\/wp\/v2\/media?parent=35181"}],"wp:term":[{"taxonomy":"category","embeddable":true,"href":"https:\/\/guide.fire-emblem-heroes.com\/wp-json\/wp\/v2\/categories?post=35181"},{"taxonomy":"post_tag","embeddable":true,"href":"https:\/\/guide.fire-emblem-heroes.com\/wp-json\/wp\/v2\/tags?post=35181"}],"curies":[{"name":"wp","href":"https:\/\/api.w.org\/{rel}","templated":true}]}}