






{"id":35437,"date":"2022-07-15T13:31:37","date_gmt":"2022-07-15T04:31:37","guid":{"rendered":"https:\/\/guide.fire-emblem-heroes.com\/?p=35437"},"modified":"2022-07-28T17:35:17","modified_gmt":"2022-07-28T08:35:17","slug":"02009501000832-2","status":"publish","type":"post","link":"https:\/\/guide.fire-emblem-heroes.com\/pt-BR\/02009501000832-2\/","title":{"rendered":"<span class=\"character_nick\">Infrator infame<\/span><span class=\"character_name\">Chef\u00e3o<\/span>"},"content":{"rendered":"<main id=\"CHARA_675\" class=\"main_page character\">\r\n            <article>\r\n                <section class=\"sec sec_character\">\r\n                    <ul class=\"sec_ul sec_ul--character slick-box\">\r\n                        <li class=\"sec_li sec_li--character\">\r\n                            <img decoding=\"async\" src=\"https:\/\/guide.fire-emblem-heroes.com\/wp-content\/uploads\/thiefhead_known_criminal_slide01.png\" alt=\"\" \/>\r\n                        <\/li>\r\n                        <li class=\"sec_li sec_li--character\">\r\n                            <img decoding=\"async\" src=\"https:\/\/guide.fire-emblem-heroes.com\/wp-content\/uploads\/thiefhead_known_criminal_slide02.png\" alt=\"\" \/>\r\n                        <\/li>\r\n                        <li class=\"sec_li sec_li--character\">\r\n                            <img decoding=\"async\" src=\"https:\/\/guide.fire-emblem-heroes.com\/wp-content\/uploads\/thiefhead_known_criminal_slide03.png\" alt=\"\" \/>\r\n                        <\/li>\r\n                        <li class=\"sec_li sec_li--character\">\r\n                            <img decoding=\"async\" src=\"https:\/\/guide.fire-emblem-heroes.com\/wp-content\/uploads\/thiefhead_known_criminal_slide04.png\" alt=\"\" \/>\r\n                        <\/li>\r\n                    <\/ul>\r\n                    <div class=\"sec_charainfoarea flex\">\r\n                        <div class=\"sec_gif\"><img loading=\"lazy\" decoding=\"async\" src=\"https:\/\/guide.fire-emblem-heroes.com\/wp-content\/uploads\/thiefhead_known_criminal.png\" alt=\"\" width=\"210\" height=\"190\"\/><\/div>\r\n                        <div class=\"sec_charainfo\">\r\n                            <p id=\"CHARA_675_002\" class=\"sec_characate sec_characate--heroes\">Her\u00f3i<\/p>\r\n                            <p id=\"CHARA_675_003\" class=\"sec_charanick\">Infrator infame<\/p>\r\n                            <p id=\"CHARA_675_004\" class=\"sec_charaname\">Chef\u00e3o<\/p>\r\n                            <p id=\"CHARA_675_005\" class=\"sec_charaappearancetxt\">Aparece em<\/p>\r\n                            <p id=\"CHARA_675_006\" class=\"sec_charaappearancetxt\">Fire Emblem Echoes: Shadows of Valentia<\/p>\r\n                        <\/div>\r\n                    <\/div>\r\n                <\/section>\r\n            <\/article>\r\n            <article>\r\n                <section class=\"sec sec_characterarea\">\r\n                    <div class=\"sec_h2chara\">\r\n                        <p id=\"CHARA_675_007\" class=\"sec_h2charattl\">Sharena apresenta:<\/p>\r\n                        <h2 id=\"CHARA_675_008\" class=\"sec_h2charatxt\">Infrator infame Chef\u00e3o<\/h2>\r\n                    <\/div>\r\n                    <dl class=\"sec_dl flex\">\r\n                        <dt id=\"CHARA_675_009\" class=\"sec_dt\">Um her\u00f3i se uniu a n\u00f3s, e est\u00e1 na hora de apresent\u00e1-lo! Oi, sou Sharena! Qual \u00e9 o seu nome? Ah. &#8220;Meu nome n\u00e3o importa. Pode me chamar apenas de Chef\u00e3o&#8221;, ele diz, de mau humor.<\/dt>\r\n                        <dd class=\"sec_dd\">\r\n                            <a href=\"https:\/\/guide.fire-emblem-heroes.com\/wp-content\/uploads\/thiefhead_known_criminal_pop01.png\" class=\"popup-image\">\r\n                                <img decoding=\"async\" src=\"https:\/\/guide.fire-emblem-heroes.com\/wp-content\/uploads\/thiefhead_known_criminal_info01.png\" alt=\"\" \/>\r\n                            <\/a>\r\n                        <\/dd>\r\n                        <dt id=\"CHARA_675_010\" class=\"sec_dt\">Certo! O Chef\u00e3o j\u00e1 foi o l\u00edder de um pequeno grupo de guerreiros que atuavam perto do vilarejo de Ram, em Valentia. Pode ser que voc\u00ea j\u00e1 tenha ouvido falar desse lugar! Bem, eu soube que eles estavam sempre ocupados roubando de vilarejos pr\u00f3ximos e sequestrando uma sacerdotisa ou outra&#8230;<\/dt>\r\n                        <dd class=\"sec_dd\">\r\n                            <a href=\"https:\/\/guide.fire-emblem-heroes.com\/wp-content\/uploads\/thiefhead_known_criminal_pop02.png\" class=\"popup-image\">\r\n                                <img decoding=\"async\" src=\"https:\/\/guide.fire-emblem-heroes.com\/wp-content\/uploads\/thiefhead_known_criminal_info02.png\" alt=\"\" \/>\r\n                            <\/a>\r\n                        <\/dd>\r\n                        <dt id=\"CHARA_675_011\" class=\"sec_dt\">Bem, j\u00e1 fazia tempo que o Sr. Chef\u00e3o merecia seu castigo\u2026 E isso aconteceu na forma de sua derrota pelas m\u00e3os de Alm e seus aliados do vilarejo de Ram, que fizeram com que sua gangue sumisse completamente do mapa.<\/dt>\r\n                        <dd class=\"sec_dd\">\r\n                            <a href=\"https:\/\/guide.fire-emblem-heroes.com\/wp-content\/uploads\/thiefhead_known_criminal_pop03.png\" class=\"popup-image\">\r\n                                <img decoding=\"async\" src=\"https:\/\/guide.fire-emblem-heroes.com\/wp-content\/uploads\/thiefhead_known_criminal_info03.png\" alt=\"\" \/>\r\n                            <\/a>\r\n                        <\/dd>\r\n                        <dt id=\"CHARA_675_012\" class=\"sec_dt\">Depois, o Chef\u00e3o come\u00e7ou a sentir um pouco de arrependimento a respeito de suas atitudes\u2026 Assim espero. Sempre fico feliz quando a Ordem dos Her\u00f3is ganha um aliado, mas espero que ele se lembre que roubar e sequestrar s\u00e3o contra as leis daqui!<\/dt>\r\n                        <dd class=\"sec_dd\">\r\n                            <a href=\"https:\/\/guide.fire-emblem-heroes.com\/wp-content\/uploads\/thiefhead_known_criminal_pop04.png\" class=\"popup-image\">\r\n                                <img decoding=\"async\" src=\"https:\/\/guide.fire-emblem-heroes.com\/wp-content\/uploads\/thiefhead_known_criminal_info04.png\" alt=\"\" \/>\r\n                            <\/a>\r\n                        <\/dd>\r\n                    <\/dl>\r\n                    <h3 id=\"CHARA_675_013\" class=\"sec_h3charatxt\">Personagens relacionados<\/h3>\r\n                    <h4 id=\"CHARA_675_014\" class=\"sec_h4charatxt\">Silque<\/h4>\r\n                    <p id=\"CHARA_675_015\" class=\"sec_charatxt\">Uma sacerdotisa de Novis que procurou Alm para lhe dar um certo artefato, mas foi capturada pelo Chef\u00e3o. Possui uma personalidade agrad\u00e1vel, por\u00e9m s\u00e9ria.<\/p>\r\n                    <h4 id=\"CHARA_675_016\" class=\"sec_h4charatxt\">Alm<\/h4>\r\n                    <p id=\"CHARA_675_017\" class=\"sec_charatxt\">Um jovem guerreiro, corajoso e gentil, criado por Mycen no vilarejo de Ram. Possui &#8220;a marca&#8221; na sua m\u00e3o esquerda. Derrotou o Chef\u00e3o, colocando um fim \u00e0 sua vida de crime.<\/p>\r\n                <\/section>\r\n            <\/article>\r\n        <\/main>","protected":false},"excerpt":{"rendered":"Her\u00f3i Infrator infame Chef\u00e3o Aparece em Fire Emblem Echoes: Shadows of Valentia Sharena apresenta: Infrator infame Chef\u00e3o Um her\u00f3i se uniu a n\u00f3s, e est\u00e1 na hora de apresent\u00e1-lo! Oi, sou Sharena! Qual \u00e9 o seu nome? Ah. &#8220;Meu nome n\u00e3o importa. Pode me chamar apenas de Chef\u00e3o&#8221;, ele diz, de mau humor. Certo! O [&hellip;]","protected":false},"author":1,"featured_media":35586,"comment_status":"closed","ping_status":"closed","sticky":false,"template":"","format":"standard","meta":{"advanced_seo_description":"","jetpack_seo_html_title":"","jetpack_seo_noindex":false,"_jetpack_newsletter_access":"","_jetpack_dont_email_post_to_subs":false,"_jetpack_newsletter_tier_id":0,"_jetpack_memberships_contains_paywalled_content":false,"_locale":"pt_BR","_original_post":"https:\/\/guide.fire-emblem-heroes.com\/?p=35427","_jetpack_memberships_contains_paid_content":false,"footnotes":"","jetpack_publicize_message":"","jetpack_publicize_feature_enabled":true,"jetpack_social_post_already_shared":false,"jetpack_social_options":{"image_generator_settings":{"template":"highway","default_image_id":0,"font":"","enabled":false},"version":2},"_wpas_customize_per_network":false,"jetpack_post_was_ever_published":false},"categories":[1384,1425,1415,1390],"tags":[1463],"class_list":["post-35437","post","type-post","status-publish","format-standard","has-post-thumbnail","hentry","category-character","category-ex_works_shadows_of_valentia","category-heroes","category-stay_heroes","tag-heroi","pt-BR"],"jetpack_publicize_connections":[],"jetpack_featured_media_url":"https:\/\/guide.fire-emblem-heroes.com\/wp-content\/uploads\/thiefhead_known_criminal.png","jetpack_sharing_enabled":false,"jetpack_shortlink":"https:\/\/wp.me\/pa0Mj3-9dz","jetpack_likes_enabled":false,"amp_enabled":false,"_links":{"self":[{"href":"https:\/\/guide.fire-emblem-heroes.com\/wp-json\/wp\/v2\/posts\/35437","targetHints":{"allow":["GET"]}}],"collection":[{"href":"https:\/\/guide.fire-emblem-heroes.com\/wp-json\/wp\/v2\/posts"}],"about":[{"href":"https:\/\/guide.fire-emblem-heroes.com\/wp-json\/wp\/v2\/types\/post"}],"author":[{"embeddable":true,"href":"https:\/\/guide.fire-emblem-heroes.com\/wp-json\/wp\/v2\/users\/1"}],"replies":[{"embeddable":true,"href":"https:\/\/guide.fire-emblem-heroes.com\/wp-json\/wp\/v2\/comments?post=35437"}],"version-history":[{"count":1,"href":"https:\/\/guide.fire-emblem-heroes.com\/wp-json\/wp\/v2\/posts\/35437\/revisions"}],"predecessor-version":[{"id":35446,"href":"https:\/\/guide.fire-emblem-heroes.com\/wp-json\/wp\/v2\/posts\/35437\/revisions\/35446"}],"wp:featuredmedia":[{"embeddable":true,"href":"https:\/\/guide.fire-emblem-heroes.com\/wp-json\/wp\/v2\/media\/35586"}],"wp:attachment":[{"href":"https:\/\/guide.fire-emblem-heroes.com\/wp-json\/wp\/v2\/media?parent=35437"}],"wp:term":[{"taxonomy":"category","embeddable":true,"href":"https:\/\/guide.fire-emblem-heroes.com\/wp-json\/wp\/v2\/categories?post=35437"},{"taxonomy":"post_tag","embeddable":true,"href":"https:\/\/guide.fire-emblem-heroes.com\/wp-json\/wp\/v2\/tags?post=35437"}],"curies":[{"name":"wp","href":"https:\/\/api.w.org\/{rel}","templated":true}]}}