






{"id":35932,"date":"2022-08-05T12:57:12","date_gmt":"2022-08-05T03:57:12","guid":{"rendered":"https:\/\/guide.fire-emblem-heroes.com\/?p=35932"},"modified":"2022-09-09T16:30:42","modified_gmt":"2022-09-09T07:30:42","slug":"09001002000837-2","status":"publish","type":"post","link":"https:\/\/guide.fire-emblem-heroes.com\/pt-BR\/09001002000837-2\/","title":{"rendered":"<span class=\"character_nick\">Aurora \u00e1gil<\/span><span class=\"character_name\">Sothe<\/span>"},"content":{"rendered":"<main id=\"CHARA_685\" class=\"main_page character\">\r\n            <article>\r\n                <section class=\"sec sec_character\">\r\n                    <ul class=\"sec_ul sec_ul--character slick-box\">\r\n                        <li class=\"sec_li sec_li--character\">\r\n                            <img decoding=\"async\" src=\"https:\/\/guide.fire-emblem-heroes.com\/wp-content\/uploads\/sothe_rushing_dawn_slide01.png\" alt=\"\" \/>\r\n                        <\/li>\r\n                        <li class=\"sec_li sec_li--character\">\r\n                            <img decoding=\"async\" src=\"https:\/\/guide.fire-emblem-heroes.com\/wp-content\/uploads\/sothe_rushing_dawn_slide02.png\" alt=\"\" \/>\r\n                        <\/li>\r\n                        <li class=\"sec_li sec_li--character\">\r\n                            <img decoding=\"async\" src=\"https:\/\/guide.fire-emblem-heroes.com\/wp-content\/uploads\/sothe_rushing_dawn_slide03.png\" alt=\"\" \/>\r\n                        <\/li>\r\n                        <li class=\"sec_li sec_li--character\">\r\n                            <img decoding=\"async\" src=\"https:\/\/guide.fire-emblem-heroes.com\/wp-content\/uploads\/sothe_rushing_dawn_slide04.png\" alt=\"\" \/>\r\n                        <\/li>\r\n                    <\/ul>\r\n                    <div class=\"sec_charainfoarea flex\">\r\n                        <div class=\"sec_gif\"><img loading=\"lazy\" decoding=\"async\" src=\"https:\/\/guide.fire-emblem-heroes.com\/wp-content\/uploads\/sothe_rushing_dawn.png\" alt=\"\" width=\"210\" height=\"190\"\/><\/div>\r\n                        <div class=\"sec_charainfo\">\r\n                            <p id=\"CHARA_685_002\" class=\"sec_characate sec_characate--special_heroes\">Her\u00f3i especial<\/p>\r\n                            <p id=\"CHARA_685_003\" class=\"sec_charanick\">Aurora \u00e1gil<\/p>\r\n                            <p id=\"CHARA_685_004\" class=\"sec_charaname\">Sothe<\/p>\r\n                            <p id=\"CHARA_685_005\" class=\"sec_charaappearancetxt\">Aparece em<\/p>\r\n                            <p id=\"CHARA_685_006\" class=\"sec_charaappearancetxt\">Fire Emblem: Radiant Dawn<\/p>\r\n                        <\/div>\r\n                    <\/div>\r\n                <\/section>\r\n            <\/article>\r\n            <article>\r\n                <section class=\"sec sec_characterarea\">\r\n                    <div class=\"sec_h2chara\">\r\n                        <p id=\"CHARA_685_007\" class=\"sec_h2charattl\">Sharena apresenta:<\/p>\r\n                        <h2 id=\"CHARA_685_008\" class=\"sec_h2charatxt\">Aurora \u00e1gil Sothe<\/h2>\r\n                    <\/div>\r\n                    <dl class=\"sec_dl flex\">\r\n                        <dt id=\"CHARA_685_009\" class=\"sec_dt\">Sothe, da Brigada da Aurora, est\u00e1 vindo para o festival! Bem, devido ao seu passado como ladr\u00e3o cavalheiresco, eu diria que este evento foi praticamente feito para ele!<\/dt>\r\n                        <dd class=\"sec_dd\">\r\n                            <a href=\"https:\/\/guide.fire-emblem-heroes.com\/wp-content\/uploads\/sothe_rushing_dawn_pop01.png\" class=\"popup-image\">\r\n                                <img decoding=\"async\" src=\"https:\/\/guide.fire-emblem-heroes.com\/wp-content\/uploads\/sothe_rushing_dawn_info01.png\" alt=\"\" \/>\r\n                            <\/a>\r\n                        <\/dd>\r\n                        <dt id=\"CHARA_685_010\" class=\"sec_dt\">Aqui est\u00e1 ele, ostentando seu senso de estilo com uma roupa preta! O colete, a capa e o broche t\u00eam o tom de verde que \u00e9 particular a Sothe para caracterizar seu estilo pessoal!<\/dt>\r\n                        <dd class=\"sec_dd\">\r\n                            <a href=\"https:\/\/guide.fire-emblem-heroes.com\/wp-content\/uploads\/sothe_rushing_dawn_pop02.png\" class=\"popup-image\">\r\n                                <img decoding=\"async\" src=\"https:\/\/guide.fire-emblem-heroes.com\/wp-content\/uploads\/sothe_rushing_dawn_info02.png\" alt=\"\" \/>\r\n                            <\/a>\r\n                        <\/dd>\r\n                        <dt id=\"CHARA_685_011\" class=\"sec_dt\">Sothe costuma lutar usando uma adaga e para o festival, a arma preferida dele tem um cart\u00e3o para dar um toque especial ao seu visual. Ela tem at\u00e9 uma rosa roxa no cabo para decorar!<\/dt>\r\n                        <dd class=\"sec_dd\">\r\n                            <a href=\"https:\/\/guide.fire-emblem-heroes.com\/wp-content\/uploads\/sothe_rushing_dawn_pop03.png\" class=\"popup-image\">\r\n                                <img decoding=\"async\" src=\"https:\/\/guide.fire-emblem-heroes.com\/wp-content\/uploads\/sothe_rushing_dawn_info03.png\" alt=\"\" \/>\r\n                            <\/a>\r\n                        <\/dd>\r\n                        <dt id=\"CHARA_685_012\" class=\"sec_dt\">Em que tipo de riquezas ser\u00e1 que Sothe est\u00e1 de olho? Seja o que ele estiver planejando, espero que ele n\u00e3o fa\u00e7a nada que preocupe Micaiah!<\/dt>\r\n                        <dd class=\"sec_dd\">\r\n                            <a href=\"https:\/\/guide.fire-emblem-heroes.com\/wp-content\/uploads\/sothe_rushing_dawn_pop04.png\" class=\"popup-image\">\r\n                                <img decoding=\"async\" src=\"https:\/\/guide.fire-emblem-heroes.com\/wp-content\/uploads\/sothe_rushing_dawn_info04.png\" alt=\"\" \/>\r\n                            <\/a>\r\n                        <\/dd>\r\n                    <\/dl>\r\n                    <h3 id=\"CHARA_685_013\" class=\"sec_h3charatxt\">Personagens relacionados<\/h3>\r\n                    <h4 id=\"CHARA_685_014\" class=\"sec_h4charatxt\">Micaiah<\/h4>\r\n                    <p id=\"CHARA_685_015\" class=\"sec_charatxt\">Membro da Brigada da Aurora, tem cabelos prateados e poderes misteriosos. \u00c9 como uma irm\u00e3 para Sothe, embora n\u00e3o tenham la\u00e7os consangu\u00edneos.<\/p>\r\n                    <h4 id=\"CHARA_685_016\" class=\"sec_h4charatxt\">Ike<\/h4>\r\n                    <p id=\"CHARA_685_017\" class=\"sec_charatxt\">Jovem bondoso, por\u00e9m implac\u00e1vel. Ele assumiu o comando do bando de mercen\u00e1rios do pai. Descobriu Sothe como passageiro clandestino enquanto procurava Micaiah e simpatiza com ele. Depois, luta ao lado dele.<\/p>\r\n                <\/section>\r\n            <\/article>\r\n        <\/main>","protected":false},"excerpt":{"rendered":"Her\u00f3i especial Aurora \u00e1gil Sothe Aparece em Fire Emblem: Radiant Dawn Sharena apresenta: Aurora \u00e1gil Sothe Sothe, da Brigada da Aurora, est\u00e1 vindo para o festival! Bem, devido ao seu passado como ladr\u00e3o cavalheiresco, eu diria que este evento foi praticamente feito para ele! Aqui est\u00e1 ele, ostentando seu senso de estilo com uma roupa [&hellip;]","protected":false},"author":1,"featured_media":36045,"comment_status":"closed","ping_status":"closed","sticky":false,"template":"","format":"standard","meta":{"advanced_seo_description":"","jetpack_seo_html_title":"","jetpack_seo_noindex":false,"_jetpack_newsletter_access":"","_jetpack_dont_email_post_to_subs":false,"_jetpack_newsletter_tier_id":0,"_jetpack_memberships_contains_paywalled_content":false,"_locale":"pt_BR","_original_post":"https:\/\/guide.fire-emblem-heroes.com\/?p=35922","_jetpack_memberships_contains_paid_content":false,"footnotes":"","jetpack_publicize_message":"","jetpack_publicize_feature_enabled":true,"jetpack_social_post_already_shared":false,"jetpack_social_options":{"image_generator_settings":{"template":"highway","default_image_id":0,"font":"","enabled":false},"version":2},"_wpas_customize_per_network":false,"jetpack_post_was_ever_published":false},"categories":[1384,1405,1390,1430],"tags":[1459],"class_list":["post-35932","post","type-post","status-publish","format-standard","has-post-thumbnail","hentry","category-character","category-special_heroes","category-stay_heroes","category-ex_works_radiant_dawn","tag-heroi-especial","pt-BR"],"jetpack_publicize_connections":[],"jetpack_featured_media_url":"https:\/\/guide.fire-emblem-heroes.com\/wp-content\/uploads\/sothe_rushing_dawn.png","jetpack_sharing_enabled":false,"jetpack_shortlink":"https:\/\/wp.me\/pa0Mj3-9ly","jetpack_likes_enabled":false,"amp_enabled":false,"_links":{"self":[{"href":"https:\/\/guide.fire-emblem-heroes.com\/wp-json\/wp\/v2\/posts\/35932","targetHints":{"allow":["GET"]}}],"collection":[{"href":"https:\/\/guide.fire-emblem-heroes.com\/wp-json\/wp\/v2\/posts"}],"about":[{"href":"https:\/\/guide.fire-emblem-heroes.com\/wp-json\/wp\/v2\/types\/post"}],"author":[{"embeddable":true,"href":"https:\/\/guide.fire-emblem-heroes.com\/wp-json\/wp\/v2\/users\/1"}],"replies":[{"embeddable":true,"href":"https:\/\/guide.fire-emblem-heroes.com\/wp-json\/wp\/v2\/comments?post=35932"}],"version-history":[{"count":1,"href":"https:\/\/guide.fire-emblem-heroes.com\/wp-json\/wp\/v2\/posts\/35932\/revisions"}],"predecessor-version":[{"id":35941,"href":"https:\/\/guide.fire-emblem-heroes.com\/wp-json\/wp\/v2\/posts\/35932\/revisions\/35941"}],"wp:featuredmedia":[{"embeddable":true,"href":"https:\/\/guide.fire-emblem-heroes.com\/wp-json\/wp\/v2\/media\/36045"}],"wp:attachment":[{"href":"https:\/\/guide.fire-emblem-heroes.com\/wp-json\/wp\/v2\/media?parent=35932"}],"wp:term":[{"taxonomy":"category","embeddable":true,"href":"https:\/\/guide.fire-emblem-heroes.com\/wp-json\/wp\/v2\/categories?post=35932"},{"taxonomy":"post_tag","embeddable":true,"href":"https:\/\/guide.fire-emblem-heroes.com\/wp-json\/wp\/v2\/tags?post=35932"}],"curies":[{"name":"wp","href":"https:\/\/api.w.org\/{rel}","templated":true}]}}