






{"id":36669,"date":"2022-09-05T11:55:23","date_gmt":"2022-09-05T02:55:23","guid":{"rendered":"https:\/\/guide.fire-emblem-heroes.com\/?p=36669"},"modified":"2022-10-07T17:09:41","modified_gmt":"2022-10-07T08:09:41","slug":"06001002000846-2","status":"publish","type":"post","link":"https:\/\/guide.fire-emblem-heroes.com\/pt-BR\/06001002000846-2\/","title":{"rendered":"<span class=\"character_nick\">Ventania ardente<\/span><span class=\"character_name\">Lyn<\/span>"},"content":{"rendered":"<main id=\"CHARA_699\" class=\"main_page character\">\r\n            <article>\r\n                <section class=\"sec sec_character\">\r\n                    <ul class=\"sec_ul sec_ul--character slick-box\">\r\n                        <li class=\"sec_li sec_li--character\">\r\n                            <img decoding=\"async\" src=\"https:\/\/guide.fire-emblem-heroes.com\/wp-content\/uploads\/lin_blazing_whirlwind_slide01.png\" alt=\"\" \/>\r\n                        <\/li>\r\n                        <li class=\"sec_li sec_li--character\">\r\n                            <img decoding=\"async\" src=\"https:\/\/guide.fire-emblem-heroes.com\/wp-content\/uploads\/lin_blazing_whirlwind_slide02.png\" alt=\"\" \/>\r\n                        <\/li>\r\n                        <li class=\"sec_li sec_li--character\">\r\n                            <img decoding=\"async\" src=\"https:\/\/guide.fire-emblem-heroes.com\/wp-content\/uploads\/lin_blazing_whirlwind_slide03.png\" alt=\"\" \/>\r\n                        <\/li>\r\n                        <li class=\"sec_li sec_li--character\">\r\n                            <img decoding=\"async\" src=\"https:\/\/guide.fire-emblem-heroes.com\/wp-content\/uploads\/lin_blazing_whirlwind_slide04.png\" alt=\"\" \/>\r\n                        <\/li>\r\n                    <\/ul>\r\n                    <div class=\"sec_charainfoarea flex\">\r\n                        <div class=\"sec_gif\"><img loading=\"lazy\" decoding=\"async\" src=\"https:\/\/guide.fire-emblem-heroes.com\/wp-content\/uploads\/lin_blazing_whirlwind.png\" alt=\"\" width=\"210\" height=\"190\"\/><\/div>\r\n                        <div class=\"sec_charainfo\">\r\n                            <p id=\"CHARA_699_002\" class=\"sec_characate sec_characate--special_heroes\">Hero\u00edna especial<\/p>\r\n                            <p id=\"CHARA_699_003\" class=\"sec_charanick\">Ventania ardente<\/p>\r\n                            <p id=\"CHARA_699_004\" class=\"sec_charaname\">Lyn<\/p>\r\n                            <p id=\"CHARA_699_005\" class=\"sec_charaappearancetxt\">Aparece em<\/p>\r\n                            <p id=\"CHARA_699_006\" class=\"sec_charaappearancetxt\">Fire Emblem: The Blazing Blade<\/p>\r\n                        <\/div>\r\n                    <\/div>\r\n                <\/section>\r\n            <\/article>\r\n            <article>\r\n                <section class=\"sec sec_characterarea\">\r\n                    <div class=\"sec_h2chara\">\r\n                        <p id=\"CHARA_699_007\" class=\"sec_h2charattl\">Sharena apresenta:<\/p>\r\n                        <h2 id=\"CHARA_699_008\" class=\"sec_h2charatxt\">Ventania ardente Lyn<\/h2>\r\n                    <\/div>\r\n                    <dl class=\"sec_dl flex\">\r\n                        <dt id=\"CHARA_699_009\" class=\"sec_dt\">Unindo-se a n\u00f3s, vinda das plan\u00edcies de Sacae em Elibe, temos Lyn! Ela est\u00e1 aqui para representar a tribos dos Lorca no festival das chamas!<\/dt>\r\n                        <dd class=\"sec_dd\">\r\n                            <a href=\"https:\/\/guide.fire-emblem-heroes.com\/wp-content\/uploads\/lin_blazing_whirlwind_pop01.png\" class=\"popup-image\">\r\n                                <img decoding=\"async\" src=\"https:\/\/guide.fire-emblem-heroes.com\/wp-content\/uploads\/lin_blazing_whirlwind_info01.png\" alt=\"\" \/>\r\n                            <\/a>\r\n                        <\/dd>\r\n                        <dt id=\"CHARA_699_010\" class=\"sec_dt\">Aqui est\u00e1 a sua roupa para o evento: um conjunto audacioso e ousado coroado com uma m\u00e1scara de dem\u00f4nio arrojada que quase rouba a cena!<\/dt>\r\n                        <dd class=\"sec_dd\">\r\n                            <a href=\"https:\/\/guide.fire-emblem-heroes.com\/wp-content\/uploads\/lin_blazing_whirlwind_pop02.png\" class=\"popup-image\">\r\n                                <img decoding=\"async\" src=\"https:\/\/guide.fire-emblem-heroes.com\/wp-content\/uploads\/lin_blazing_whirlwind_info02.png\" alt=\"\" \/>\r\n                            <\/a>\r\n                        <\/dd>\r\n                        <dt id=\"CHARA_699_011\" class=\"sec_dt\">Ela tamb\u00e9m carrega um tridente, que tem uma lanterna decorada com o s\u00edmbolo da tribo do fogo pendurada nele. Esse design mostra a paix\u00e3o irrefre\u00e1vel da tribo!<\/dt>\r\n                        <dd class=\"sec_dd\">\r\n                            <a href=\"https:\/\/guide.fire-emblem-heroes.com\/wp-content\/uploads\/lin_blazing_whirlwind_pop03.png\" class=\"popup-image\">\r\n                                <img decoding=\"async\" src=\"https:\/\/guide.fire-emblem-heroes.com\/wp-content\/uploads\/lin_blazing_whirlwind_info03.png\" alt=\"\" \/>\r\n                            <\/a>\r\n                        <\/dd>\r\n                        <dt id=\"CHARA_699_012\" class=\"sec_dt\">O vento sempre foi aliado de Lyn durante seu tempo como n\u00f4made, mas esse novo visual flamejante tamb\u00e9m combina com ela! Mal posso esperar para estar na multid\u00e3o torcendo por ela!<\/dt>\r\n                        <dd class=\"sec_dd\">\r\n                            <a href=\"https:\/\/guide.fire-emblem-heroes.com\/wp-content\/uploads\/lin_blazing_whirlwind_pop04.png\" class=\"popup-image\">\r\n                                <img decoding=\"async\" src=\"https:\/\/guide.fire-emblem-heroes.com\/wp-content\/uploads\/lin_blazing_whirlwind_info04.png\" alt=\"\" \/>\r\n                            <\/a>\r\n                        <\/dd>\r\n                    <\/dl>\r\n                    <h3 id=\"CHARA_699_013\" class=\"sec_h3charatxt\">Personagens relacionados<\/h3>\r\n                    <h4 id=\"CHARA_699_014\" class=\"sec_h4charatxt\">Eliwood<\/h4>\r\n                    <p id=\"CHARA_699_015\" class=\"sec_charatxt\">Um nobre sincero de Pherae. Seus amigos Lyn e Hector servem a ele lealmente.<\/p>\r\n                    <h4 id=\"CHARA_699_016\" class=\"sec_h4charatxt\">Hector<\/h4>\r\n                    <p id=\"CHARA_699_017\" class=\"sec_charatxt\">Amigo de Eliwood e irm\u00e3o do Marqu\u00eas de Ositia. Prefere a a\u00e7\u00e3o da batalha \u00e0s formalidades da corte. Ele e Lyn formaram uma alian\u00e7a com Eliwood.<\/p>\r\n                    <h4 id=\"CHARA_699_018\" class=\"sec_h4charatxt\">Florina<\/h4>\r\n                    <p id=\"CHARA_699_019\" class=\"sec_charatxt\">Mais jovem de tr\u00eas irm\u00e3s cavaleiras p\u00e9gaso de Ilia. T\u00edmida e gentil, ama os animais. Amiga de Lyn.<\/p>\r\n                <\/section>\r\n            <\/article>\r\n        <\/main>","protected":false},"excerpt":{"rendered":"Hero\u00edna especial Ventania ardente Lyn Aparece em Fire Emblem: The Blazing Blade Sharena apresenta: Ventania ardente Lyn Unindo-se a n\u00f3s, vinda das plan\u00edcies de Sacae em Elibe, temos Lyn! Ela est\u00e1 aqui para representar a tribos dos Lorca no festival das chamas! Aqui est\u00e1 a sua roupa para o evento: um conjunto audacioso e ousado [&hellip;]","protected":false},"author":1,"featured_media":36808,"comment_status":"closed","ping_status":"closed","sticky":false,"template":"","format":"standard","meta":{"advanced_seo_description":"","jetpack_seo_html_title":"","jetpack_seo_noindex":false,"_jetpack_newsletter_access":"","_jetpack_dont_email_post_to_subs":false,"_jetpack_newsletter_tier_id":0,"_jetpack_memberships_contains_paywalled_content":false,"_locale":"pt_BR","_original_post":"https:\/\/guide.fire-emblem-heroes.com\/?p=36659","_jetpack_memberships_contains_paid_content":false,"footnotes":"","jetpack_publicize_message":"","jetpack_publicize_feature_enabled":true,"jetpack_social_post_already_shared":false,"jetpack_social_options":{"image_generator_settings":{"template":"highway","default_image_id":0,"font":"","enabled":false},"version":2},"_wpas_customize_per_network":false,"jetpack_post_was_ever_published":false},"categories":[1384,1427,1405,1390],"tags":[1460],"class_list":["post-36669","post","type-post","status-publish","format-standard","has-post-thumbnail","hentry","category-character","category-ex_works_the_blazing_blade","category-special_heroes","category-stay_heroes","tag-heroina-especial","pt-BR"],"jetpack_publicize_connections":[],"jetpack_featured_media_url":"https:\/\/guide.fire-emblem-heroes.com\/wp-content\/uploads\/lin_blazing_whirlwind.png","jetpack_sharing_enabled":false,"jetpack_shortlink":"https:\/\/wp.me\/pa0Mj3-9xr","jetpack_likes_enabled":false,"amp_enabled":false,"_links":{"self":[{"href":"https:\/\/guide.fire-emblem-heroes.com\/wp-json\/wp\/v2\/posts\/36669","targetHints":{"allow":["GET"]}}],"collection":[{"href":"https:\/\/guide.fire-emblem-heroes.com\/wp-json\/wp\/v2\/posts"}],"about":[{"href":"https:\/\/guide.fire-emblem-heroes.com\/wp-json\/wp\/v2\/types\/post"}],"author":[{"embeddable":true,"href":"https:\/\/guide.fire-emblem-heroes.com\/wp-json\/wp\/v2\/users\/1"}],"replies":[{"embeddable":true,"href":"https:\/\/guide.fire-emblem-heroes.com\/wp-json\/wp\/v2\/comments?post=36669"}],"version-history":[{"count":2,"href":"https:\/\/guide.fire-emblem-heroes.com\/wp-json\/wp\/v2\/posts\/36669\/revisions"}],"predecessor-version":[{"id":36687,"href":"https:\/\/guide.fire-emblem-heroes.com\/wp-json\/wp\/v2\/posts\/36669\/revisions\/36687"}],"wp:featuredmedia":[{"embeddable":true,"href":"https:\/\/guide.fire-emblem-heroes.com\/wp-json\/wp\/v2\/media\/36808"}],"wp:attachment":[{"href":"https:\/\/guide.fire-emblem-heroes.com\/wp-json\/wp\/v2\/media?parent=36669"}],"wp:term":[{"taxonomy":"category","embeddable":true,"href":"https:\/\/guide.fire-emblem-heroes.com\/wp-json\/wp\/v2\/categories?post=36669"},{"taxonomy":"post_tag","embeddable":true,"href":"https:\/\/guide.fire-emblem-heroes.com\/wp-json\/wp\/v2\/tags?post=36669"}],"curies":[{"name":"wp","href":"https:\/\/api.w.org\/{rel}","templated":true}]}}