






{"id":37018,"date":"2022-09-14T13:26:38","date_gmt":"2022-09-14T04:26:38","guid":{"rendered":"https:\/\/guide.fire-emblem-heroes.com\/?p=37018"},"modified":"2022-10-06T16:41:25","modified_gmt":"2022-10-06T07:41:25","slug":"00003303000851-2","status":"publish","type":"post","link":"https:\/\/guide.fire-emblem-heroes.com\/pt-BR\/00003303000851-2\/","title":{"rendered":"<span class=\"character_nick\">Espada arcana<\/span><span class=\"character_name\">L\u00edf<\/span>"},"content":{"rendered":"<main id=\"CHARA_708\" class=\"main_page character\">\r\n            <article>\r\n                <section class=\"sec sec_character\">\r\n                    <ul class=\"sec_ul sec_ul--character slick-box\">\r\n                        <li class=\"sec_li sec_li--character\">\r\n                            <img decoding=\"async\" src=\"https:\/\/guide.fire-emblem-heroes.com\/wp-content\/uploads\/lif_arcane_blade_slide01.png\" alt=\"\" \/>\r\n                        <\/li>\r\n                        <li class=\"sec_li sec_li--character\">\r\n                            <img decoding=\"async\" src=\"https:\/\/guide.fire-emblem-heroes.com\/wp-content\/uploads\/lif_arcane_blade_slide02.png\" alt=\"\" \/>\r\n                        <\/li>\r\n                        <li class=\"sec_li sec_li--character\">\r\n                            <img decoding=\"async\" src=\"https:\/\/guide.fire-emblem-heroes.com\/wp-content\/uploads\/lif_arcane_blade_slide03.png\" alt=\"\" \/>\r\n                        <\/li>\r\n                        <li class=\"sec_li sec_li--character\">\r\n                            <img decoding=\"async\" src=\"https:\/\/guide.fire-emblem-heroes.com\/wp-content\/uploads\/lif_arcane_blade_slide04.png\" alt=\"\" \/>\r\n                        <\/li>\r\n                    <\/ul>\r\n                    <div class=\"sec_charainfoarea flex\">\r\n                        <div class=\"sec_gif\"><img loading=\"lazy\" decoding=\"async\" src=\"https:\/\/guide.fire-emblem-heroes.com\/wp-content\/uploads\/lif_arcane_blade.png\" alt=\"\" width=\"210\" height=\"190\"\/><\/div>\r\n                        <div class=\"sec_charainfo\">\r\n                            <p id=\"CHARA_708_002\" class=\"sec_characate sec_characate--rearmed_heroes\">Her\u00f3i munido<\/p>\r\n                            <p id=\"CHARA_708_003\" class=\"sec_charanick\">Espada arcana<\/p>\r\n                            <p id=\"CHARA_708_004\" class=\"sec_charaname\">L\u00edf<\/p>\r\n                            <p id=\"CHARA_708_005\" class=\"sec_charaappearancetxt\">Aparece em<\/p>\r\n                            <p id=\"CHARA_708_006\" class=\"sec_charaappearancetxt\">Fire Emblem Heroes<\/p>\r\n                        <\/div>\r\n                    <\/div>\r\n                <\/section>\r\n            <\/article>\r\n            <article>\r\n                <section class=\"sec sec_characterarea\">\r\n                    <div class=\"sec_h2chara\">\r\n                        <p id=\"CHARA_708_007\" class=\"sec_h2charattl\">Sharena apresenta:<\/p>\r\n                        <h2 id=\"CHARA_708_008\" class=\"sec_h2charatxt\">Espada arcana L\u00edf<\/h2>\r\n                    <\/div>\r\n                    <dl class=\"sec_dl flex\">\r\n                        <dt id=\"CHARA_708_009\" class=\"sec_dt\">L\u00edf \u00e9 um guerreiro que foi enviado para atacar Askr como servo de Hel, governante do reino dos mortos. Mas sua verdadeira identidade&#8230; era outro Alfonse de um mundo diferente, trazido de volta dos mortos!<\/dt>\r\n                        <dd class=\"sec_dd\">\r\n                            <a href=\"https:\/\/guide.fire-emblem-heroes.com\/wp-content\/uploads\/lif_arcane_blade_pop01.png\" class=\"popup-image\">\r\n                                <img decoding=\"async\" src=\"https:\/\/guide.fire-emblem-heroes.com\/wp-content\/uploads\/lif_arcane_blade_info01.png\" alt=\"\" \/>\r\n                            <\/a>\r\n                        <\/dd>\r\n                        <dt id=\"CHARA_708_010\" class=\"sec_dt\">Depois que Hel foi derrotada, L\u00edf foi libertado da influ\u00eancia do reino dos mortos. Mas quando Gangl\u00f6t tomou o poder sobre o reino na aus\u00eancia de Hel, ela encarregou L\u00edf de uma miss\u00e3o.<\/dt>\r\n                        <dd class=\"sec_dd\">\r\n                            <a href=\"https:\/\/guide.fire-emblem-heroes.com\/wp-content\/uploads\/lif_arcane_blade_pop02.png\" class=\"popup-image\">\r\n                                <img decoding=\"async\" src=\"https:\/\/guide.fire-emblem-heroes.com\/wp-content\/uploads\/lif_arcane_blade_info02.png\" alt=\"\" \/>\r\n                            <\/a>\r\n                        <\/dd>\r\n                        <dt id=\"CHARA_708_011\" class=\"sec_dt\">Ele recebeu a tarefa de matar Eir, que vivia uma vida nova como integrante da Ordem dos Her\u00f3is. Mais uma vez sob o controle do reino dos mortos, L\u00edf n\u00e3o teve for\u00e7as para recusar.<\/dt>\r\n                        <dd class=\"sec_dd\">\r\n                            <a href=\"https:\/\/guide.fire-emblem-heroes.com\/wp-content\/uploads\/lif_arcane_blade_pop03.png\" class=\"popup-image\">\r\n                                <img decoding=\"async\" src=\"https:\/\/guide.fire-emblem-heroes.com\/wp-content\/uploads\/lif_arcane_blade_info03.png\" alt=\"\" \/>\r\n                            <\/a>\r\n                        <\/dd>\r\n                        <dt id=\"CHARA_708_012\" class=\"sec_dt\">Ao final de nossa \u00faltima batalha, L\u00edf nos pediu para garantir um futuro mais feliz para o reino de Askr no qual viv\u00edamos&#8230; Gostaria de n\u00e3o ter que lutar contra ele de novo!<\/dt>\r\n                        <dd class=\"sec_dd\">\r\n                            <a href=\"https:\/\/guide.fire-emblem-heroes.com\/wp-content\/uploads\/lif_arcane_blade_pop04.png\" class=\"popup-image\">\r\n                                <img decoding=\"async\" src=\"https:\/\/guide.fire-emblem-heroes.com\/wp-content\/uploads\/lif_arcane_blade_info04.png\" alt=\"\" \/>\r\n                            <\/a>\r\n                        <\/dd>\r\n                    <\/dl>\r\n                    <h3 id=\"CHARA_708_013\" class=\"sec_h3charatxt\">Personagens relacionados<\/h3>\r\n                    <h4 id=\"CHARA_708_014\" class=\"sec_h4charatxt\">Gangl\u00f6t<\/h4>\r\n                    <p id=\"CHARA_708_015\" class=\"sec_charatxt\">Servia a Hel. Depois que Hel foi aniquiliada, ela se tornou sua sucessora. Usa L\u00edf para tentar matar Eir.<\/p>\r\n                    <h4 id=\"CHARA_708_016\" class=\"sec_h4charatxt\">Hel<\/h4>\r\n                    <p id=\"CHARA_708_017\" class=\"sec_charatxt\">Soberana de Hel, o reino dos mortos. Seu poder aumenta \u00e0 medida que seu ex\u00e9rcito de defuntos cresce. Seu objetivo \u00e9 recrutar todos os vivos. Ergueu L\u00edf dos mortos para servir a ela.<\/p>\r\n                    <h4 id=\"CHARA_708_018\" class=\"sec_h4charatxt\">Eir<\/h4>\r\n                    <p id=\"CHARA_708_019\" class=\"sec_charatxt\">Princesa de Hel, o reino dos mortos. Ama muito sua m\u00e3e, Hel, que o governa. Ela acha perturbadora a crescente crueldade de Hel em rela\u00e7\u00e3o aos vivos. Gangl\u00f6t envia L\u00edf para mat\u00e1-la.<\/p>\r\n                <\/section>\r\n            <\/article>\r\n        <\/main>","protected":false},"excerpt":{"rendered":"Her\u00f3i munido Espada arcana L\u00edf Aparece em Fire Emblem Heroes Sharena apresenta: Espada arcana L\u00edf L\u00edf \u00e9 um guerreiro que foi enviado para atacar Askr como servo de Hel, governante do reino dos mortos. Mas sua verdadeira identidade&#8230; era outro Alfonse de um mundo diferente, trazido de volta dos mortos! Depois que Hel foi derrotada, [&hellip;]","protected":false},"author":1,"featured_media":37093,"comment_status":"closed","ping_status":"closed","sticky":false,"template":"","format":"standard","meta":{"advanced_seo_description":"","jetpack_seo_html_title":"","jetpack_seo_noindex":false,"_jetpack_newsletter_access":"","_jetpack_dont_email_post_to_subs":false,"_jetpack_newsletter_tier_id":0,"_jetpack_memberships_contains_paywalled_content":false,"_locale":"pt_BR","_original_post":"https:\/\/guide.fire-emblem-heroes.com\/?p=37008","_jetpack_memberships_contains_paid_content":false,"footnotes":"","jetpack_publicize_message":"","jetpack_publicize_feature_enabled":true,"jetpack_social_post_already_shared":false,"jetpack_social_options":{"image_generator_settings":{"template":"highway","default_image_id":0,"font":"","enabled":false},"version":2},"_wpas_customize_per_network":false,"jetpack_post_was_ever_published":false},"categories":[1384,1423,1496,1390],"tags":[1503],"class_list":["post-37018","post","type-post","status-publish","format-standard","has-post-thumbnail","hentry","category-character","category-ex_works_heroes","category-rearmed_heroes","category-stay_heroes","tag-heroi-munido","pt-BR"],"jetpack_publicize_connections":[],"jetpack_featured_media_url":"https:\/\/guide.fire-emblem-heroes.com\/wp-content\/uploads\/lif_arcane_blade.png","jetpack_sharing_enabled":false,"jetpack_shortlink":"https:\/\/wp.me\/pa0Mj3-9D4","jetpack_likes_enabled":false,"amp_enabled":false,"_links":{"self":[{"href":"https:\/\/guide.fire-emblem-heroes.com\/wp-json\/wp\/v2\/posts\/37018","targetHints":{"allow":["GET"]}}],"collection":[{"href":"https:\/\/guide.fire-emblem-heroes.com\/wp-json\/wp\/v2\/posts"}],"about":[{"href":"https:\/\/guide.fire-emblem-heroes.com\/wp-json\/wp\/v2\/types\/post"}],"author":[{"embeddable":true,"href":"https:\/\/guide.fire-emblem-heroes.com\/wp-json\/wp\/v2\/users\/1"}],"replies":[{"embeddable":true,"href":"https:\/\/guide.fire-emblem-heroes.com\/wp-json\/wp\/v2\/comments?post=37018"}],"version-history":[{"count":1,"href":"https:\/\/guide.fire-emblem-heroes.com\/wp-json\/wp\/v2\/posts\/37018\/revisions"}],"predecessor-version":[{"id":37022,"href":"https:\/\/guide.fire-emblem-heroes.com\/wp-json\/wp\/v2\/posts\/37018\/revisions\/37022"}],"wp:featuredmedia":[{"embeddable":true,"href":"https:\/\/guide.fire-emblem-heroes.com\/wp-json\/wp\/v2\/media\/37093"}],"wp:attachment":[{"href":"https:\/\/guide.fire-emblem-heroes.com\/wp-json\/wp\/v2\/media?parent=37018"}],"wp:term":[{"taxonomy":"category","embeddable":true,"href":"https:\/\/guide.fire-emblem-heroes.com\/wp-json\/wp\/v2\/categories?post=37018"},{"taxonomy":"post_tag","embeddable":true,"href":"https:\/\/guide.fire-emblem-heroes.com\/wp-json\/wp\/v2\/tags?post=37018"}],"curies":[{"name":"wp","href":"https:\/\/api.w.org\/{rel}","templated":true}]}}