






{"id":39983,"date":"2023-01-06T12:27:50","date_gmt":"2023-01-06T03:27:50","guid":{"rendered":"https:\/\/guide.fire-emblem-heroes.com\/?p=39983"},"modified":"2023-02-10T16:09:03","modified_gmt":"2023-02-10T07:09:03","slug":"01003002000905-2","status":"publish","type":"post","link":"https:\/\/guide.fire-emblem-heroes.com\/pt-BR\/01003002000905-2\/","title":{"rendered":"<span class=\"character_nick\">Unidas pela sina<\/span><span class=\"character_name\">Linde<\/span>"},"content":{"rendered":"<main id=\"CHARA_782\" class=\"main_page character\">\r\n            <article>\r\n                <section class=\"sec sec_character\">\r\n                    <ul class=\"sec_ul sec_ul--character slick-box\">\r\n                        <li class=\"sec_li sec_li--character\">\r\n                            <img decoding=\"async\" src=\"https:\/\/guide.fire-emblem-heroes.com\/wp-content\/uploads\/rinda_bound_by_grief_slide01.png\" alt=\"\" \/>\r\n                        <\/li>\r\n                        <li class=\"sec_li sec_li--character\">\r\n                            <img decoding=\"async\" src=\"https:\/\/guide.fire-emblem-heroes.com\/wp-content\/uploads\/rinda_bound_by_grief_slide02.png\" alt=\"\" \/>\r\n                        <\/li>\r\n                        <li class=\"sec_li sec_li--character\">\r\n                            <img decoding=\"async\" src=\"https:\/\/guide.fire-emblem-heroes.com\/wp-content\/uploads\/rinda_bound_by_grief_slide03.png\" alt=\"\" \/>\r\n                        <\/li>\r\n                        <li class=\"sec_li sec_li--character\">\r\n                            <img decoding=\"async\" src=\"https:\/\/guide.fire-emblem-heroes.com\/wp-content\/uploads\/rinda_bound_by_grief_slide04.png\" alt=\"\" \/>\r\n                        <\/li>\r\n                    <\/ul>\r\n                    <div class=\"sec_charainfoarea flex\">\r\n                        <div class=\"sec_gif\"><img loading=\"lazy\" decoding=\"async\" src=\"https:\/\/guide.fire-emblem-heroes.com\/wp-content\/uploads\/rinda_bound_by_grief.png\" alt=\"\" width=\"210\" height=\"190\"\/><\/div>\r\n                        <div class=\"sec_charainfo\">\r\n                            <p id=\"CHARA_782_002\" class=\"sec_characate sec_characate sec_characate--harmonized_hero\">Harmonia heroica<\/p>\r\n                            <p id=\"CHARA_782_003\" class=\"sec_charanick\">Unidas pela sina<\/p>\r\n                            <p id=\"CHARA_782_004\" class=\"sec_charaname\">Linde<\/p>\r\n                            <p id=\"CHARA_782_005\" class=\"sec_charaappearancetxt\">Aparece em<\/p>\r\n                            <p id=\"CHARA_782_006\" class=\"sec_charaappearancetxt\">Fire Emblem: Mystery of the Emblem<br \/>Fire Emblem: Thracia 776<\/p>\r\n                        <\/div>\r\n                    <\/div>\r\n                <\/section>\r\n            <\/article>\r\n            <article>\r\n                <section class=\"sec sec_characterarea\">\r\n                    <div class=\"sec_h2chara\">\r\n                        <p id=\"CHARA_782_007\" class=\"sec_h2charattl\">Sharena apresenta:<\/p>\r\n                        <h2 id=\"CHARA_782_008\" class=\"sec_h2charatxt\">Unidas pela sina Linde<\/h2>\r\n                    <\/div>\r\n                    <dl class=\"sec_dl flex\">\r\n                        <dt id=\"CHARA_782_009\" class=\"sec_dt\">Aqui est\u00e1 Linde, uma maga de Archanea, e Sara, uma sacerdotisa de Jugdral. Juntas, elas est\u00e3o fazendo uma visita \u00e0 academia de magia de Khadein!<\/dt>\r\n                        <dd class=\"sec_dd\">\r\n                            <a href=\"https:\/\/guide.fire-emblem-heroes.com\/wp-content\/uploads\/rinda_bound_by_grief_pop01.png\" class=\"popup-image\">\r\n                                <img decoding=\"async\" src=\"https:\/\/guide.fire-emblem-heroes.com\/wp-content\/uploads\/rinda_bound_by_grief_info01.png\" alt=\"\" \/>\r\n                            <\/a>\r\n                        <\/dd>\r\n                        <dt id=\"CHARA_782_010\" class=\"sec_dt\">Parece que elas est\u00e3o usando roupas tradicionais de Khadein! Linde est\u00e1 chamando aten\u00e7\u00e3o usando uma roupa chique o bastante para uma pont\u00edficie.<\/dt>\r\n                        <dd class=\"sec_dd\">\r\n                            <a href=\"https:\/\/guide.fire-emblem-heroes.com\/wp-content\/uploads\/rinda_bound_by_grief_pop02.png\" class=\"popup-image\">\r\n                                <img decoding=\"async\" src=\"https:\/\/guide.fire-emblem-heroes.com\/wp-content\/uploads\/rinda_bound_by_grief_info02.png\" alt=\"\" \/>\r\n                            <\/a>\r\n                        <\/dd>\r\n                        <dt id=\"CHARA_782_011\" class=\"sec_dt\">Enquanto isso, Sara est\u00e1 vestindo algo muito mais ador\u00e1vel! A prop\u00f3sito, o que s\u00e3o aqueles globos celestiais coloridos que elas est\u00e3o carregando? Sim, s\u00e3o armas m\u00e1gicas e tamb\u00e9m muito poderosas.<\/dt>\r\n                        <dd class=\"sec_dd\">\r\n                            <a href=\"https:\/\/guide.fire-emblem-heroes.com\/wp-content\/uploads\/rinda_bound_by_grief_pop03.png\" class=\"popup-image\">\r\n                                <img decoding=\"async\" src=\"https:\/\/guide.fire-emblem-heroes.com\/wp-content\/uploads\/rinda_bound_by_grief_info03.png\" alt=\"\" \/>\r\n                            <\/a>\r\n                        <\/dd>\r\n                        <dt id=\"CHARA_782_012\" class=\"sec_dt\">A hist\u00f3ria da academia m\u00e1gica tem um significado profundo para Linde, e Sara est\u00e1 feliz apenas por ter a oportunidade de explorar um lugar novo. Elas est\u00e3o aproveitando muito a visita, cada uma \u00e0 sua maneira!<\/dt>\r\n                        <dd class=\"sec_dd\">\r\n                            <a href=\"https:\/\/guide.fire-emblem-heroes.com\/wp-content\/uploads\/rinda_bound_by_grief_pop04.png\" class=\"popup-image\">\r\n                                <img decoding=\"async\" src=\"https:\/\/guide.fire-emblem-heroes.com\/wp-content\/uploads\/rinda_bound_by_grief_info04.png\" alt=\"\" \/>\r\n                            <\/a>\r\n                        <\/dd>\r\n                    <\/dl>\r\n                    <h3 id=\"CHARA_782_013\" class=\"sec_h3charatxt\">Personagens relacionados<\/h3>\r\n                    <h4 id=\"CHARA_782_014\" class=\"sec_h4charatxt\">Marth<\/h4>\r\n                    <p id=\"CHARA_782_015\" class=\"sec_charatxt\">Pr\u00edncipe de Altea, ele n\u00e3o hesita em defender a p\u00e1tria e tem grande estima pelos seus amigos. Ele resgata Linde depois de ela ser capturada por rebeldes.<\/p>\r\n                    <h4 id=\"CHARA_782_016\" class=\"sec_h4charatxt\">Leif<\/h4>\r\n                    <p id=\"CHARA_782_017\" class=\"sec_charatxt\">Filho de Quan. Ele estava se escondendo em Fiana, mas ressurgiu depois de um ataque das for\u00e7as imperiais. Sara se interessou por ele.<\/p>\r\n                <\/section>\r\n            <\/article>\r\n        <\/main>","protected":false},"excerpt":{"rendered":"Harmonia heroica Unidas pela sina Linde Aparece em Fire Emblem: Mystery of the EmblemFire Emblem: Thracia 776 Sharena apresenta: Unidas pela sina Linde Aqui est\u00e1 Linde, uma maga de Archanea, e Sara, uma sacerdotisa de Jugdral. Juntas, elas est\u00e3o fazendo uma visita \u00e0 academia de magia de Khadein! Parece que elas est\u00e3o usando roupas tradicionais [&hellip;]","protected":false},"author":1,"featured_media":40125,"comment_status":"closed","ping_status":"closed","sticky":false,"template":"","format":"standard","meta":{"advanced_seo_description":"","jetpack_seo_html_title":"","jetpack_seo_noindex":false,"_jetpack_newsletter_access":"","_jetpack_dont_email_post_to_subs":false,"_jetpack_newsletter_tier_id":0,"_jetpack_memberships_contains_paywalled_content":false,"_locale":"pt_BR","_original_post":"https:\/\/guide.fire-emblem-heroes.com\/?p=39972","_jetpack_memberships_contains_paid_content":false,"footnotes":"","jetpack_publicize_message":"","jetpack_publicize_feature_enabled":true,"jetpack_social_post_already_shared":false,"jetpack_social_options":{"image_generator_settings":{"template":"highway","default_image_id":0,"font":"","enabled":false},"version":2},"_wpas_customize_per_network":false,"jetpack_post_was_ever_published":false},"categories":[1384,1424,1464,1390],"tags":[1471],"class_list":["post-39983","post","type-post","status-publish","format-standard","has-post-thumbnail","hentry","category-character","category-ex_works_mystery_of_the_emblem","category-harmonized_heroes","category-stay_heroes","tag-harmonia-heroica","pt-BR"],"jetpack_publicize_connections":[],"jetpack_featured_media_url":"https:\/\/guide.fire-emblem-heroes.com\/wp-content\/uploads\/rinda_bound_by_grief.png","jetpack_sharing_enabled":false,"jetpack_shortlink":"https:\/\/wp.me\/pa0Mj3-aoT","jetpack_likes_enabled":false,"amp_enabled":false,"_links":{"self":[{"href":"https:\/\/guide.fire-emblem-heroes.com\/wp-json\/wp\/v2\/posts\/39983","targetHints":{"allow":["GET"]}}],"collection":[{"href":"https:\/\/guide.fire-emblem-heroes.com\/wp-json\/wp\/v2\/posts"}],"about":[{"href":"https:\/\/guide.fire-emblem-heroes.com\/wp-json\/wp\/v2\/types\/post"}],"author":[{"embeddable":true,"href":"https:\/\/guide.fire-emblem-heroes.com\/wp-json\/wp\/v2\/users\/1"}],"replies":[{"embeddable":true,"href":"https:\/\/guide.fire-emblem-heroes.com\/wp-json\/wp\/v2\/comments?post=39983"}],"version-history":[{"count":1,"href":"https:\/\/guide.fire-emblem-heroes.com\/wp-json\/wp\/v2\/posts\/39983\/revisions"}],"predecessor-version":[{"id":39992,"href":"https:\/\/guide.fire-emblem-heroes.com\/wp-json\/wp\/v2\/posts\/39983\/revisions\/39992"}],"wp:featuredmedia":[{"embeddable":true,"href":"https:\/\/guide.fire-emblem-heroes.com\/wp-json\/wp\/v2\/media\/40125"}],"wp:attachment":[{"href":"https:\/\/guide.fire-emblem-heroes.com\/wp-json\/wp\/v2\/media?parent=39983"}],"wp:term":[{"taxonomy":"category","embeddable":true,"href":"https:\/\/guide.fire-emblem-heroes.com\/wp-json\/wp\/v2\/categories?post=39983"},{"taxonomy":"post_tag","embeddable":true,"href":"https:\/\/guide.fire-emblem-heroes.com\/wp-json\/wp\/v2\/tags?post=39983"}],"curies":[{"name":"wp","href":"https:\/\/api.w.org\/{rel}","templated":true}]}}