






{"id":41655,"date":"2023-03-15T12:37:15","date_gmt":"2023-03-15T03:37:15","guid":{"rendered":"https:\/\/guide.fire-emblem-heroes.com\/?p=41655"},"modified":"2023-03-27T16:19:52","modified_gmt":"2023-03-27T07:19:52","slug":"07003000500932-2","status":"publish","type":"post","link":"https:\/\/guide.fire-emblem-heroes.com\/pt-BR\/07003000500932-2\/","title":{"rendered":"<span class=\"character_nick\">Imperador t\u00e1cito<\/span><span class=\"character_name\">Vigarde<\/span>"},"content":{"rendered":"<main id=\"CHARA_816\" class=\"main_page character\">\r\n            <article>\r\n                <section class=\"sec sec_character\">\r\n                    <ul class=\"sec_ul sec_ul--character slick-box\">\r\n                        <li class=\"sec_li sec_li--character\">\r\n                            <img decoding=\"async\" src=\"https:\/\/guide.fire-emblem-heroes.com\/wp-content\/uploads\/vigard_silent_emperor_slide01.png\" alt=\"\" \/>\r\n                        <\/li>\r\n                        <li class=\"sec_li sec_li--character\">\r\n                            <img decoding=\"async\" src=\"https:\/\/guide.fire-emblem-heroes.com\/wp-content\/uploads\/vigard_silent_emperor_slide02.png\" alt=\"\" \/>\r\n                        <\/li>\r\n                        <li class=\"sec_li sec_li--character\">\r\n                            <img decoding=\"async\" src=\"https:\/\/guide.fire-emblem-heroes.com\/wp-content\/uploads\/vigard_silent_emperor_slide03.png\" alt=\"\" \/>\r\n                        <\/li>\r\n                        <li class=\"sec_li sec_li--character\">\r\n                            <img decoding=\"async\" src=\"https:\/\/guide.fire-emblem-heroes.com\/wp-content\/uploads\/vigard_silent_emperor_slide04.png\" alt=\"\" \/>\r\n                        <\/li>\r\n                    <\/ul>\r\n                    <div class=\"sec_charainfoarea flex\">\r\n                        <div class=\"sec_gif\"><img loading=\"lazy\" decoding=\"async\" src=\"https:\/\/guide.fire-emblem-heroes.com\/wp-content\/uploads\/vigard_silent_emperor.png\" alt=\"\" width=\"210\" height=\"190\"\/><\/div>\r\n                        <div class=\"sec_charainfo\">\r\n                            <p id=\"CHARA_816_002\" class=\"sec_characate sec_characate--heroes\">Her\u00f3i<\/p>\r\n                            <p id=\"CHARA_816_003\" class=\"sec_charanick\">Imperador t\u00e1cito<\/p>\r\n                            <p id=\"CHARA_816_004\" class=\"sec_charaname\">Vigarde<\/p>\r\n                            <p id=\"CHARA_816_005\" class=\"sec_charaappearancetxt\">Aparece em<\/p>\r\n                            <p id=\"CHARA_816_006\" class=\"sec_charaappearancetxt\">Fire Emblem: The Sacred Stones<\/p>\r\n                        <\/div>\r\n                    <\/div>\r\n                <\/section>\r\n            <\/article>\r\n            <article>\r\n                <section class=\"sec sec_characterarea\">\r\n                    <div class=\"sec_h2chara\">\r\n                        <p id=\"CHARA_816_007\" class=\"sec_h2charattl\">Sharena apresenta:<\/p>\r\n                        <h2 id=\"CHARA_816_008\" class=\"sec_h2charatxt\">Imperador t\u00e1cito Vigarde<\/h2>\r\n                    <\/div>\r\n                    <dl class=\"sec_dl flex\">\r\n                        <dt id=\"CHARA_816_009\" class=\"sec_dt\">O imp\u00e9rio de Grado \u00e9 a na\u00e7\u00e3o mais poderosa no continente de Magvel. Aqui est\u00e1 Vigarde, o imperador de Grado!<\/dt>\r\n                        <dd class=\"sec_dd\">\r\n                            <a href=\"https:\/\/guide.fire-emblem-heroes.com\/wp-content\/uploads\/vigard_silent_emperor_pop01.png\" class=\"popup-image\">\r\n                                <img decoding=\"async\" src=\"https:\/\/guide.fire-emblem-heroes.com\/wp-content\/uploads\/vigard_silent_emperor_info01.png\" alt=\"\" \/>\r\n                            <\/a>\r\n                        <\/dd>\r\n                        <dt id=\"CHARA_816_010\" class=\"sec_dt\">Ele \u00e9 muitas vezes chamado de &#8220;imperador calado&#8221; devido \u00e0 sua natureza gentil e caridosa. E por isso \u00e9 estranho ele de repente ordenar a invas\u00e3o do seu reino aliado, Renais&#8230;<\/dt>\r\n                        <dd class=\"sec_dd\">\r\n                            <a href=\"https:\/\/guide.fire-emblem-heroes.com\/wp-content\/uploads\/vigard_silent_emperor_pop02.png\" class=\"popup-image\">\r\n                                <img decoding=\"async\" src=\"https:\/\/guide.fire-emblem-heroes.com\/wp-content\/uploads\/vigard_silent_emperor_info02.png\" alt=\"\" \/>\r\n                            <\/a>\r\n                        <\/dd>\r\n                        <dt id=\"CHARA_816_011\" class=\"sec_dt\">Parece que ele se transformou em outra pessoa totalmente! Ao que parece, essa nova agress\u00e3o de Grado atingiu n\u00e3o s\u00f3 o reino de Renais&#8230;<\/dt>\r\n                        <dd class=\"sec_dd\">\r\n                            <a href=\"https:\/\/guide.fire-emblem-heroes.com\/wp-content\/uploads\/vigard_silent_emperor_pop03.png\" class=\"popup-image\">\r\n                                <img decoding=\"async\" src=\"https:\/\/guide.fire-emblem-heroes.com\/wp-content\/uploads\/vigard_silent_emperor_info03.png\" alt=\"\" \/>\r\n                            <\/a>\r\n                        <\/dd>\r\n                        <dt id=\"CHARA_816_012\" class=\"sec_dt\">Duessel, o fiel conselheiro de Vigarde, implorou para que ele deixasse de lado a viol\u00eancia sem sentido, mas seus pedidos n\u00e3o foram ouvidos. O que poderia estar motivando Vigarde?<\/dt>\r\n                        <dd class=\"sec_dd\">\r\n                            <a href=\"https:\/\/guide.fire-emblem-heroes.com\/wp-content\/uploads\/vigard_silent_emperor_pop04.png\" class=\"popup-image\">\r\n                                <img decoding=\"async\" src=\"https:\/\/guide.fire-emblem-heroes.com\/wp-content\/uploads\/vigard_silent_emperor_info04.png\" alt=\"\" \/>\r\n                            <\/a>\r\n                        <\/dd>\r\n                    <\/dl>\r\n                    <h3 id=\"CHARA_816_013\" class=\"sec_h3charatxt\">Personagens relacionados<\/h3>\r\n                    <h4 id=\"CHARA_816_014\" class=\"sec_h4charatxt\">Lyon<\/h4>\r\n                    <p id=\"CHARA_816_015\" class=\"sec_charatxt\">Adorado filho do imperador de Grado, Vigarde. Como seu pai, conhecido como o imperador calado, ele prefere ficar na sua.<\/p>\r\n                    <h4 id=\"CHARA_816_016\" class=\"sec_h4charatxt\">Duessel<\/h4>\r\n                    <p id=\"CHARA_816_017\" class=\"sec_charatxt\">Um dos generais mais veteranos de Grado, ele \u00e9 conhecido como Obsidiana, um dos tr\u00eas lend\u00e1rios generais imperiais. Servo de Vigarde.<\/p>\r\n                <\/section>\r\n            <\/article>\r\n        <\/main>","protected":false},"excerpt":{"rendered":"Her\u00f3i Imperador t\u00e1cito Vigarde Aparece em Fire Emblem: The Sacred Stones Sharena apresenta: Imperador t\u00e1cito Vigarde O imp\u00e9rio de Grado \u00e9 a na\u00e7\u00e3o mais poderosa no continente de Magvel. Aqui est\u00e1 Vigarde, o imperador de Grado! Ele \u00e9 muitas vezes chamado de &#8220;imperador calado&#8221; devido \u00e0 sua natureza gentil e caridosa. E por isso \u00e9 [&hellip;]","protected":false},"author":1,"featured_media":41758,"comment_status":"closed","ping_status":"closed","sticky":false,"template":"","format":"standard","meta":{"advanced_seo_description":"","jetpack_seo_html_title":"","jetpack_seo_noindex":false,"_jetpack_newsletter_access":"","_jetpack_dont_email_post_to_subs":false,"_jetpack_newsletter_tier_id":0,"_jetpack_memberships_contains_paywalled_content":false,"_locale":"pt_BR","_original_post":"https:\/\/guide.fire-emblem-heroes.com\/?p=41645","_jetpack_memberships_contains_paid_content":false,"footnotes":"","jetpack_publicize_message":"","jetpack_publicize_feature_enabled":true,"jetpack_social_post_already_shared":false,"jetpack_social_options":{"image_generator_settings":{"template":"highway","default_image_id":0,"font":"","enabled":false},"version":2},"_wpas_customize_per_network":false,"jetpack_post_was_ever_published":false},"categories":[1384,1428,1415,1390],"tags":[1463],"class_list":["post-41655","post","type-post","status-publish","format-standard","has-post-thumbnail","hentry","category-character","category-ex_works_the_sacred_stones","category-heroes","category-stay_heroes","tag-heroi","pt-BR"],"jetpack_publicize_connections":[],"jetpack_featured_media_url":"https:\/\/guide.fire-emblem-heroes.com\/wp-content\/uploads\/vigard_silent_emperor.png","jetpack_sharing_enabled":false,"jetpack_shortlink":"https:\/\/wp.me\/pa0Mj3-aPR","jetpack_likes_enabled":false,"amp_enabled":false,"_links":{"self":[{"href":"https:\/\/guide.fire-emblem-heroes.com\/wp-json\/wp\/v2\/posts\/41655","targetHints":{"allow":["GET"]}}],"collection":[{"href":"https:\/\/guide.fire-emblem-heroes.com\/wp-json\/wp\/v2\/posts"}],"about":[{"href":"https:\/\/guide.fire-emblem-heroes.com\/wp-json\/wp\/v2\/types\/post"}],"author":[{"embeddable":true,"href":"https:\/\/guide.fire-emblem-heroes.com\/wp-json\/wp\/v2\/users\/1"}],"replies":[{"embeddable":true,"href":"https:\/\/guide.fire-emblem-heroes.com\/wp-json\/wp\/v2\/comments?post=41655"}],"version-history":[{"count":1,"href":"https:\/\/guide.fire-emblem-heroes.com\/wp-json\/wp\/v2\/posts\/41655\/revisions"}],"predecessor-version":[{"id":41665,"href":"https:\/\/guide.fire-emblem-heroes.com\/wp-json\/wp\/v2\/posts\/41655\/revisions\/41665"}],"wp:featuredmedia":[{"embeddable":true,"href":"https:\/\/guide.fire-emblem-heroes.com\/wp-json\/wp\/v2\/media\/41758"}],"wp:attachment":[{"href":"https:\/\/guide.fire-emblem-heroes.com\/wp-json\/wp\/v2\/media?parent=41655"}],"wp:term":[{"taxonomy":"category","embeddable":true,"href":"https:\/\/guide.fire-emblem-heroes.com\/wp-json\/wp\/v2\/categories?post=41655"},{"taxonomy":"post_tag","embeddable":true,"href":"https:\/\/guide.fire-emblem-heroes.com\/wp-json\/wp\/v2\/tags?post=41655"}],"curies":[{"name":"wp","href":"https:\/\/api.w.org\/{rel}","templated":true}]}}