






{"id":42812,"date":"2023-05-02T12:56:13","date_gmt":"2023-05-02T03:56:13","guid":{"rendered":"https:\/\/guide.fire-emblem-heroes.com\/?p=42812"},"modified":"2023-06-08T16:38:49","modified_gmt":"2023-06-08T07:38:49","slug":"10001001000945-2","status":"publish","type":"post","link":"https:\/\/guide.fire-emblem-heroes.com\/pt-BR\/10001001000945-2\/","title":{"rendered":"<span class=\"character_nick\">Vener\u00e1vel ca\u00eddo<\/span><span class=\"character_name\">Chrom<\/span>"},"content":{"rendered":"<main id=\"CHARA_844\" class=\"main_page character\">\r\n            <article>\r\n                <section class=\"sec sec_character\">\r\n                    <ul class=\"sec_ul sec_ul--character slick-box\">\r\n                        <li class=\"sec_li sec_li--character\">\r\n                            <img decoding=\"async\" src=\"https:\/\/guide.fire-emblem-heroes.com\/wp-content\/uploads\/chrom_fell_exalt_slide01.png\" alt=\"\" \/>\r\n                        <\/li>\r\n                        <li class=\"sec_li sec_li--character\">\r\n                            <img decoding=\"async\" src=\"https:\/\/guide.fire-emblem-heroes.com\/wp-content\/uploads\/chrom_fell_exalt_slide02.png\" alt=\"\" \/>\r\n                        <\/li>\r\n                        <li class=\"sec_li sec_li--character\">\r\n                            <img decoding=\"async\" src=\"https:\/\/guide.fire-emblem-heroes.com\/wp-content\/uploads\/chrom_fell_exalt_slide03.png\" alt=\"\" \/>\r\n                        <\/li>\r\n                        <li class=\"sec_li sec_li--character\">\r\n                            <img decoding=\"async\" src=\"https:\/\/guide.fire-emblem-heroes.com\/wp-content\/uploads\/chrom_fell_exalt_slide04.png\" alt=\"\" \/>\r\n                        <\/li>\r\n                    <\/ul>\r\n                    <div class=\"sec_charainfoarea flex\">\r\n                        <div class=\"sec_gif\"><img loading=\"lazy\" decoding=\"async\" src=\"https:\/\/guide.fire-emblem-heroes.com\/wp-content\/uploads\/chrom_fell_exalt.png\" alt=\"\" width=\"210\" height=\"190\"\/><\/div>\r\n                        <div class=\"sec_charainfo\">\r\n                            <p id=\"CHARA_844_002\" class=\"sec_characate sec_characate--rearmed_heroes\">Her\u00f3i munido<\/p>\r\n                            <p id=\"CHARA_844_003\" class=\"sec_charanick\">Vener\u00e1vel ca\u00eddo<\/p>\r\n                            <p id=\"CHARA_844_004\" class=\"sec_charaname\">Chrom<\/p>\r\n                            <p id=\"CHARA_844_005\" class=\"sec_charaappearancetxt\">Aparece em<\/p>\r\n                            <p id=\"CHARA_844_006\" class=\"sec_charaappearancetxt\">Fire Emblem Awakening<\/p>\r\n                        <\/div>\r\n                    <\/div>\r\n                <\/section>\r\n            <\/article>\r\n            <article>\r\n                <section class=\"sec sec_characterarea\">\r\n                    <div class=\"sec_h2chara\">\r\n                        <p id=\"CHARA_844_007\" class=\"sec_h2charattl\">Sharena apresenta:<\/p>\r\n                        <h2 id=\"CHARA_844_008\" class=\"sec_h2charatxt\">Vener\u00e1vel ca\u00eddo Chrom<\/h2>\r\n                    <\/div>\r\n                    <dl class=\"sec_dl flex\">\r\n                        <dt id=\"CHARA_844_009\" class=\"sec_dt\">Aqui est\u00e1 Chrom, o pr\u00edncipe de Ylisse que luta por justi\u00e7a&#8230; Mas julgando pela apar\u00eancia atual dele, n\u00e3o teria como saber! O que aconteceu com ele?<\/dt>\r\n                        <dd class=\"sec_dd\">\r\n                            <a href=\"https:\/\/guide.fire-emblem-heroes.com\/wp-content\/uploads\/chrom_fell_exalt_pop01.png\" class=\"popup-image\">\r\n                                <img decoding=\"async\" src=\"https:\/\/guide.fire-emblem-heroes.com\/wp-content\/uploads\/chrom_fell_exalt_info01.png\" alt=\"\" \/>\r\n                            <\/a>\r\n                        <\/dd>\r\n                        <dt id=\"CHARA_844_010\" class=\"sec_dt\">A verdade \u00e9 que este Chrom \u00e9 totalmente diferente do Chrom que conhecemos. Ele veio de outro mundo, onde a hist\u00f3ria se desenrolou de um jeito muito distinto.<\/dt>\r\n                        <dd class=\"sec_dd\">\r\n                            <a href=\"https:\/\/guide.fire-emblem-heroes.com\/wp-content\/uploads\/chrom_fell_exalt_pop02.png\" class=\"popup-image\">\r\n                                <img decoding=\"async\" src=\"https:\/\/guide.fire-emblem-heroes.com\/wp-content\/uploads\/chrom_fell_exalt_info02.png\" alt=\"\" \/>\r\n                            <\/a>\r\n                        <\/dd>\r\n                        <dt id=\"CHARA_844_011\" class=\"sec_dt\">Naquele mundo, Chrom foi assassinado, derrotado por Grima, o terr\u00edvel drag\u00e3o, e trazido de volta como um ressuscitado imbu\u00eddo com poderes sombrios&#8230; E o que vemos \u00e0 nossa frente hoje \u00e9 o resultado disso.<\/dt>\r\n                        <dd class=\"sec_dd\">\r\n                            <a href=\"https:\/\/guide.fire-emblem-heroes.com\/wp-content\/uploads\/chrom_fell_exalt_pop03.png\" class=\"popup-image\">\r\n                                <img decoding=\"async\" src=\"https:\/\/guide.fire-emblem-heroes.com\/wp-content\/uploads\/chrom_fell_exalt_info03.png\" alt=\"\" \/>\r\n                            <\/a>\r\n                        <\/dd>\r\n                        <dt id=\"CHARA_844_012\" class=\"sec_dt\">Como um ressuscitado, tudo que este Chrom quer \u00e9 lutar. S\u00f3 espero que ele n\u00e3o venha atr\u00e1s da gente&#8230;<\/dt>\r\n                        <dd class=\"sec_dd\">\r\n                            <a href=\"https:\/\/guide.fire-emblem-heroes.com\/wp-content\/uploads\/chrom_fell_exalt_pop04.png\" class=\"popup-image\">\r\n                                <img decoding=\"async\" src=\"https:\/\/guide.fire-emblem-heroes.com\/wp-content\/uploads\/chrom_fell_exalt_info04.png\" alt=\"\" \/>\r\n                            <\/a>\r\n                        <\/dd>\r\n                    <\/dl>\r\n                    <h3 id=\"CHARA_844_013\" class=\"sec_h3charatxt\">Personagens relacionados<\/h3>\r\n                    <h4 id=\"CHARA_844_014\" class=\"sec_h4charatxt\">Robin<\/h4>\r\n                    <p id=\"CHARA_844_015\" class=\"sec_charatxt\">Robin, estrategista de Ylisse. Grima, o terr\u00edvel drag\u00e3o, controla seu corpo e alma. Certa vez, compartilhou um elo indestrut\u00edvel com Chrom.<\/p>\r\n                <\/section>\r\n            <\/article>\r\n        <\/main>","protected":false},"excerpt":{"rendered":"Her\u00f3i munido Vener\u00e1vel ca\u00eddo Chrom Aparece em Fire Emblem Awakening Sharena apresenta: Vener\u00e1vel ca\u00eddo Chrom Aqui est\u00e1 Chrom, o pr\u00edncipe de Ylisse que luta por justi\u00e7a&#8230; Mas julgando pela apar\u00eancia atual dele, n\u00e3o teria como saber! O que aconteceu com ele? A verdade \u00e9 que este Chrom \u00e9 totalmente diferente do Chrom que conhecemos. Ele [&hellip;]","protected":false},"author":1,"featured_media":42879,"comment_status":"closed","ping_status":"closed","sticky":false,"template":"","format":"standard","meta":{"advanced_seo_description":"","jetpack_seo_html_title":"","jetpack_seo_noindex":false,"jetpack_post_was_ever_published":false,"_jetpack_newsletter_access":"","_jetpack_dont_email_post_to_subs":false,"_jetpack_newsletter_tier_id":0,"_jetpack_memberships_contains_paywalled_content":false,"_locale":"pt_BR","_original_post":"https:\/\/guide.fire-emblem-heroes.com\/?p=42802","_jetpack_memberships_contains_paid_content":false,"footnotes":"","jetpack_publicize_message":"","jetpack_publicize_feature_enabled":true,"jetpack_social_post_already_shared":false,"jetpack_social_options":{"image_generator_settings":{"template":"highway","default_image_id":0,"font":"","enabled":false},"version":2},"_wpas_customize_per_network":false},"categories":[1384,1431,1496,1390],"tags":[1503],"class_list":["post-42812","post","type-post","status-publish","format-standard","has-post-thumbnail","hentry","category-character","category-ex_works_awakening","category-rearmed_heroes","category-stay_heroes","tag-heroi-munido","pt-BR"],"jetpack_publicize_connections":[],"jetpack_featured_media_url":"https:\/\/guide.fire-emblem-heroes.com\/wp-content\/uploads\/chrom_fell_exalt.png","jetpack_sharing_enabled":false,"jetpack_shortlink":"https:\/\/wp.me\/pa0Mj3-b8w","jetpack_likes_enabled":false,"amp_enabled":false,"_links":{"self":[{"href":"https:\/\/guide.fire-emblem-heroes.com\/wp-json\/wp\/v2\/posts\/42812","targetHints":{"allow":["GET"]}}],"collection":[{"href":"https:\/\/guide.fire-emblem-heroes.com\/wp-json\/wp\/v2\/posts"}],"about":[{"href":"https:\/\/guide.fire-emblem-heroes.com\/wp-json\/wp\/v2\/types\/post"}],"author":[{"embeddable":true,"href":"https:\/\/guide.fire-emblem-heroes.com\/wp-json\/wp\/v2\/users\/1"}],"replies":[{"embeddable":true,"href":"https:\/\/guide.fire-emblem-heroes.com\/wp-json\/wp\/v2\/comments?post=42812"}],"version-history":[{"count":1,"href":"https:\/\/guide.fire-emblem-heroes.com\/wp-json\/wp\/v2\/posts\/42812\/revisions"}],"predecessor-version":[{"id":42815,"href":"https:\/\/guide.fire-emblem-heroes.com\/wp-json\/wp\/v2\/posts\/42812\/revisions\/42815"}],"wp:featuredmedia":[{"embeddable":true,"href":"https:\/\/guide.fire-emblem-heroes.com\/wp-json\/wp\/v2\/media\/42879"}],"wp:attachment":[{"href":"https:\/\/guide.fire-emblem-heroes.com\/wp-json\/wp\/v2\/media?parent=42812"}],"wp:term":[{"taxonomy":"category","embeddable":true,"href":"https:\/\/guide.fire-emblem-heroes.com\/wp-json\/wp\/v2\/categories?post=42812"},{"taxonomy":"post_tag","embeddable":true,"href":"https:\/\/guide.fire-emblem-heroes.com\/wp-json\/wp\/v2\/tags?post=42812"}],"curies":[{"name":"wp","href":"https:\/\/api.w.org\/{rel}","templated":true}]}}