






{"id":43253,"date":"2023-05-29T12:31:15","date_gmt":"2023-05-29T03:31:15","guid":{"rendered":"https:\/\/guide.fire-emblem-heroes.com\/?p=43253"},"modified":"2023-05-30T13:15:44","modified_gmt":"2023-05-30T04:15:44","slug":"06001001000025-2","status":"publish","type":"post","link":"https:\/\/guide.fire-emblem-heroes.com\/pt-BR\/06001001000025-2\/","title":{"rendered":"<span class=\"character_nick\">Cavaleiro de Lycia<\/span><span class=\"character_name\">Eliwood<\/span>"},"content":{"rendered":"<main id=\"CHARA_851\" class=\"main_page character\">\r\n            <article>\r\n                <section class=\"sec sec_character\">\r\n                    <ul class=\"sec_ul sec_ul--character slick-box\">\r\n                        <li class=\"sec_li sec_li--character\">\r\n                            <img decoding=\"async\" src=\"https:\/\/guide.fire-emblem-heroes.com\/wp-content\/uploads\/eliwod_knight_of_lycia_slide01.png\" alt=\"\" \/>\r\n                        <\/li>\r\n                        <li class=\"sec_li sec_li--character\">\r\n                            <img decoding=\"async\" src=\"https:\/\/guide.fire-emblem-heroes.com\/wp-content\/uploads\/eliwod_knight_of_lycia_slide02.png\" alt=\"\" \/>\r\n                        <\/li>\r\n                        <li class=\"sec_li sec_li--character\">\r\n                            <img decoding=\"async\" src=\"https:\/\/guide.fire-emblem-heroes.com\/wp-content\/uploads\/eliwod_knight_of_lycia_slide03.png\" alt=\"\" \/>\r\n                        <\/li>\r\n                        <li class=\"sec_li sec_li--character\">\r\n                            <img decoding=\"async\" src=\"https:\/\/guide.fire-emblem-heroes.com\/wp-content\/uploads\/eliwod_knight_of_lycia_slide04.png\" alt=\"\" \/>\r\n                        <\/li>\r\n                    <\/ul>\r\n                    <div class=\"sec_charainfoarea flex\">\r\n                        <div class=\"sec_gif\"><img loading=\"lazy\" decoding=\"async\" src=\"https:\/\/guide.fire-emblem-heroes.com\/wp-content\/uploads\/eliwod_knight_of_lycia.png\" alt=\"\" width=\"210\" height=\"190\"\/><\/div>\r\n                        <div class=\"sec_charainfo\">\r\n                            <p id=\"CHARA_851_002\" class=\"sec_characate sec_characate--heroes\">Her\u00f3i<\/p>\r\n                            <p id=\"CHARA_851_003\" class=\"sec_charanick\">Cavaleiro de Lycia<\/p>\r\n                            <p id=\"CHARA_851_004\" class=\"sec_charaname\">Eliwood<\/p>\r\n                            <p id=\"CHARA_851_005\" class=\"sec_charaappearancetxt\">Aparece em<\/p>\r\n                            <p id=\"CHARA_851_006\" class=\"sec_charaappearancetxt\">Fire Emblem: The Blazing Blade<\/p>\r\n                        <\/div>\r\n                    <\/div>\r\n                <\/section>\r\n            <\/article>\r\n            <article>\r\n                <section class=\"sec sec_characterarea\">\r\n                    <div class=\"sec_h2chara\">\r\n                        <p id=\"CHARA_851_007\" class=\"sec_h2charattl\">Sharena apresenta:<\/p>\r\n                        <h2 id=\"CHARA_851_008\" class=\"sec_h2charatxt\">Cavaleiro de Lycia Eliwood<\/h2>\r\n                    <\/div>\r\n                    <dl class=\"sec_dl flex\">\r\n                        <dt id=\"CHARA_851_009\" class=\"sec_dt\">Filho de um marqu\u00eas, Eliwood \u00e9 um jovem nobre da casa Pherae, que faz parte da Liga lyciana de Elibe. Ele \u00e9 um homem gentil que acredita em fazer a coisa certa!<\/dt>\r\n                        <dd class=\"sec_dd\">\r\n                            <a href=\"https:\/\/guide.fire-emblem-heroes.com\/wp-content\/uploads\/eliwod_knight_of_lycia_pop01.png\" class=\"popup-image\">\r\n                                <img decoding=\"async\" src=\"https:\/\/guide.fire-emblem-heroes.com\/wp-content\/uploads\/eliwod_knight_of_lycia_info01.png\" alt=\"\" \/>\r\n                            <\/a>\r\n                        <\/dd>\r\n                        <dt id=\"CHARA_851_010\" class=\"sec_dt\">Lycia era um lugar tranquilo, at\u00e9 que, um dia, algo estranho aconteceu: o pai de Eliwood, Elbert, e seus cavaleiros desapareceram!<\/dt>\r\n                        <dd class=\"sec_dd\">\r\n                            <a href=\"https:\/\/guide.fire-emblem-heroes.com\/wp-content\/uploads\/eliwod_knight_of_lycia_pop02.png\" class=\"popup-image\">\r\n                                <img decoding=\"async\" src=\"https:\/\/guide.fire-emblem-heroes.com\/wp-content\/uploads\/eliwod_knight_of_lycia_info02.png\" alt=\"\" \/>\r\n                            <\/a>\r\n                        <\/dd>\r\n                        <dt id=\"CHARA_851_011\" class=\"sec_dt\">Eliwood deixou Pherae em busca de seu pai perdido e teve a ajuda de dois aliados: Hector, irm\u00e3o do marqu\u00eas Ositia, e Lyn, uma nobre de Caelin.<\/dt>\r\n                        <dd class=\"sec_dd\">\r\n                            <a href=\"https:\/\/guide.fire-emblem-heroes.com\/wp-content\/uploads\/eliwod_knight_of_lycia_pop03.png\" class=\"popup-image\">\r\n                                <img decoding=\"async\" src=\"https:\/\/guide.fire-emblem-heroes.com\/wp-content\/uploads\/eliwod_knight_of_lycia_info03.png\" alt=\"\" \/>\r\n                            <\/a>\r\n                        <\/dd>\r\n                        <dt id=\"CHARA_851_012\" class=\"sec_dt\">Ao longo das suas aventuras, eles descobriram uma conspira\u00e7\u00e3o ampla e terr\u00edvel para envolver Elibe em uma guerra. Ser\u00e1 que Eliwood vai encontrar seu pai e trazer a paz de volta para o continente?<\/dt>\r\n                        <dd class=\"sec_dd\">\r\n                            <a href=\"https:\/\/guide.fire-emblem-heroes.com\/wp-content\/uploads\/eliwod_knight_of_lycia_pop04.png\" class=\"popup-image\">\r\n                                <img decoding=\"async\" src=\"https:\/\/guide.fire-emblem-heroes.com\/wp-content\/uploads\/eliwod_knight_of_lycia_info04.png\" alt=\"\" \/>\r\n                            <\/a>\r\n                        <\/dd>\r\n                    <\/dl>\r\n                    <h3 id=\"CHARA_851_013\" class=\"sec_h3charatxt\">Personagens relacionados<\/h3>\r\n                    <h4 id=\"CHARA_851_014\" class=\"sec_h4charatxt\">Hector<\/h4>\r\n                    <p id=\"CHARA_851_015\" class=\"sec_charatxt\">Amigo de Eliwood e irm\u00e3o do marqu\u00eas de Ositia. Prefere a a\u00e7\u00e3o da batalha \u00e0s formalidades da corte.<\/p>\r\n                    <h4 id=\"CHARA_851_016\" class=\"sec_h4charatxt\">Lyn<\/h4>\r\n                    <p id=\"CHARA_851_017\" class=\"sec_charatxt\">Jovem que cresceu entre os n\u00f4mades antes de saber que pertencia a nobreza de Caelin. Luta ao lado de Eliwood para confrontar as ambi\u00e7\u00f5es sombrias de Nergal.<\/p>\r\n                <\/section>\r\n            <\/article>\r\n        <\/main>","protected":false},"excerpt":{"rendered":"Her\u00f3i Cavaleiro de Lycia Eliwood Aparece em Fire Emblem: The Blazing Blade Sharena apresenta: Cavaleiro de Lycia Eliwood Filho de um marqu\u00eas, Eliwood \u00e9 um jovem nobre da casa Pherae, que faz parte da Liga lyciana de Elibe. Ele \u00e9 um homem gentil que acredita em fazer a coisa certa! Lycia era um lugar tranquilo, [&hellip;]","protected":false},"author":1,"featured_media":43370,"comment_status":"closed","ping_status":"closed","sticky":false,"template":"","format":"standard","meta":{"advanced_seo_description":"","jetpack_seo_html_title":"","jetpack_seo_noindex":false,"_jetpack_newsletter_access":"","_jetpack_dont_email_post_to_subs":false,"_jetpack_newsletter_tier_id":0,"_jetpack_memberships_contains_paywalled_content":false,"_locale":"pt_BR","_original_post":"https:\/\/guide.fire-emblem-heroes.com\/?p=43243","_jetpack_memberships_contains_paid_content":false,"footnotes":"","jetpack_publicize_message":"","jetpack_publicize_feature_enabled":true,"jetpack_social_post_already_shared":false,"jetpack_social_options":{"image_generator_settings":{"template":"highway","default_image_id":0,"font":"","enabled":false},"version":2},"_wpas_customize_per_network":false,"jetpack_post_was_ever_published":false},"categories":[1384,1427,1415,1390],"tags":[1463],"class_list":["post-43253","post","type-post","status-publish","format-standard","has-post-thumbnail","hentry","category-character","category-ex_works_the_blazing_blade","category-heroes","category-stay_heroes","tag-heroi","pt-BR"],"jetpack_publicize_connections":[],"jetpack_featured_media_url":"https:\/\/guide.fire-emblem-heroes.com\/wp-content\/uploads\/eliwod_knight_of_lycia.png","jetpack_sharing_enabled":false,"jetpack_shortlink":"https:\/\/wp.me\/pa0Mj3-bfD","jetpack_likes_enabled":false,"amp_enabled":false,"_links":{"self":[{"href":"https:\/\/guide.fire-emblem-heroes.com\/wp-json\/wp\/v2\/posts\/43253","targetHints":{"allow":["GET"]}}],"collection":[{"href":"https:\/\/guide.fire-emblem-heroes.com\/wp-json\/wp\/v2\/posts"}],"about":[{"href":"https:\/\/guide.fire-emblem-heroes.com\/wp-json\/wp\/v2\/types\/post"}],"author":[{"embeddable":true,"href":"https:\/\/guide.fire-emblem-heroes.com\/wp-json\/wp\/v2\/users\/1"}],"replies":[{"embeddable":true,"href":"https:\/\/guide.fire-emblem-heroes.com\/wp-json\/wp\/v2\/comments?post=43253"}],"version-history":[{"count":1,"href":"https:\/\/guide.fire-emblem-heroes.com\/wp-json\/wp\/v2\/posts\/43253\/revisions"}],"predecessor-version":[{"id":43257,"href":"https:\/\/guide.fire-emblem-heroes.com\/wp-json\/wp\/v2\/posts\/43253\/revisions\/43257"}],"wp:featuredmedia":[{"embeddable":true,"href":"https:\/\/guide.fire-emblem-heroes.com\/wp-json\/wp\/v2\/media\/43370"}],"wp:attachment":[{"href":"https:\/\/guide.fire-emblem-heroes.com\/wp-json\/wp\/v2\/media?parent=43253"}],"wp:term":[{"taxonomy":"category","embeddable":true,"href":"https:\/\/guide.fire-emblem-heroes.com\/wp-json\/wp\/v2\/categories?post=43253"},{"taxonomy":"post_tag","embeddable":true,"href":"https:\/\/guide.fire-emblem-heroes.com\/wp-json\/wp\/v2\/tags?post=43253"}],"curies":[{"name":"wp","href":"https:\/\/api.w.org\/{rel}","templated":true}]}}