






{"id":44014,"date":"2023-06-28T12:32:55","date_gmt":"2023-06-28T03:32:55","guid":{"rendered":"https:\/\/guide.fire-emblem-heroes.com\/?p=44014"},"modified":"2023-06-29T12:38:43","modified_gmt":"2023-06-29T03:38:43","slug":"07001002000281-2","status":"publish","type":"post","link":"https:\/\/guide.fire-emblem-heroes.com\/pt-BR\/07001002000281-2\/","title":{"rendered":"<span class=\"character_nick\">Lorde sagrado<\/span><span class=\"character_name\">Ephraim<\/span>"},"content":{"rendered":"<main id=\"CHARA_869\" class=\"main_page character\">\r\n            <article>\r\n                <section class=\"sec sec_character\">\r\n                    <ul class=\"sec_ul sec_ul--character slick-box\">\r\n                        <li class=\"sec_li sec_li--character\">\r\n                            <img decoding=\"async\" src=\"https:\/\/guide.fire-emblem-heroes.com\/wp-content\/uploads\/ephram_sacred_twin_lord_slide01.png\" alt=\"\" \/>\r\n                        <\/li>\r\n                        <li class=\"sec_li sec_li--character\">\r\n                            <img decoding=\"async\" src=\"https:\/\/guide.fire-emblem-heroes.com\/wp-content\/uploads\/ephram_sacred_twin_lord_slide02.png\" alt=\"\" \/>\r\n                        <\/li>\r\n                        <li class=\"sec_li sec_li--character\">\r\n                            <img decoding=\"async\" src=\"https:\/\/guide.fire-emblem-heroes.com\/wp-content\/uploads\/ephram_sacred_twin_lord_slide03.png\" alt=\"\" \/>\r\n                        <\/li>\r\n                        <li class=\"sec_li sec_li--character\">\r\n                            <img decoding=\"async\" src=\"https:\/\/guide.fire-emblem-heroes.com\/wp-content\/uploads\/ephram_sacred_twin_lord_slide04.png\" alt=\"\" \/>\r\n                        <\/li>\r\n                    <\/ul>\r\n                    <div class=\"sec_charainfoarea flex\">\r\n                        <div class=\"sec_gif\"><img loading=\"lazy\" decoding=\"async\" src=\"https:\/\/guide.fire-emblem-heroes.com\/wp-content\/uploads\/ephram_sacred_twin_lord.png\" alt=\"\" width=\"210\" height=\"190\"\/><\/div>\r\n                        <div class=\"sec_charainfo\">\r\n                            <p id=\"CHARA_869_002\" class=\"sec_characate sec_characate--heroes\">Her\u00f3i<\/p>\r\n                            <p id=\"CHARA_869_003\" class=\"sec_charanick\">Lorde sagrado<\/p>\r\n                            <p id=\"CHARA_869_004\" class=\"sec_charaname\">Ephraim<\/p>\r\n                            <p id=\"CHARA_869_005\" class=\"sec_charaappearancetxt\">Aparece em<\/p>\r\n                            <p id=\"CHARA_869_006\" class=\"sec_charaappearancetxt\">Fire Emblem: The Sacred Stones<\/p>\r\n                        <\/div>\r\n                    <\/div>\r\n                <\/section>\r\n            <\/article>\r\n            <article>\r\n                <section class=\"sec sec_characterarea\">\r\n                    <div class=\"sec_h2chara\">\r\n                        <p id=\"CHARA_869_007\" class=\"sec_h2charattl\">Sharena apresenta:<\/p>\r\n                        <h2 id=\"CHARA_869_008\" class=\"sec_h2charatxt\">Lorde sagrado Ephraim<\/h2>\r\n                    <\/div>\r\n                    <dl class=\"sec_dl flex\">\r\n                        <dt id=\"CHARA_869_009\" class=\"sec_dt\">Ephraim, o pr\u00edncipe de Renais, est\u00e1 aqui para se unir \u00e0 batalha com a armadura do seu pai, Fado!<\/dt>\r\n                        <dd class=\"sec_dd\">\r\n                            <a href=\"https:\/\/guide.fire-emblem-heroes.com\/wp-content\/uploads\/ephram_sacred_twin_lord_pop01.png\" class=\"popup-image\">\r\n                                <img decoding=\"async\" src=\"https:\/\/guide.fire-emblem-heroes.com\/wp-content\/uploads\/ephram_sacred_twin_lord_info01.png\" alt=\"\" \/>\r\n                            <\/a>\r\n                        <\/dd>\r\n                        <dt id=\"CHARA_869_010\" class=\"sec_dt\">Governante nobre e valente, Fado era conhecido como o rei guerreiro. Agora, Ephraim segue os passos do pai e veste sua antiga armadura, irradiando determina\u00e7\u00e3o.<\/dt>\r\n                        <dd class=\"sec_dd\">\r\n                            <a href=\"https:\/\/guide.fire-emblem-heroes.com\/wp-content\/uploads\/ephram_sacred_twin_lord_pop02.png\" class=\"popup-image\">\r\n                                <img decoding=\"async\" src=\"https:\/\/guide.fire-emblem-heroes.com\/wp-content\/uploads\/ephram_sacred_twin_lord_info02.png\" alt=\"\" \/>\r\n                            <\/a>\r\n                        <\/dd>\r\n                        <dt id=\"CHARA_869_011\" class=\"sec_dt\">Normalmente, Ephraim usa uma lan\u00e7a, mas n\u00e3o desta vez. Ele est\u00e1 empunhando Garm, o machado negro, uma das armas g\u00eameas sagradas de Grado, que \u00e9 o reino de Lyon, o amigo de Ephraim!<\/dt>\r\n                        <dd class=\"sec_dd\">\r\n                            <a href=\"https:\/\/guide.fire-emblem-heroes.com\/wp-content\/uploads\/ephram_sacred_twin_lord_pop03.png\" class=\"popup-image\">\r\n                                <img decoding=\"async\" src=\"https:\/\/guide.fire-emblem-heroes.com\/wp-content\/uploads\/ephram_sacred_twin_lord_info03.png\" alt=\"\" \/>\r\n                            <\/a>\r\n                        <\/dd>\r\n                        <dt id=\"CHARA_869_012\" class=\"sec_dt\">Ephraim se inspira em seu grande pai e em seu amigo insubstitu\u00edvel enquanto luta pela paz em Askr. Ele \u00e9 justamente o tipo de pessoa que eu gosto de ver na Ordem dos Her\u00f3is!<\/dt>\r\n                        <dd class=\"sec_dd\">\r\n                            <a href=\"https:\/\/guide.fire-emblem-heroes.com\/wp-content\/uploads\/ephram_sacred_twin_lord_pop04.png\" class=\"popup-image\">\r\n                                <img decoding=\"async\" src=\"https:\/\/guide.fire-emblem-heroes.com\/wp-content\/uploads\/ephram_sacred_twin_lord_info04.png\" alt=\"\" \/>\r\n                            <\/a>\r\n                        <\/dd>\r\n                    <\/dl>\r\n                    <h3 id=\"CHARA_869_013\" class=\"sec_h3charatxt\">Personagens relacionados<\/h3>\r\n                    <h4 id=\"CHARA_869_014\" class=\"sec_h4charatxt\">Eirika<\/h4>\r\n                    <p id=\"CHARA_869_015\" class=\"sec_charatxt\">Princesa de Renais. Irm\u00e3 g\u00eamea de Ephraim. Se importa muito com seu irm\u00e3o. Sua bondade \u00e0s vezes a coloca em perigo.<\/p>\r\n                    <h4 id=\"CHARA_869_016\" class=\"sec_h4charatxt\">Lyon<\/h4>\r\n                    <p id=\"CHARA_869_017\" class=\"sec_charatxt\">Pr\u00edncipe de Grado, ele n\u00e3o gosta de lutar. \u00c9 amigo de inf\u00e2ncia de Ephraim e Eirika.<\/p>\r\n                <\/section>\r\n            <\/article>\r\n        <\/main>","protected":false},"excerpt":{"rendered":"Her\u00f3i Lorde sagrado Ephraim Aparece em Fire Emblem: The Sacred Stones Sharena apresenta: Lorde sagrado Ephraim Ephraim, o pr\u00edncipe de Renais, est\u00e1 aqui para se unir \u00e0 batalha com a armadura do seu pai, Fado! Governante nobre e valente, Fado era conhecido como o rei guerreiro. Agora, Ephraim segue os passos do pai e veste [&hellip;]","protected":false},"author":1,"featured_media":44106,"comment_status":"closed","ping_status":"closed","sticky":false,"template":"","format":"standard","meta":{"advanced_seo_description":"","jetpack_seo_html_title":"","jetpack_seo_noindex":false,"_jetpack_newsletter_access":"","_jetpack_dont_email_post_to_subs":false,"_jetpack_newsletter_tier_id":0,"_jetpack_memberships_contains_paywalled_content":false,"_locale":"pt_BR","_original_post":"https:\/\/guide.fire-emblem-heroes.com\/?p=44004","_jetpack_memberships_contains_paid_content":false,"footnotes":"","jetpack_publicize_message":"","jetpack_publicize_feature_enabled":true,"jetpack_social_post_already_shared":false,"jetpack_social_options":{"image_generator_settings":{"template":"highway","default_image_id":0,"font":"","enabled":false},"version":2},"_wpas_customize_per_network":false,"jetpack_post_was_ever_published":false},"categories":[1384,1428,1415,1390],"tags":[1463],"class_list":["post-44014","post","type-post","status-publish","format-standard","has-post-thumbnail","hentry","category-character","category-ex_works_the_sacred_stones","category-heroes","category-stay_heroes","tag-heroi","pt-BR"],"jetpack_publicize_connections":[],"jetpack_featured_media_url":"https:\/\/guide.fire-emblem-heroes.com\/wp-content\/uploads\/ephram_sacred_twin_lord.png","jetpack_sharing_enabled":false,"jetpack_shortlink":"https:\/\/wp.me\/pa0Mj3-brU","jetpack_likes_enabled":false,"amp_enabled":false,"_links":{"self":[{"href":"https:\/\/guide.fire-emblem-heroes.com\/wp-json\/wp\/v2\/posts\/44014","targetHints":{"allow":["GET"]}}],"collection":[{"href":"https:\/\/guide.fire-emblem-heroes.com\/wp-json\/wp\/v2\/posts"}],"about":[{"href":"https:\/\/guide.fire-emblem-heroes.com\/wp-json\/wp\/v2\/types\/post"}],"author":[{"embeddable":true,"href":"https:\/\/guide.fire-emblem-heroes.com\/wp-json\/wp\/v2\/users\/1"}],"replies":[{"embeddable":true,"href":"https:\/\/guide.fire-emblem-heroes.com\/wp-json\/wp\/v2\/comments?post=44014"}],"version-history":[{"count":1,"href":"https:\/\/guide.fire-emblem-heroes.com\/wp-json\/wp\/v2\/posts\/44014\/revisions"}],"predecessor-version":[{"id":44021,"href":"https:\/\/guide.fire-emblem-heroes.com\/wp-json\/wp\/v2\/posts\/44014\/revisions\/44021"}],"wp:featuredmedia":[{"embeddable":true,"href":"https:\/\/guide.fire-emblem-heroes.com\/wp-json\/wp\/v2\/media\/44106"}],"wp:attachment":[{"href":"https:\/\/guide.fire-emblem-heroes.com\/wp-json\/wp\/v2\/media?parent=44014"}],"wp:term":[{"taxonomy":"category","embeddable":true,"href":"https:\/\/guide.fire-emblem-heroes.com\/wp-json\/wp\/v2\/categories?post=44014"},{"taxonomy":"post_tag","embeddable":true,"href":"https:\/\/guide.fire-emblem-heroes.com\/wp-json\/wp\/v2\/tags?post=44014"}],"curies":[{"name":"wp","href":"https:\/\/api.w.org\/{rel}","templated":true}]}}