






{"id":45271,"date":"2023-08-29T12:19:38","date_gmt":"2023-08-29T03:19:38","guid":{"rendered":"https:\/\/guide.fire-emblem-heroes.com\/?p=45271"},"modified":"2023-09-14T16:01:02","modified_gmt":"2023-09-14T07:01:02","slug":"14001002000991-2","status":"publish","type":"post","link":"https:\/\/guide.fire-emblem-heroes.com\/pt-BR\/14001002000991-2\/","title":{"rendered":"<span class=\"character_nick\">Despertar divino<\/span><span class=\"character_name\">Alear<\/span>"},"content":{"rendered":"<main id=\"CHARA_898\" class=\"main_page character\">\r\n            <article>\r\n                <section class=\"sec sec_character\">\r\n                    <ul class=\"sec_ul sec_ul--character slick-box\">\r\n                        <li class=\"sec_li sec_li--character\">\r\n                            <img decoding=\"async\" src=\"https:\/\/guide.fire-emblem-heroes.com\/wp-content\/uploads\/lueue_awoken_divinity_slide01.png\" alt=\"\" \/>\r\n                        <\/li>\r\n                        <li class=\"sec_li sec_li--character\">\r\n                            <img decoding=\"async\" src=\"https:\/\/guide.fire-emblem-heroes.com\/wp-content\/uploads\/lueue_awoken_divinity_slide02.png\" alt=\"\" \/>\r\n                        <\/li>\r\n                        <li class=\"sec_li sec_li--character\">\r\n                            <img decoding=\"async\" src=\"https:\/\/guide.fire-emblem-heroes.com\/wp-content\/uploads\/lueue_awoken_divinity_slide03.png\" alt=\"\" \/>\r\n                        <\/li>\r\n                        <li class=\"sec_li sec_li--character\">\r\n                            <img decoding=\"async\" src=\"https:\/\/guide.fire-emblem-heroes.com\/wp-content\/uploads\/lueue_awoken_divinity_slide04.png\" alt=\"\" \/>\r\n                        <\/li>\r\n                    <\/ul>\r\n                    <div class=\"sec_charainfoarea flex\">\r\n                        <div class=\"sec_gif\"><img loading=\"lazy\" decoding=\"async\" src=\"https:\/\/guide.fire-emblem-heroes.com\/wp-content\/uploads\/lueue_awoken_divinity.png\" alt=\"\" width=\"210\" height=\"190\"\/><\/div>\r\n                        <div class=\"sec_charainfo\">\r\n                            <p id=\"CHARA_898_002\" class=\"sec_characate sec_characate--legendary_heroes\">Hero\u00edna lend\u00e1ria<\/p>\r\n                            <p id=\"CHARA_898_003\" class=\"sec_charanick\">Despertar divino<\/p>\r\n                            <p id=\"CHARA_898_004\" class=\"sec_charaname\">Alear<\/p>\r\n                            <p id=\"CHARA_898_005\" class=\"sec_charaappearancetxt\">Aparece em<\/p>\r\n                            <p id=\"CHARA_898_006\" class=\"sec_charaappearancetxt\">Fire Emblem Engage<\/p>\r\n                        <\/div>\r\n                    <\/div>\r\n                <\/section>\r\n            <\/article>\r\n            <article>\r\n                <section class=\"sec sec_characterarea\">\r\n                    <div class=\"sec_h2chara\">\r\n                        <p id=\"CHARA_898_007\" class=\"sec_h2charattl\">Sharena apresenta:<\/p>\r\n                        <h2 id=\"CHARA_898_008\" class=\"sec_h2charatxt\">Despertar divino Alear<\/h2>\r\n                    <\/div>\r\n                    <dl class=\"sec_dl flex\">\r\n                        <dt id=\"CHARA_898_009\" class=\"sec_dt\">Depois de derrotar Sombron, o terr\u00edvel drag\u00e3o que afundou o continente de Elyos na guerra, Alear sucumbiu a ferimentos e caiu em um sono profundo.<\/dt>\r\n                        <dd class=\"sec_dd\">\r\n                            <a href=\"https:\/\/guide.fire-emblem-heroes.com\/wp-content\/uploads\/lueue_awoken_divinity_pop01.png\" class=\"popup-image\">\r\n                                <img decoding=\"async\" src=\"https:\/\/guide.fire-emblem-heroes.com\/wp-content\/uploads\/lueue_awoken_divinity_info01.png\" alt=\"\" \/>\r\n                            <\/a>\r\n                        <\/dd>\r\n                        <dt id=\"CHARA_898_010\" class=\"sec_dt\">Ela acordou mil anos depois gra\u00e7as ao sacrif\u00edcio de sua m\u00e3e, Lumera. Por\u00e9m, Sombron tamb\u00e9m havia retornado. Ele enviou um assassino para tirar a vida de Lumera!<\/dt>\r\n                        <dd class=\"sec_dd\">\r\n                            <a href=\"https:\/\/guide.fire-emblem-heroes.com\/wp-content\/uploads\/lueue_awoken_divinity_pop02.png\" class=\"popup-image\">\r\n                                <img decoding=\"async\" src=\"https:\/\/guide.fire-emblem-heroes.com\/wp-content\/uploads\/lueue_awoken_divinity_info02.png\" alt=\"\" \/>\r\n                            <\/a>\r\n                        <\/dd>\r\n                        <dt id=\"CHARA_898_011\" class=\"sec_dt\">Para derrotar Sombron novamente, Alear atravessou o continente reunindo os an\u00e9is que abrigam os emblemas, que s\u00e3o her\u00f3is de outros mundos. Ap\u00f3s reunir os doze an\u00e9is, fazer amizades e aliados, ela obteve um poder de dimens\u00f5es in\u00e9ditas.<\/dt>\r\n                        <dd class=\"sec_dd\">\r\n                            <a href=\"https:\/\/guide.fire-emblem-heroes.com\/wp-content\/uploads\/lueue_awoken_divinity_pop03.png\" class=\"popup-image\">\r\n                                <img decoding=\"async\" src=\"https:\/\/guide.fire-emblem-heroes.com\/wp-content\/uploads\/lueue_awoken_divinity_info03.png\" alt=\"\" \/>\r\n                            <\/a>\r\n                        <\/dd>\r\n                        <dt id=\"CHARA_898_012\" class=\"sec_dt\">Ela desafiou Sombron e o enfrentou como o drag\u00e3o divino e protetor de Elyos. A imagem de Alear lutando pelo futuro, banhada pelo brilho dos emblemas, se tornou uma lenda ao longo das eras!<\/dt>\r\n                        <dd class=\"sec_dd\">\r\n                            <a href=\"https:\/\/guide.fire-emblem-heroes.com\/wp-content\/uploads\/lueue_awoken_divinity_pop04.png\" class=\"popup-image\">\r\n                                <img decoding=\"async\" src=\"https:\/\/guide.fire-emblem-heroes.com\/wp-content\/uploads\/lueue_awoken_divinity_info04.png\" alt=\"\" \/>\r\n                            <\/a>\r\n                        <\/dd>\r\n                    <\/dl>\r\n                    <h3 id=\"CHARA_898_013\" class=\"sec_h3charatxt\">Personagens relacionados<\/h3>\r\n                    <h4 id=\"CHARA_898_014\" class=\"sec_h4charatxt\">Lumera<\/h4>\r\n                    <p id=\"CHARA_898_015\" class=\"sec_charatxt\">Drag\u00e3o divino monarca, soberana do reino sagrado de Lythos. Ela \u00e9 m\u00e3e de Alear e a hero\u00edna que certa vez salvou todo o continente de Elyos.<\/p>\r\n                <\/section>\r\n            <\/article>\r\n        <\/main>","protected":false},"excerpt":{"rendered":"Hero\u00edna lend\u00e1ria Despertar divino Alear Aparece em Fire Emblem Engage Sharena apresenta: Despertar divino Alear Depois de derrotar Sombron, o terr\u00edvel drag\u00e3o que afundou o continente de Elyos na guerra, Alear sucumbiu a ferimentos e caiu em um sono profundo. Ela acordou mil anos depois gra\u00e7as ao sacrif\u00edcio de sua m\u00e3e, Lumera. Por\u00e9m, Sombron tamb\u00e9m [&hellip;]","protected":false},"author":1,"featured_media":45413,"comment_status":"closed","ping_status":"closed","sticky":false,"template":"","format":"standard","meta":{"advanced_seo_description":"","jetpack_seo_html_title":"","jetpack_seo_noindex":false,"_jetpack_newsletter_access":"","_jetpack_dont_email_post_to_subs":false,"_jetpack_newsletter_tier_id":0,"_jetpack_memberships_contains_paywalled_content":false,"_locale":"pt_BR","_original_post":"https:\/\/guide.fire-emblem-heroes.com\/?p=45260","_jetpack_memberships_contains_paid_content":false,"footnotes":"","jetpack_publicize_message":"","jetpack_publicize_feature_enabled":true,"jetpack_social_post_already_shared":false,"jetpack_social_options":{"image_generator_settings":{"template":"highway","default_image_id":0,"font":"","enabled":false},"version":2},"_wpas_customize_per_network":false,"jetpack_post_was_ever_published":false},"categories":[1512,1384,1390,1388],"tags":[1456],"class_list":["post-45271","post","type-post","status-publish","format-standard","has-post-thumbnail","hentry","category-ex_works_engage","category-character","category-stay_heroes","category-legendary_heroes","tag-heroina-lendaria","pt-BR"],"jetpack_publicize_connections":[],"jetpack_featured_media_url":"https:\/\/guide.fire-emblem-heroes.com\/wp-content\/uploads\/lueue_awoken_divinity.png","jetpack_sharing_enabled":false,"jetpack_shortlink":"https:\/\/wp.me\/pa0Mj3-bMb","jetpack_likes_enabled":false,"amp_enabled":false,"_links":{"self":[{"href":"https:\/\/guide.fire-emblem-heroes.com\/wp-json\/wp\/v2\/posts\/45271","targetHints":{"allow":["GET"]}}],"collection":[{"href":"https:\/\/guide.fire-emblem-heroes.com\/wp-json\/wp\/v2\/posts"}],"about":[{"href":"https:\/\/guide.fire-emblem-heroes.com\/wp-json\/wp\/v2\/types\/post"}],"author":[{"embeddable":true,"href":"https:\/\/guide.fire-emblem-heroes.com\/wp-json\/wp\/v2\/users\/1"}],"replies":[{"embeddable":true,"href":"https:\/\/guide.fire-emblem-heroes.com\/wp-json\/wp\/v2\/comments?post=45271"}],"version-history":[{"count":1,"href":"https:\/\/guide.fire-emblem-heroes.com\/wp-json\/wp\/v2\/posts\/45271\/revisions"}],"predecessor-version":[{"id":45277,"href":"https:\/\/guide.fire-emblem-heroes.com\/wp-json\/wp\/v2\/posts\/45271\/revisions\/45277"}],"wp:featuredmedia":[{"embeddable":true,"href":"https:\/\/guide.fire-emblem-heroes.com\/wp-json\/wp\/v2\/media\/45413"}],"wp:attachment":[{"href":"https:\/\/guide.fire-emblem-heroes.com\/wp-json\/wp\/v2\/media?parent=45271"}],"wp:term":[{"taxonomy":"category","embeddable":true,"href":"https:\/\/guide.fire-emblem-heroes.com\/wp-json\/wp\/v2\/categories?post=45271"},{"taxonomy":"post_tag","embeddable":true,"href":"https:\/\/guide.fire-emblem-heroes.com\/wp-json\/wp\/v2\/tags?post=45271"}],"curies":[{"name":"wp","href":"https:\/\/api.w.org\/{rel}","templated":true}]}}