






{"id":45520,"date":"2023-09-05T12:41:56","date_gmt":"2023-09-05T03:41:56","guid":{"rendered":"https:\/\/guide.fire-emblem-heroes.com\/?p=45520"},"modified":"2023-10-10T16:09:59","modified_gmt":"2023-10-10T07:09:59","slug":"01004005000994-2","status":"publish","type":"post","link":"https:\/\/guide.fire-emblem-heroes.com\/pt-BR\/01004005000994-2\/","title":{"rendered":"<span class=\"character_nick\">Cavaleira z\u00e9firo<\/span><span class=\"character_name\">Catria<\/span>"},"content":{"rendered":"<main id=\"CHARA_905\" class=\"main_page character\">\r\n            <article>\r\n                <section class=\"sec sec_character\">\r\n                    <ul class=\"sec_ul sec_ul--character slick-box\">\r\n                        <li class=\"sec_li sec_li--character\">\r\n                            <img decoding=\"async\" src=\"https:\/\/guide.fire-emblem-heroes.com\/wp-content\/uploads\/katua_windswept_knight_slide01.png\" alt=\"\" \/>\r\n                        <\/li>\r\n                        <li class=\"sec_li sec_li--character\">\r\n                            <img decoding=\"async\" src=\"https:\/\/guide.fire-emblem-heroes.com\/wp-content\/uploads\/katua_windswept_knight_slide02.png\" alt=\"\" \/>\r\n                        <\/li>\r\n                        <li class=\"sec_li sec_li--character\">\r\n                            <img decoding=\"async\" src=\"https:\/\/guide.fire-emblem-heroes.com\/wp-content\/uploads\/katua_windswept_knight_slide03.png\" alt=\"\" \/>\r\n                        <\/li>\r\n                        <li class=\"sec_li sec_li--character\">\r\n                            <img decoding=\"async\" src=\"https:\/\/guide.fire-emblem-heroes.com\/wp-content\/uploads\/katua_windswept_knight_slide04.png\" alt=\"\" \/>\r\n                        <\/li>\r\n                    <\/ul>\r\n                    <div class=\"sec_charainfoarea flex\">\r\n                        <div class=\"sec_gif\"><img loading=\"lazy\" decoding=\"async\" src=\"https:\/\/guide.fire-emblem-heroes.com\/wp-content\/uploads\/katua_windswept_knight.png\" alt=\"\" width=\"210\" height=\"190\"\/><\/div>\r\n                        <div class=\"sec_charainfo\">\r\n                            <p id=\"CHARA_905_002\" class=\"sec_characate sec_characate--special_heroes\">Hero\u00edna especial<\/p>\r\n                            <p id=\"CHARA_905_003\" class=\"sec_charanick\">Cavaleira z\u00e9firo<\/p>\r\n                            <p id=\"CHARA_905_004\" class=\"sec_charaname\">Catria<\/p>\r\n                            <p id=\"CHARA_905_005\" class=\"sec_charaappearancetxt\">Aparece em<\/p>\r\n                            <p id=\"CHARA_905_006\" class=\"sec_charaappearancetxt\">Fire Emblem: Mystery of the Emblem<\/p>\r\n                        <\/div>\r\n                    <\/div>\r\n                <\/section>\r\n            <\/article>\r\n            <article>\r\n                <section class=\"sec sec_characterarea\">\r\n                    <div class=\"sec_h2chara\">\r\n                        <p id=\"CHARA_905_007\" class=\"sec_h2charattl\">Sharena apresenta:<\/p>\r\n                        <h2 id=\"CHARA_905_008\" class=\"sec_h2charatxt\">Cavaleira z\u00e9firo Catria<\/h2>\r\n                    <\/div>\r\n                    <dl class=\"sec_dl flex\">\r\n                        <dt id=\"CHARA_905_009\" class=\"sec_dt\">Catria \u00e9 a do meio de tr\u00eas irm\u00e3s cavaleiras p\u00e9gaso de Macedon, mas hoje ela vai ao festival com uma roupa da tribo do vento!<\/dt>\r\n                        <dd class=\"sec_dd\">\r\n                            <a href=\"https:\/\/guide.fire-emblem-heroes.com\/wp-content\/uploads\/katua_windswept_knight_pop01.png\" class=\"popup-image\">\r\n                                <img decoding=\"async\" src=\"https:\/\/guide.fire-emblem-heroes.com\/wp-content\/uploads\/katua_windswept_knight_info01.png\" alt=\"\" \/>\r\n                            <\/a>\r\n                        <\/dd>\r\n                        <dt id=\"CHARA_905_010\" class=\"sec_dt\">Sua bela roupa conta com um la\u00e7o nas costas, al\u00e9m de mangas grandes e esvoa\u00e7antes, ideal para uma cavaleira p\u00e9gaso que ocupa os c\u00e9us!<\/dt>\r\n                        <dd class=\"sec_dd\">\r\n                            <a href=\"https:\/\/guide.fire-emblem-heroes.com\/wp-content\/uploads\/katua_windswept_knight_pop02.png\" class=\"popup-image\">\r\n                                <img decoding=\"async\" src=\"https:\/\/guide.fire-emblem-heroes.com\/wp-content\/uploads\/katua_windswept_knight_info02.png\" alt=\"\" \/>\r\n                            <\/a>\r\n                        <\/dd>\r\n                        <dt id=\"CHARA_905_011\" class=\"sec_dt\">Ela tamb\u00e9m est\u00e1 carregando uma arma peculiar, enfeitada com diversos cata-ventos: o Arco vento alvo! Ouvi dizer que ele foi feito especialmente para ela, com bambu!<\/dt>\r\n                        <dd class=\"sec_dd\">\r\n                            <a href=\"https:\/\/guide.fire-emblem-heroes.com\/wp-content\/uploads\/katua_windswept_knight_pop03.png\" class=\"popup-image\">\r\n                                <img decoding=\"async\" src=\"https:\/\/guide.fire-emblem-heroes.com\/wp-content\/uploads\/katua_windswept_knight_info03.png\" alt=\"\" \/>\r\n                            <\/a>\r\n                        <\/dd>\r\n                        <dt id=\"CHARA_905_012\" class=\"sec_dt\">Catria sempre tentou fazer do vento seu aliado em batalha. Acho que \u00e9 por isso que ela tem tanto interesse em aprender sobre a tribo do vento!<\/dt>\r\n                        <dd class=\"sec_dd\">\r\n                            <a href=\"https:\/\/guide.fire-emblem-heroes.com\/wp-content\/uploads\/katua_windswept_knight_pop04.png\" class=\"popup-image\">\r\n                                <img decoding=\"async\" src=\"https:\/\/guide.fire-emblem-heroes.com\/wp-content\/uploads\/katua_windswept_knight_info04.png\" alt=\"\" \/>\r\n                            <\/a>\r\n                        <\/dd>\r\n                    <\/dl>\r\n                    <h3 id=\"CHARA_905_013\" class=\"sec_h3charatxt\">Personagens relacionados<\/h3>\r\n                    <h4 id=\"CHARA_905_014\" class=\"sec_h4charatxt\">Palla<\/h4>\r\n                    <p id=\"CHARA_905_015\" class=\"sec_charatxt\">Primog\u00eanita de tr\u00eas irm\u00e3s que formam as Asas Brancas, cavaleiras p\u00e9gaso de Macedon. Tem a mente aberta e \u00e9 carinhosa com os outros.<\/p>\r\n                    <h4 id=\"CHARA_905_016\" class=\"sec_h4charatxt\">Est<\/h4>\r\n                    <p id=\"CHARA_905_017\" class=\"sec_charatxt\">A mais jovem de tr\u00eas irm\u00e3s que formam as Asas Brancas, cavaleiras p\u00e9gaso de Macedon. Ela tem um jeito simp\u00e1tico e alegre.<\/p>\r\n                    <h4 id=\"CHARA_905_018\" class=\"sec_h4charatxt\">Marth<\/h4>\r\n                    <p id=\"CHARA_905_019\" class=\"sec_charatxt\">Pr\u00edncipe de Altea, ele n\u00e3o hesita em defender a p\u00e1tria e tem grande estima pelos seus amigos. Ajuda Catria e suas irm\u00e3s na luta para reaver Macedon.<\/p>\r\n                <\/section>\r\n            <\/article>\r\n        <\/main>","protected":false},"excerpt":{"rendered":"Hero\u00edna especial Cavaleira z\u00e9firo Catria Aparece em Fire Emblem: Mystery of the Emblem Sharena apresenta: Cavaleira z\u00e9firo Catria Catria \u00e9 a do meio de tr\u00eas irm\u00e3s cavaleiras p\u00e9gaso de Macedon, mas hoje ela vai ao festival com uma roupa da tribo do vento! Sua bela roupa conta com um la\u00e7o nas costas, al\u00e9m de mangas [&hellip;]","protected":false},"author":1,"featured_media":45660,"comment_status":"closed","ping_status":"closed","sticky":false,"template":"","format":"standard","meta":{"advanced_seo_description":"","jetpack_seo_html_title":"","jetpack_seo_noindex":false,"_jetpack_newsletter_access":"","_jetpack_dont_email_post_to_subs":false,"_jetpack_newsletter_tier_id":0,"_jetpack_memberships_contains_paywalled_content":false,"_locale":"pt_BR","_original_post":"https:\/\/guide.fire-emblem-heroes.com\/?p=45510","_jetpack_memberships_contains_paid_content":false,"footnotes":"","jetpack_publicize_message":"","jetpack_publicize_feature_enabled":true,"jetpack_social_post_already_shared":false,"jetpack_social_options":{"image_generator_settings":{"template":"highway","default_image_id":0,"font":"","enabled":false},"version":2},"_wpas_customize_per_network":false,"jetpack_post_was_ever_published":false},"categories":[1384,1424,1405,1390],"tags":[1460],"class_list":["post-45520","post","type-post","status-publish","format-standard","has-post-thumbnail","hentry","category-character","category-ex_works_mystery_of_the_emblem","category-special_heroes","category-stay_heroes","tag-heroina-especial","pt-BR"],"jetpack_publicize_connections":[],"jetpack_featured_media_url":"https:\/\/guide.fire-emblem-heroes.com\/wp-content\/uploads\/katua_windswept_knight.png","jetpack_sharing_enabled":false,"jetpack_shortlink":"https:\/\/wp.me\/pa0Mj3-bQc","jetpack_likes_enabled":false,"amp_enabled":false,"_links":{"self":[{"href":"https:\/\/guide.fire-emblem-heroes.com\/wp-json\/wp\/v2\/posts\/45520","targetHints":{"allow":["GET"]}}],"collection":[{"href":"https:\/\/guide.fire-emblem-heroes.com\/wp-json\/wp\/v2\/posts"}],"about":[{"href":"https:\/\/guide.fire-emblem-heroes.com\/wp-json\/wp\/v2\/types\/post"}],"author":[{"embeddable":true,"href":"https:\/\/guide.fire-emblem-heroes.com\/wp-json\/wp\/v2\/users\/1"}],"replies":[{"embeddable":true,"href":"https:\/\/guide.fire-emblem-heroes.com\/wp-json\/wp\/v2\/comments?post=45520"}],"version-history":[{"count":1,"href":"https:\/\/guide.fire-emblem-heroes.com\/wp-json\/wp\/v2\/posts\/45520\/revisions"}],"predecessor-version":[{"id":45522,"href":"https:\/\/guide.fire-emblem-heroes.com\/wp-json\/wp\/v2\/posts\/45520\/revisions\/45522"}],"wp:featuredmedia":[{"embeddable":true,"href":"https:\/\/guide.fire-emblem-heroes.com\/wp-json\/wp\/v2\/media\/45660"}],"wp:attachment":[{"href":"https:\/\/guide.fire-emblem-heroes.com\/wp-json\/wp\/v2\/media?parent=45520"}],"wp:term":[{"taxonomy":"category","embeddable":true,"href":"https:\/\/guide.fire-emblem-heroes.com\/wp-json\/wp\/v2\/categories?post=45520"},{"taxonomy":"post_tag","embeddable":true,"href":"https:\/\/guide.fire-emblem-heroes.com\/wp-json\/wp\/v2\/tags?post=45520"}],"curies":[{"name":"wp","href":"https:\/\/api.w.org\/{rel}","templated":true}]}}