






{"id":45541,"date":"2023-09-05T12:51:39","date_gmt":"2023-09-05T03:51:39","guid":{"rendered":"https:\/\/guide.fire-emblem-heroes.com\/?p=45541"},"modified":"2023-10-10T16:13:15","modified_gmt":"2023-10-10T07:13:15","slug":"12004001000995-2","status":"publish","type":"post","link":"https:\/\/guide.fire-emblem-heroes.com\/pt-BR\/12004001000995-2\/","title":{"rendered":"<span class=\"character_nick\">Brisa dourada<\/span><span class=\"character_name\">Claude<\/span>"},"content":{"rendered":"<main id=\"CHARA_906\" class=\"main_page character\">\r\n            <article>\r\n                <section class=\"sec sec_character\">\r\n                    <ul class=\"sec_ul sec_ul--character slick-box\">\r\n                        <li class=\"sec_li sec_li--character\">\r\n                            <img decoding=\"async\" src=\"https:\/\/guide.fire-emblem-heroes.com\/wp-content\/uploads\/claude_golden_breeze_slide01.png\" alt=\"\" \/>\r\n                        <\/li>\r\n                        <li class=\"sec_li sec_li--character\">\r\n                            <img decoding=\"async\" src=\"https:\/\/guide.fire-emblem-heroes.com\/wp-content\/uploads\/claude_golden_breeze_slide02.png\" alt=\"\" \/>\r\n                        <\/li>\r\n                        <li class=\"sec_li sec_li--character\">\r\n                            <img decoding=\"async\" src=\"https:\/\/guide.fire-emblem-heroes.com\/wp-content\/uploads\/claude_golden_breeze_slide03.png\" alt=\"\" \/>\r\n                        <\/li>\r\n                        <li class=\"sec_li sec_li--character\">\r\n                            <img decoding=\"async\" src=\"https:\/\/guide.fire-emblem-heroes.com\/wp-content\/uploads\/claude_golden_breeze_slide04.png\" alt=\"\" \/>\r\n                        <\/li>\r\n                    <\/ul>\r\n                    <div class=\"sec_charainfoarea flex\">\r\n                        <div class=\"sec_gif\"><img loading=\"lazy\" decoding=\"async\" src=\"https:\/\/guide.fire-emblem-heroes.com\/wp-content\/uploads\/claude_golden_breeze.png\" alt=\"\" width=\"210\" height=\"190\"\/><\/div>\r\n                        <div class=\"sec_charainfo\">\r\n                            <p id=\"CHARA_906_002\" class=\"sec_characate sec_characate--special_heroes\">Her\u00f3i especial<\/p>\r\n                            <p id=\"CHARA_906_003\" class=\"sec_charanick\">Brisa dourada<\/p>\r\n                            <p id=\"CHARA_906_004\" class=\"sec_charaname\">Claude<\/p>\r\n                            <p id=\"CHARA_906_005\" class=\"sec_charaappearancetxt\">Aparece em<\/p>\r\n                            <p id=\"CHARA_906_006\" class=\"sec_charaappearancetxt\">Fire Emblem: Three Houses<\/p>\r\n                        <\/div>\r\n                    <\/div>\r\n                <\/section>\r\n            <\/article>\r\n            <article>\r\n                <section class=\"sec sec_characterarea\">\r\n                    <div class=\"sec_h2chara\">\r\n                        <p id=\"CHARA_906_007\" class=\"sec_h2charattl\">Sharena apresenta:<\/p>\r\n                        <h2 id=\"CHARA_906_008\" class=\"sec_h2charatxt\">Brisa dourada Claude<\/h2>\r\n                    <\/div>\r\n                    <dl class=\"sec_dl flex\">\r\n                        <dt id=\"CHARA_906_009\" class=\"sec_dt\">Claude \u00e9 o herdeiro da casa Riegan, da Alian\u00e7a de Leicester, em F\u00f3blan, e est\u00e1 aqui para participar do festival do vento!<\/dt>\r\n                        <dd class=\"sec_dd\">\r\n                            <a href=\"https:\/\/guide.fire-emblem-heroes.com\/wp-content\/uploads\/claude_golden_breeze_pop01.png\" class=\"popup-image\">\r\n                                <img decoding=\"async\" src=\"https:\/\/guide.fire-emblem-heroes.com\/wp-content\/uploads\/claude_golden_breeze_info01.png\" alt=\"\" \/>\r\n                            <\/a>\r\n                        <\/dd>\r\n                        <dt id=\"CHARA_906_010\" class=\"sec_dt\">Pelo visto, os integrantes da tribo do vento sempre usam um cinto como este para fixar as roupas de cima. Ah! Acabei de perceber que a capa que Claude est\u00e1 vestindo est\u00e1 ligada \u00e0 sua m\u00e3o direita!<\/dt>\r\n                        <dd class=\"sec_dd\">\r\n                            <a href=\"https:\/\/guide.fire-emblem-heroes.com\/wp-content\/uploads\/claude_golden_breeze_pop02.png\" class=\"popup-image\">\r\n                                <img decoding=\"async\" src=\"https:\/\/guide.fire-emblem-heroes.com\/wp-content\/uploads\/claude_golden_breeze_info02.png\" alt=\"\" \/>\r\n                            <\/a>\r\n                        <\/dd>\r\n                        <dt id=\"CHARA_906_011\" class=\"sec_dt\">Escondida em sua roupa, est\u00e1 uma adaga com formato de cata-vento. Parece que a tribo do vento encontrou uma maneira de retratar o amor que sente pelo vento atrav\u00e9s da fabrica\u00e7\u00e3o de armas!<\/dt>\r\n                        <dd class=\"sec_dd\">\r\n                            <a href=\"https:\/\/guide.fire-emblem-heroes.com\/wp-content\/uploads\/claude_golden_breeze_pop03.png\" class=\"popup-image\">\r\n                                <img decoding=\"async\" src=\"https:\/\/guide.fire-emblem-heroes.com\/wp-content\/uploads\/claude_golden_breeze_info03.png\" alt=\"\" \/>\r\n                            <\/a>\r\n                        <\/dd>\r\n                        <dt id=\"CHARA_906_012\" class=\"sec_dt\">No come\u00e7o, Claude parecia um pouco desconcertado com essa roupa nova, mas isso n\u00e3o o impediu de aproveitar o festival!<\/dt>\r\n                        <dd class=\"sec_dd\">\r\n                            <a href=\"https:\/\/guide.fire-emblem-heroes.com\/wp-content\/uploads\/claude_golden_breeze_pop04.png\" class=\"popup-image\">\r\n                                <img decoding=\"async\" src=\"https:\/\/guide.fire-emblem-heroes.com\/wp-content\/uploads\/claude_golden_breeze_info04.png\" alt=\"\" \/>\r\n                            <\/a>\r\n                        <\/dd>\r\n                    <\/dl>\r\n                    <h3 id=\"CHARA_906_013\" class=\"sec_h3charatxt\">Personagens relacionados<\/h3>\r\n                    <h4 id=\"CHARA_906_014\" class=\"sec_h4charatxt\">Byleth<\/h4>\r\n                    <p id=\"CHARA_906_015\" class=\"sec_charatxt\">Seu pai, Jeralt, foi capit\u00e3o dos cavaleiros de Seiros. Docente competente e inabal\u00e1vel da Academia de Oficiais. Claude foi seu aluno e aprendiz.<\/p>\r\n                    <h4 id=\"CHARA_906_016\" class=\"sec_h4charatxt\">Edelgard<\/h4>\r\n                    <p id=\"CHARA_906_017\" class=\"sec_charatxt\">Princesa e herdeira de fato do imp\u00e9rio adrestiano. Sua \u00e1vida ambi\u00e7\u00e3o \u00e9 camuflada por seu comportamento elegante e confiante. Rival de Claude.<\/p>\r\n                    <h4 id=\"CHARA_906_018\" class=\"sec_h4charatxt\">Dimitri<\/h4>\r\n                    <p id=\"CHARA_906_019\" class=\"sec_charatxt\">Pr\u00edncipe herdeiro do reino sagrado de Faerghus. \u00c9 conhecido por seu cavalheirismo, mas algo sombrio pode se esconder por tr\u00e1s das apar\u00eancias. Rival de Claude.<\/p>\r\n                <\/section>\r\n            <\/article>\r\n        <\/main>","protected":false},"excerpt":{"rendered":"Her\u00f3i especial Brisa dourada Claude Aparece em Fire Emblem: Three Houses Sharena apresenta: Brisa dourada Claude Claude \u00e9 o herdeiro da casa Riegan, da Alian\u00e7a de Leicester, em F\u00f3blan, e est\u00e1 aqui para participar do festival do vento! Pelo visto, os integrantes da tribo do vento sempre usam um cinto como este para fixar as [&hellip;]","protected":false},"author":1,"featured_media":45608,"comment_status":"closed","ping_status":"closed","sticky":false,"template":"","format":"standard","meta":{"advanced_seo_description":"","jetpack_seo_html_title":"","jetpack_seo_noindex":false,"_jetpack_newsletter_access":"","_jetpack_dont_email_post_to_subs":false,"_jetpack_newsletter_tier_id":0,"_jetpack_memberships_contains_paywalled_content":false,"_locale":"pt_BR","_original_post":"https:\/\/guide.fire-emblem-heroes.com\/?p=45531","_jetpack_memberships_contains_paid_content":false,"footnotes":"","jetpack_publicize_message":"","jetpack_publicize_feature_enabled":true,"jetpack_social_post_already_shared":false,"jetpack_social_options":{"image_generator_settings":{"template":"highway","default_image_id":0,"font":"","enabled":false},"version":2},"_wpas_customize_per_network":false,"jetpack_post_was_ever_published":false},"categories":[1384,1434,1405,1390],"tags":[1459],"class_list":["post-45541","post","type-post","status-publish","format-standard","has-post-thumbnail","hentry","category-character","category-ex_works_three_houses","category-special_heroes","category-stay_heroes","tag-heroi-especial","pt-BR"],"jetpack_publicize_connections":[],"jetpack_featured_media_url":"https:\/\/guide.fire-emblem-heroes.com\/wp-content\/uploads\/claude_golden_breeze.png","jetpack_sharing_enabled":false,"jetpack_shortlink":"https:\/\/wp.me\/pa0Mj3-bQx","jetpack_likes_enabled":false,"amp_enabled":false,"_links":{"self":[{"href":"https:\/\/guide.fire-emblem-heroes.com\/wp-json\/wp\/v2\/posts\/45541","targetHints":{"allow":["GET"]}}],"collection":[{"href":"https:\/\/guide.fire-emblem-heroes.com\/wp-json\/wp\/v2\/posts"}],"about":[{"href":"https:\/\/guide.fire-emblem-heroes.com\/wp-json\/wp\/v2\/types\/post"}],"author":[{"embeddable":true,"href":"https:\/\/guide.fire-emblem-heroes.com\/wp-json\/wp\/v2\/users\/1"}],"replies":[{"embeddable":true,"href":"https:\/\/guide.fire-emblem-heroes.com\/wp-json\/wp\/v2\/comments?post=45541"}],"version-history":[{"count":2,"href":"https:\/\/guide.fire-emblem-heroes.com\/wp-json\/wp\/v2\/posts\/45541\/revisions"}],"predecessor-version":[{"id":45574,"href":"https:\/\/guide.fire-emblem-heroes.com\/wp-json\/wp\/v2\/posts\/45541\/revisions\/45574"}],"wp:featuredmedia":[{"embeddable":true,"href":"https:\/\/guide.fire-emblem-heroes.com\/wp-json\/wp\/v2\/media\/45608"}],"wp:attachment":[{"href":"https:\/\/guide.fire-emblem-heroes.com\/wp-json\/wp\/v2\/media?parent=45541"}],"wp:term":[{"taxonomy":"category","embeddable":true,"href":"https:\/\/guide.fire-emblem-heroes.com\/wp-json\/wp\/v2\/categories?post=45541"},{"taxonomy":"post_tag","embeddable":true,"href":"https:\/\/guide.fire-emblem-heroes.com\/wp-json\/wp\/v2\/tags?post=45541"}],"curies":[{"name":"wp","href":"https:\/\/api.w.org\/{rel}","templated":true}]}}