






{"id":45998,"date":"2023-09-26T12:50:41","date_gmt":"2023-09-26T03:50:41","guid":{"rendered":"https:\/\/guide.fire-emblem-heroes.com\/?p=45998"},"modified":"2023-09-27T13:08:42","modified_gmt":"2023-09-27T04:08:42","slug":"00001001000021-2","status":"publish","type":"post","link":"https:\/\/guide.fire-emblem-heroes.com\/pt-BR\/00001001000021-2\/","title":{"rendered":"<span class=\"character_nick\">Pr\u00edncipe de Askr<\/span><span class=\"character_name\">Alfonse<\/span>"},"content":{"rendered":"<main id=\"CHARA_916\" class=\"main_page character\">\r\n            <article>\r\n                <section class=\"sec sec_character\">\r\n                    <ul class=\"sec_ul sec_ul--character slick-box\">\r\n                        <li class=\"sec_li sec_li--character\">\r\n                            <img decoding=\"async\" src=\"https:\/\/guide.fire-emblem-heroes.com\/wp-content\/uploads\/alfons_prince_of_askr_slide01.png\" alt=\"\" \/>\r\n                        <\/li>\r\n                        <li class=\"sec_li sec_li--character\">\r\n                            <img decoding=\"async\" src=\"https:\/\/guide.fire-emblem-heroes.com\/wp-content\/uploads\/alfons_prince_of_askr_slide02.png\" alt=\"\" \/>\r\n                        <\/li>\r\n                        <li class=\"sec_li sec_li--character\">\r\n                            <img decoding=\"async\" src=\"https:\/\/guide.fire-emblem-heroes.com\/wp-content\/uploads\/alfons_prince_of_askr_slide03.png\" alt=\"\" \/>\r\n                        <\/li>\r\n                        <li class=\"sec_li sec_li--character\">\r\n                            <img decoding=\"async\" src=\"https:\/\/guide.fire-emblem-heroes.com\/wp-content\/uploads\/alfons_prince_of_askr_slide04.png\" alt=\"\" \/>\r\n                        <\/li>\r\n                    <\/ul>\r\n                    <div class=\"sec_charainfoarea flex\">\r\n                        <div class=\"sec_gif\"><img loading=\"lazy\" decoding=\"async\" src=\"https:\/\/guide.fire-emblem-heroes.com\/wp-content\/uploads\/alfons_prince_of_askr.png\" alt=\"\" width=\"210\" height=\"190\"\/><\/div>\r\n                        <div class=\"sec_charainfo\">\r\n                            <p id=\"CHARA_916_002\" class=\"sec_characate sec_characate--heroes\">Her\u00f3i<\/p>\r\n                            <p id=\"CHARA_916_003\" class=\"sec_charanick\">Pr\u00edncipe de Askr<\/p>\r\n                            <p id=\"CHARA_916_004\" class=\"sec_charaname\">Alfonse<\/p>\r\n                            <p id=\"CHARA_916_005\" class=\"sec_charaappearancetxt\">Aparece em<\/p>\r\n                            <p id=\"CHARA_916_006\" class=\"sec_charaappearancetxt\">Fire Emblem Heroes<\/p>\r\n                        <\/div>\r\n                    <\/div>\r\n                <\/section>\r\n            <\/article>\r\n            <article>\r\n                <section class=\"sec sec_characterarea\">\r\n                    <div class=\"sec_h2chara\">\r\n                        <p id=\"CHARA_916_007\" class=\"sec_h2charattl\">Sharena apresenta:<\/p>\r\n                        <h2 id=\"CHARA_916_008\" class=\"sec_h2charatxt\">Pr\u00edncipe de Askr Alfonse<\/h2>\r\n                    <\/div>\r\n                    <dl class=\"sec_dl flex\">\r\n                        <dt id=\"CHARA_916_009\" class=\"sec_dt\">Aqui est\u00e1 Alfonse, o amigo de todo mundo! Ele \u00e9 pr\u00edncipe de Askr, mas al\u00e9m disso&#8230; ele \u00e9 meu irm\u00e3o mais velho!<\/dt>\r\n                        <dd class=\"sec_dd\">\r\n                            <a href=\"https:\/\/guide.fire-emblem-heroes.com\/wp-content\/uploads\/alfons_prince_of_askr_pop01.png\" class=\"popup-image\">\r\n                                <img decoding=\"async\" src=\"https:\/\/guide.fire-emblem-heroes.com\/wp-content\/uploads\/alfons_prince_of_askr_info01.png\" alt=\"\" \/>\r\n                            <\/a>\r\n                        <\/dd>\r\n                        <dt id=\"CHARA_916_010\" class=\"sec_dt\">Ele \u00e9 gentil, est\u00e1 sempre sorrindo e tamb\u00e9m \u00e9 corajoso! Sempre que Askr est\u00e1 em apuros, ele vai correndo ao campo de batalha!<\/dt>\r\n                        <dd class=\"sec_dd\">\r\n                            <a href=\"https:\/\/guide.fire-emblem-heroes.com\/wp-content\/uploads\/alfons_prince_of_askr_pop02.png\" class=\"popup-image\">\r\n                                <img decoding=\"async\" src=\"https:\/\/guide.fire-emblem-heroes.com\/wp-content\/uploads\/alfons_prince_of_askr_info02.png\" alt=\"\" \/>\r\n                            <\/a>\r\n                        <\/dd>\r\n                        <dt id=\"CHARA_916_011\" class=\"sec_dt\">Ele tamb\u00e9m \u00e9 bastante esperto e sabe muito sobre a escrita antiga de Askr! Nem sei como algu\u00e9m consegue compreender aqueles escritos antigos esquisitos, mas ele l\u00ea tudo com facilidade!<\/dt>\r\n                        <dd class=\"sec_dd\">\r\n                            <a href=\"https:\/\/guide.fire-emblem-heroes.com\/wp-content\/uploads\/alfons_prince_of_askr_pop03.png\" class=\"popup-image\">\r\n                                <img decoding=\"async\" src=\"https:\/\/guide.fire-emblem-heroes.com\/wp-content\/uploads\/alfons_prince_of_askr_info03.png\" alt=\"\" \/>\r\n                            <\/a>\r\n                        <\/dd>\r\n                        <dt id=\"CHARA_916_012\" class=\"sec_dt\">Ele \u00e9 indispens\u00e1vel para o reino, para a Ordem dos Her\u00f3is e, acima de tudo, para mim. Juntos, vamos abrir caminho rumo a um futuro brilhante para Askr!<\/dt>\r\n                        <dd class=\"sec_dd\">\r\n                            <a href=\"https:\/\/guide.fire-emblem-heroes.com\/wp-content\/uploads\/alfons_prince_of_askr_pop04.png\" class=\"popup-image\">\r\n                                <img decoding=\"async\" src=\"https:\/\/guide.fire-emblem-heroes.com\/wp-content\/uploads\/alfons_prince_of_askr_info04.png\" alt=\"\" \/>\r\n                            <\/a>\r\n                        <\/dd>\r\n                    <\/dl>\r\n                    <h3 id=\"CHARA_916_013\" class=\"sec_h3charatxt\">Personagens relacionados<\/h3>\r\n                    <h4 id=\"CHARA_916_014\" class=\"sec_h4charatxt\">Sharena<\/h4>\r\n                    <p id=\"CHARA_916_015\" class=\"sec_charatxt\">Princesa de Askr e irm\u00e3 de Alfonse. Est\u00e1 sempre de bom humor e adora fazer amizades, especialmente com her\u00f3is.<\/p>\r\n                    <h4 id=\"CHARA_916_016\" class=\"sec_h4charatxt\">Anna<\/h4>\r\n                    <p id=\"CHARA_916_017\" class=\"sec_charatxt\">Guerreira experiente, lidera a Ordem dos Her\u00f3is. Comandante de Alfonse e Sharena.<\/p>\r\n                <\/section>\r\n            <\/article>\r\n        <\/main>","protected":false},"excerpt":{"rendered":"Her\u00f3i Pr\u00edncipe de Askr Alfonse Aparece em Fire Emblem Heroes Sharena apresenta: Pr\u00edncipe de Askr Alfonse Aqui est\u00e1 Alfonse, o amigo de todo mundo! Ele \u00e9 pr\u00edncipe de Askr, mas al\u00e9m disso&#8230; ele \u00e9 meu irm\u00e3o mais velho! Ele \u00e9 gentil, est\u00e1 sempre sorrindo e tamb\u00e9m \u00e9 corajoso! Sempre que Askr est\u00e1 em apuros, ele [&hellip;]","protected":false},"author":1,"featured_media":46085,"comment_status":"closed","ping_status":"closed","sticky":false,"template":"","format":"standard","meta":{"advanced_seo_description":"","jetpack_seo_html_title":"","jetpack_seo_noindex":false,"_jetpack_newsletter_access":"","_jetpack_dont_email_post_to_subs":false,"_jetpack_newsletter_tier_id":0,"_jetpack_memberships_contains_paywalled_content":false,"_locale":"pt_BR","_original_post":"https:\/\/guide.fire-emblem-heroes.com\/?p=45988","_jetpack_memberships_contains_paid_content":false,"footnotes":"","jetpack_publicize_message":"","jetpack_publicize_feature_enabled":true,"jetpack_social_post_already_shared":false,"jetpack_social_options":{"image_generator_settings":{"template":"highway","default_image_id":0,"font":"","enabled":false},"version":2},"_wpas_customize_per_network":false,"jetpack_post_was_ever_published":false},"categories":[1384,1423,1415,1390],"tags":[1463],"class_list":["post-45998","post","type-post","status-publish","format-standard","has-post-thumbnail","hentry","category-character","category-ex_works_heroes","category-heroes","category-stay_heroes","tag-heroi","pt-BR"],"jetpack_publicize_connections":[],"jetpack_featured_media_url":"https:\/\/guide.fire-emblem-heroes.com\/wp-content\/uploads\/alfons_prince_of_askr.png","jetpack_sharing_enabled":false,"jetpack_shortlink":"https:\/\/wp.me\/pa0Mj3-bXU","jetpack_likes_enabled":false,"amp_enabled":false,"_links":{"self":[{"href":"https:\/\/guide.fire-emblem-heroes.com\/wp-json\/wp\/v2\/posts\/45998","targetHints":{"allow":["GET"]}}],"collection":[{"href":"https:\/\/guide.fire-emblem-heroes.com\/wp-json\/wp\/v2\/posts"}],"about":[{"href":"https:\/\/guide.fire-emblem-heroes.com\/wp-json\/wp\/v2\/types\/post"}],"author":[{"embeddable":true,"href":"https:\/\/guide.fire-emblem-heroes.com\/wp-json\/wp\/v2\/users\/1"}],"replies":[{"embeddable":true,"href":"https:\/\/guide.fire-emblem-heroes.com\/wp-json\/wp\/v2\/comments?post=45998"}],"version-history":[{"count":1,"href":"https:\/\/guide.fire-emblem-heroes.com\/wp-json\/wp\/v2\/posts\/45998\/revisions"}],"predecessor-version":[{"id":46006,"href":"https:\/\/guide.fire-emblem-heroes.com\/wp-json\/wp\/v2\/posts\/45998\/revisions\/46006"}],"wp:featuredmedia":[{"embeddable":true,"href":"https:\/\/guide.fire-emblem-heroes.com\/wp-json\/wp\/v2\/media\/46085"}],"wp:attachment":[{"href":"https:\/\/guide.fire-emblem-heroes.com\/wp-json\/wp\/v2\/media?parent=45998"}],"wp:term":[{"taxonomy":"category","embeddable":true,"href":"https:\/\/guide.fire-emblem-heroes.com\/wp-json\/wp\/v2\/categories?post=45998"},{"taxonomy":"post_tag","embeddable":true,"href":"https:\/\/guide.fire-emblem-heroes.com\/wp-json\/wp\/v2\/tags?post=45998"}],"curies":[{"name":"wp","href":"https:\/\/api.w.org\/{rel}","templated":true}]}}