






{"id":46200,"date":"2023-10-03T12:12:15","date_gmt":"2023-10-03T03:12:15","guid":{"rendered":"https:\/\/guide.fire-emblem-heroes.com\/?p=46200"},"modified":"2024-10-29T13:18:12","modified_gmt":"2024-10-29T04:18:12","slug":"14006001001004-2","status":"publish","type":"post","link":"https:\/\/guide.fire-emblem-heroes.com\/pt-BR\/14006001001004-2\/","title":{"rendered":"<span class=\"character_nick\">Anna em dobro<\/span><span class=\"character_name\">Anna<\/span>"},"content":{"rendered":"<main id=\"CHARA_920\" class=\"main_page character\">\r\n            <article>\r\n                <section class=\"sec sec_character\">\r\n                    <ul class=\"sec_ul sec_ul--character slick-box\">\r\n                        <li class=\"sec_li sec_li--character\">\r\n                            <img decoding=\"async\" src=\"https:\/\/guide.fire-emblem-heroes.com\/wp-content\/uploads\/anna_twice_the_anna_slide01.png\" alt=\"\" \/>\r\n                        <\/li>\r\n                        <li class=\"sec_li sec_li--character\">\r\n                            <img decoding=\"async\" src=\"https:\/\/guide.fire-emblem-heroes.com\/wp-content\/uploads\/anna_twice_the_anna_slide02.png\" alt=\"\" \/>\r\n                        <\/li>\r\n                        <li class=\"sec_li sec_li--character\">\r\n                            <img decoding=\"async\" src=\"https:\/\/guide.fire-emblem-heroes.com\/wp-content\/uploads\/anna_twice_the_anna_slide03.png\" alt=\"\" \/>\r\n                        <\/li>\r\n                        <li class=\"sec_li sec_li--character\">\r\n                            <img decoding=\"async\" src=\"https:\/\/guide.fire-emblem-heroes.com\/wp-content\/uploads\/anna_twice_the_anna_slide04.png\" alt=\"\" \/>\r\n                        <\/li>\r\n                    <\/ul>\r\n                    <div class=\"sec_charainfoarea flex\">\r\n                        <div class=\"sec_gif\"><img loading=\"lazy\" decoding=\"async\" src=\"https:\/\/guide.fire-emblem-heroes.com\/wp-content\/uploads\/anna_twice_the_anna.png\" alt=\"\" width=\"210\" height=\"190\"\/><\/div>\r\n                        <div class=\"sec_charainfo\">\r\n                            <p id=\"CHARA_920_002\" class=\"sec_characate sec_characate sec_characate--harmonized_hero\">Harmonia heroica<\/p>\r\n                            <p id=\"CHARA_920_003\" class=\"sec_charanick\">Anna em dobro<\/p>\r\n                            <p id=\"CHARA_920_004\" class=\"sec_charaname\">Anna<\/p>\r\n                            <p id=\"CHARA_920_005\" class=\"sec_charaappearancetxt\">Aparece em<\/p>\r\n                            <p id=\"CHARA_920_006\" class=\"sec_charaappearancetxt\">Fire Emblem Engage<br \/>Fire Emblem Awakening<\/p>\r\n                        <\/div>\r\n                    <\/div>\r\n                <\/section>\r\n            <\/article>\r\n            <article>\r\n                <section class=\"sec sec_characterarea\">\r\n                    <div class=\"sec_h2chara\">\r\n                        <p id=\"CHARA_920_007\" class=\"sec_h2charattl\">Sharena apresenta:<\/p>\r\n                        <h2 id=\"CHARA_920_008\" class=\"sec_h2charatxt\">Anna em dobro Anna<\/h2>\r\n                    <\/div>\r\n                    <dl class=\"sec_dl flex\">\r\n                        <dt id=\"CHARA_920_009\" class=\"sec_dt\">Temos duas Annas conosco hoje, ambas usando fantasias de bruxa! Diga oi para a pequena Anna de Elyos e para a Anna n\u00e3o t\u00e3o pequena assim do continente de Ylisse!<\/dt>\r\n                        <dd class=\"sec_dd\">\r\n                            <a href=\"https:\/\/guide.fire-emblem-heroes.com\/wp-content\/uploads\/anna_twice_the_anna_pop01.png\" class=\"popup-image\">\r\n                                <img decoding=\"async\" src=\"https:\/\/guide.fire-emblem-heroes.com\/wp-content\/uploads\/anna_twice_the_anna_info01.png\" alt=\"\" \/>\r\n                            <\/a>\r\n                        <\/dd>\r\n                        <dt id=\"CHARA_920_010\" class=\"sec_dt\">A Anna de Elyos est\u00e1 uma gracinha com essa capa grande, chapeuzinho pontudo e adere\u00e7os de ab\u00f3bora! Ela tamb\u00e9m est\u00e1 com uma vassoura de bruxa!<\/dt>\r\n                        <dd class=\"sec_dd\">\r\n                            <a href=\"https:\/\/guide.fire-emblem-heroes.com\/wp-content\/uploads\/anna_twice_the_anna_pop02.png\" class=\"popup-image\">\r\n                                <img decoding=\"async\" src=\"https:\/\/guide.fire-emblem-heroes.com\/wp-content\/uploads\/anna_twice_the_anna_info02.png\" alt=\"\" \/>\r\n                            <\/a>\r\n                        <\/dd>\r\n                        <dt id=\"CHARA_920_011\" class=\"sec_dt\">A Anna de Ylisse, por sua vez, utiliza a mesma tem\u00e1tica, mas com um estilo mais maduro, com um elegante grampo de cabelo em forma de ab\u00f3bora e uma capa com franjas. Acho que a ab\u00f3bora que ela est\u00e1 segurando \u00e9 uma lanterna!<\/dt>\r\n                        <dd class=\"sec_dd\">\r\n                            <a href=\"https:\/\/guide.fire-emblem-heroes.com\/wp-content\/uploads\/anna_twice_the_anna_pop03.png\" class=\"popup-image\">\r\n                                <img decoding=\"async\" src=\"https:\/\/guide.fire-emblem-heroes.com\/wp-content\/uploads\/anna_twice_the_anna_info03.png\" alt=\"\" \/>\r\n                            <\/a>\r\n                        <\/dd>\r\n                        <dt id=\"CHARA_920_012\" class=\"sec_dt\">Elas parecem irm\u00e3s, n\u00e3o \u00e9? E, como s\u00e3o mercadoras, aposto que j\u00e1 definiram um plano para lucrar muito no festival da colheita. Mal posso esperar para ver o que elas prepararam!<\/dt>\r\n                        <dd class=\"sec_dd\">\r\n                            <a href=\"https:\/\/guide.fire-emblem-heroes.com\/wp-content\/uploads\/anna_twice_the_anna_pop04.png\" class=\"popup-image\">\r\n                                <img decoding=\"async\" src=\"https:\/\/guide.fire-emblem-heroes.com\/wp-content\/uploads\/anna_twice_the_anna_info04.png\" alt=\"\" \/>\r\n                            <\/a>\r\n                        <\/dd>\r\n                    <\/dl>\r\n                    <h3 id=\"CHARA_920_013\" class=\"sec_h3charatxt\">Personagens relacionados<\/h3>\r\n                    <h4 id=\"CHARA_920_014\" class=\"sec_h4charatxt\">Alear<\/h4>\r\n                    <p id=\"CHARA_920_015\" class=\"sec_charatxt\">Descendente do drag\u00e3o divino que despertou de um longo sono. Invoca emblemas para trazer paz ao mundo. A Anna de Elyos \u00e9 sua amiga.<\/p>\r\n                    <h4 id=\"CHARA_920_016\" class=\"sec_h4charatxt\">Tiki<\/h4>\r\n                    <p id=\"CHARA_920_017\" class=\"sec_charatxt\">Conhecida como a voz do drag\u00e3o divino. Vive h\u00e1 muitas eras. Foi amiga de Marth. \u00c0s vezes participa das transa\u00e7\u00f5es de Anna sem nem saber.<\/p>\r\n                <\/section>\r\n            <\/article>\r\n        <\/main>","protected":false},"excerpt":{"rendered":"Harmonia heroica Anna em dobro Anna Aparece em Fire Emblem EngageFire Emblem Awakening Sharena apresenta: Anna em dobro Anna Temos duas Annas conosco hoje, ambas usando fantasias de bruxa! Diga oi para a pequena Anna de Elyos e para a Anna n\u00e3o t\u00e3o pequena assim do continente de Ylisse! A Anna de Elyos est\u00e1 uma [&hellip;]","protected":false},"author":1,"featured_media":46319,"comment_status":"closed","ping_status":"closed","sticky":false,"template":"","format":"standard","meta":{"advanced_seo_description":"","jetpack_seo_html_title":"","jetpack_seo_noindex":false,"_jetpack_newsletter_access":"","_jetpack_dont_email_post_to_subs":false,"_jetpack_newsletter_tier_id":0,"_jetpack_memberships_contains_paywalled_content":false,"_locale":"pt_BR","_original_post":"https:\/\/guide.fire-emblem-heroes.com\/?p=46190","_jetpack_memberships_contains_paid_content":false,"footnotes":"","jetpack_publicize_message":"","jetpack_publicize_feature_enabled":true,"jetpack_social_post_already_shared":false,"jetpack_social_options":{"image_generator_settings":{"template":"highway","default_image_id":0,"font":"","enabled":false},"version":2},"_wpas_customize_per_network":false,"jetpack_post_was_ever_published":false},"categories":[1512,1384,1464,1390],"tags":[1471],"class_list":["post-46200","post","type-post","status-publish","format-standard","has-post-thumbnail","hentry","category-ex_works_engage","category-character","category-harmonized_heroes","category-stay_heroes","tag-harmonia-heroica","pt-BR"],"jetpack_publicize_connections":[],"jetpack_featured_media_url":"https:\/\/guide.fire-emblem-heroes.com\/wp-content\/uploads\/anna_twice_the_anna.png","jetpack_sharing_enabled":false,"jetpack_shortlink":"https:\/\/wp.me\/pa0Mj3-c1a","jetpack_likes_enabled":false,"amp_enabled":false,"_links":{"self":[{"href":"https:\/\/guide.fire-emblem-heroes.com\/wp-json\/wp\/v2\/posts\/46200","targetHints":{"allow":["GET"]}}],"collection":[{"href":"https:\/\/guide.fire-emblem-heroes.com\/wp-json\/wp\/v2\/posts"}],"about":[{"href":"https:\/\/guide.fire-emblem-heroes.com\/wp-json\/wp\/v2\/types\/post"}],"author":[{"embeddable":true,"href":"https:\/\/guide.fire-emblem-heroes.com\/wp-json\/wp\/v2\/users\/1"}],"replies":[{"embeddable":true,"href":"https:\/\/guide.fire-emblem-heroes.com\/wp-json\/wp\/v2\/comments?post=46200"}],"version-history":[{"count":1,"href":"https:\/\/guide.fire-emblem-heroes.com\/wp-json\/wp\/v2\/posts\/46200\/revisions"}],"predecessor-version":[{"id":46209,"href":"https:\/\/guide.fire-emblem-heroes.com\/wp-json\/wp\/v2\/posts\/46200\/revisions\/46209"}],"wp:featuredmedia":[{"embeddable":true,"href":"https:\/\/guide.fire-emblem-heroes.com\/wp-json\/wp\/v2\/media\/46319"}],"wp:attachment":[{"href":"https:\/\/guide.fire-emblem-heroes.com\/wp-json\/wp\/v2\/media?parent=46200"}],"wp:term":[{"taxonomy":"category","embeddable":true,"href":"https:\/\/guide.fire-emblem-heroes.com\/wp-json\/wp\/v2\/categories?post=46200"},{"taxonomy":"post_tag","embeddable":true,"href":"https:\/\/guide.fire-emblem-heroes.com\/wp-json\/wp\/v2\/tags?post=46200"}],"curies":[{"name":"wp","href":"https:\/\/api.w.org\/{rel}","templated":true}]}}