






{"id":47358,"date":"2023-11-27T12:08:52","date_gmt":"2023-11-27T03:08:52","guid":{"rendered":"https:\/\/guide.fire-emblem-heroes.com\/?p=47358"},"modified":"2023-12-15T16:00:49","modified_gmt":"2023-12-15T07:00:49","slug":"00007002001027-2","status":"publish","type":"post","link":"https:\/\/guide.fire-emblem-heroes.com\/pt-BR\/00007002001027-2\/","title":{"rendered":"<span class=\"character_nick\">Profetisa \u00e1urea<\/span><span class=\"character_name\">Gullveig<\/span>"},"content":{"rendered":"<main id=\"CHARA_947\" class=\"main_page character\">\r\n            <article>\r\n                <section class=\"sec sec_character\">\r\n                    <ul class=\"sec_ul sec_ul--character slick-box\">\r\n                        <li class=\"sec_li sec_li--character\">\r\n                            <img decoding=\"async\" src=\"https:\/\/guide.fire-emblem-heroes.com\/wp-content\/uploads\/gullveig_golden_seer_slide01.png\" alt=\"\" \/>\r\n                        <\/li>\r\n                        <li class=\"sec_li sec_li--character\">\r\n                            <img decoding=\"async\" src=\"https:\/\/guide.fire-emblem-heroes.com\/wp-content\/uploads\/gullveig_golden_seer_slide02.png\" alt=\"\" \/>\r\n                        <\/li>\r\n                        <li class=\"sec_li sec_li--character\">\r\n                            <img decoding=\"async\" src=\"https:\/\/guide.fire-emblem-heroes.com\/wp-content\/uploads\/gullveig_golden_seer_slide03.png\" alt=\"\" \/>\r\n                        <\/li>\r\n                        <li class=\"sec_li sec_li--character\">\r\n                            <img decoding=\"async\" src=\"https:\/\/guide.fire-emblem-heroes.com\/wp-content\/uploads\/gullveig_golden_seer_slide04.png\" alt=\"\" \/>\r\n                        <\/li>\r\n                    <\/ul>\r\n                    <div class=\"sec_charainfoarea flex\">\r\n                        <div class=\"sec_gif\"><img loading=\"lazy\" decoding=\"async\" src=\"https:\/\/guide.fire-emblem-heroes.com\/wp-content\/uploads\/gullveig_golden_seer.png\" alt=\"\" width=\"210\" height=\"190\"\/><\/div>\r\n                        <div class=\"sec_charainfo\">\r\n                            <p id=\"CHARA_947_002\" class=\"sec_characate sec_characate--mythic_heroes\">Hero\u00edna m\u00edtica<\/p>\r\n                            <p id=\"CHARA_947_003\" class=\"sec_charanick\">Profetisa \u00e1urea<\/p>\r\n                            <p id=\"CHARA_947_004\" class=\"sec_charaname\">Gullveig<\/p>\r\n                            <p id=\"CHARA_947_005\" class=\"sec_charaappearancetxt\">Aparece em<\/p>\r\n                            <p id=\"CHARA_947_006\" class=\"sec_charaappearancetxt\">Fire Emblem Heroes<\/p>\r\n                        <\/div>\r\n                    <\/div>\r\n                <\/section>\r\n            <\/article>\r\n            <article>\r\n                <section class=\"sec sec_characterarea\">\r\n                    <div class=\"sec_h2chara\">\r\n                        <p id=\"CHARA_947_007\" class=\"sec_h2charattl\">Sharena apresenta:<\/p>\r\n                        <h2 id=\"CHARA_947_008\" class=\"sec_h2charatxt\">Profetisa \u00e1urea Gullveig<\/h2>\r\n                    <\/div>\r\n                    <dl class=\"sec_dl flex\">\r\n                        <dt id=\"CHARA_947_009\" class=\"sec_dt\">Aqui est\u00e1 a profetisa \u00e1urea, que planeja usar o poder que tem sobre o tempo para destruir o mundo&#8230; Gullveig!<\/dt>\r\n                        <dd class=\"sec_dd\">\r\n                            <a href=\"https:\/\/guide.fire-emblem-heroes.com\/wp-content\/uploads\/gullveig_golden_seer_pop01.png\" class=\"popup-image\">\r\n                                <img decoding=\"async\" src=\"https:\/\/guide.fire-emblem-heroes.com\/wp-content\/uploads\/gullveig_golden_seer_info01.png\" alt=\"\" \/>\r\n                            <\/a>\r\n                        <\/dd>\r\n                        <dt id=\"CHARA_947_010\" class=\"sec_dt\">Ela n\u00e3o s\u00f3 pode retroceder o tempo para reverter qualquer derrota, como tamb\u00e9m pode enviar seus inimigos a uma \u00e9poca anterior ao seu nascimento, acabando com a sua exist\u00eancia! Que coisa horr\u00edvel!<\/dt>\r\n                        <dd class=\"sec_dd\">\r\n                            <a href=\"https:\/\/guide.fire-emblem-heroes.com\/wp-content\/uploads\/gullveig_golden_seer_pop02.png\" class=\"popup-image\">\r\n                                <img decoding=\"async\" src=\"https:\/\/guide.fire-emblem-heroes.com\/wp-content\/uploads\/gullveig_golden_seer_info02.png\" alt=\"\" \/>\r\n                            <\/a>\r\n                        <\/dd>\r\n                        <dt id=\"CHARA_947_011\" class=\"sec_dt\">Ent\u00e3o ganhamos o poder de Vanaheimr, o reino da luz, para enfrentar Gullveig com todas nossas for\u00e7as. Mas ser\u00e1 que podemos vencer algu\u00e9m capaz de controlar o tempo?<\/dt>\r\n                        <dd class=\"sec_dd\">\r\n                            <a href=\"https:\/\/guide.fire-emblem-heroes.com\/wp-content\/uploads\/gullveig_golden_seer_pop03.png\" class=\"popup-image\">\r\n                                <img decoding=\"async\" src=\"https:\/\/guide.fire-emblem-heroes.com\/wp-content\/uploads\/gullveig_golden_seer_info03.png\" alt=\"\" \/>\r\n                            <\/a>\r\n                        <\/dd>\r\n                        <dt id=\"CHARA_947_012\" class=\"sec_dt\">A resposta est\u00e1 enterrada no passado oculto de Gullveig. A Ordem dos Her\u00f3is continuar\u00e1 lutando por esse fragmento de esperan\u00e7a!<\/dt>\r\n                        <dd class=\"sec_dd\">\r\n                            <a href=\"https:\/\/guide.fire-emblem-heroes.com\/wp-content\/uploads\/gullveig_golden_seer_pop04.png\" class=\"popup-image\">\r\n                                <img decoding=\"async\" src=\"https:\/\/guide.fire-emblem-heroes.com\/wp-content\/uploads\/gullveig_golden_seer_info04.png\" alt=\"\" \/>\r\n                            <\/a>\r\n                        <\/dd>\r\n                    <\/dl>\r\n                    <h3 id=\"CHARA_947_013\" class=\"sec_h3charatxt\">Personagens relacionados<\/h3>\r\n                    <h4 id=\"CHARA_947_014\" class=\"sec_h4charatxt\">Sei\u00f0r<\/h4>\r\n                    <p id=\"CHARA_947_015\" class=\"sec_charatxt\">Deusa de Vanaheimr, o reino da luz. Vem \u00e0 terra para salvar o povo da destrui\u00e7\u00e3o. Sempre age com propriedade. Faz o que for poss\u00edvel para salvar Askr de Gullveig.<\/p>\r\n                    <h4 id=\"CHARA_947_016\" class=\"sec_h4charatxt\">Hei\u00f0r<\/h4>\r\n                    <p id=\"CHARA_947_017\" class=\"sec_charatxt\">Deusa de Vanaheimr, o reino da luz. Pura e inocente, ela adora Sei\u00f0r como uma irm\u00e3.<\/p>\r\n                <\/section>\r\n            <\/article>\r\n        <\/main>","protected":false},"excerpt":{"rendered":"Hero\u00edna m\u00edtica Profetisa \u00e1urea Gullveig Aparece em Fire Emblem Heroes Sharena apresenta: Profetisa \u00e1urea Gullveig Aqui est\u00e1 a profetisa \u00e1urea, que planeja usar o poder que tem sobre o tempo para destruir o mundo&#8230; Gullveig! Ela n\u00e3o s\u00f3 pode retroceder o tempo para reverter qualquer derrota, como tamb\u00e9m pode enviar seus inimigos a uma \u00e9poca [&hellip;]","protected":false},"author":1,"featured_media":47533,"comment_status":"closed","ping_status":"closed","sticky":false,"template":"","format":"standard","meta":{"advanced_seo_description":"","jetpack_seo_html_title":"","jetpack_seo_noindex":false,"_jetpack_newsletter_access":"","_jetpack_dont_email_post_to_subs":false,"_jetpack_newsletter_tier_id":0,"_jetpack_memberships_contains_paywalled_content":false,"_locale":"pt_BR","_original_post":"https:\/\/guide.fire-emblem-heroes.com\/?p=47348","_jetpack_memberships_contains_paid_content":false,"footnotes":"","jetpack_publicize_message":"","jetpack_publicize_feature_enabled":true,"jetpack_social_post_already_shared":false,"jetpack_social_options":{"image_generator_settings":{"template":"highway","default_image_id":0,"font":"","enabled":false},"version":2},"_wpas_customize_per_network":false,"jetpack_post_was_ever_published":false},"categories":[1384,1423,1385,1390],"tags":[1455],"class_list":["post-47358","post","type-post","status-publish","format-standard","has-post-thumbnail","hentry","category-character","category-ex_works_heroes","category-mythic_heroes","category-stay_heroes","tag-heroina-mitica","pt-BR"],"jetpack_publicize_connections":[],"jetpack_featured_media_url":"https:\/\/guide.fire-emblem-heroes.com\/wp-content\/uploads\/gullveig_golden_seer.png","jetpack_sharing_enabled":false,"jetpack_shortlink":"https:\/\/wp.me\/pa0Mj3-cjQ","jetpack_likes_enabled":false,"amp_enabled":false,"_links":{"self":[{"href":"https:\/\/guide.fire-emblem-heroes.com\/wp-json\/wp\/v2\/posts\/47358","targetHints":{"allow":["GET"]}}],"collection":[{"href":"https:\/\/guide.fire-emblem-heroes.com\/wp-json\/wp\/v2\/posts"}],"about":[{"href":"https:\/\/guide.fire-emblem-heroes.com\/wp-json\/wp\/v2\/types\/post"}],"author":[{"embeddable":true,"href":"https:\/\/guide.fire-emblem-heroes.com\/wp-json\/wp\/v2\/users\/1"}],"replies":[{"embeddable":true,"href":"https:\/\/guide.fire-emblem-heroes.com\/wp-json\/wp\/v2\/comments?post=47358"}],"version-history":[{"count":1,"href":"https:\/\/guide.fire-emblem-heroes.com\/wp-json\/wp\/v2\/posts\/47358\/revisions"}],"predecessor-version":[{"id":47368,"href":"https:\/\/guide.fire-emblem-heroes.com\/wp-json\/wp\/v2\/posts\/47358\/revisions\/47368"}],"wp:featuredmedia":[{"embeddable":true,"href":"https:\/\/guide.fire-emblem-heroes.com\/wp-json\/wp\/v2\/media\/47533"}],"wp:attachment":[{"href":"https:\/\/guide.fire-emblem-heroes.com\/wp-json\/wp\/v2\/media?parent=47358"}],"wp:term":[{"taxonomy":"category","embeddable":true,"href":"https:\/\/guide.fire-emblem-heroes.com\/wp-json\/wp\/v2\/categories?post=47358"},{"taxonomy":"post_tag","embeddable":true,"href":"https:\/\/guide.fire-emblem-heroes.com\/wp-json\/wp\/v2\/tags?post=47358"}],"curies":[{"name":"wp","href":"https:\/\/api.w.org\/{rel}","templated":true}]}}