{"id":47379,"date":"2023-11-27T12:11:44","date_gmt":"2023-11-27T03:11:44","guid":{"rendered":"https:\/\/guide.fire-emblem-heroes.com\/?p=47379"},"modified":"2023-12-15T16:04:03","modified_gmt":"2023-12-15T07:04:03","slug":"00007003001028-2","status":"publish","type":"post","link":"https:\/\/guide.fire-emblem-heroes.com\/pt-BR\/00007003001028-2\/","title":{"rendered":"<span class=\"character_nick\">Jovem profetisa<\/span><span class=\"character_name\">Kvasir<\/span>"},"content":{"rendered":"<main id=\"CHARA_948\" class=\"main_page character\">\r\n            <article>\r\n                <section class=\"sec sec_character\">\r\n                    <ul class=\"sec_ul sec_ul--character slick-box\">\r\n                        <li class=\"sec_li sec_li--character\">\r\n                            <img decoding=\"async\" src=\"https:\/\/guide.fire-emblem-heroes.com\/wp-content\/uploads\/kvasir_seer_of_the_past_slide01.png\" alt=\"\" \/>\r\n                        <\/li>\r\n                        <li class=\"sec_li sec_li--character\">\r\n                            <img decoding=\"async\" src=\"https:\/\/guide.fire-emblem-heroes.com\/wp-content\/uploads\/kvasir_seer_of_the_past_slide02.png\" alt=\"\" \/>\r\n                        <\/li>\r\n                        <li class=\"sec_li sec_li--character\">\r\n                            <img decoding=\"async\" src=\"https:\/\/guide.fire-emblem-heroes.com\/wp-content\/uploads\/kvasir_seer_of_the_past_slide03.png\" alt=\"\" \/>\r\n                        <\/li>\r\n                        <li class=\"sec_li sec_li--character\">\r\n                            <img decoding=\"async\" src=\"https:\/\/guide.fire-emblem-heroes.com\/wp-content\/uploads\/kvasir_seer_of_the_past_slide04.png\" alt=\"\" \/>\r\n                        <\/li>\r\n                    <\/ul>\r\n                    <div class=\"sec_charainfoarea flex\">\r\n                        <div class=\"sec_gif\"><img loading=\"lazy\" decoding=\"async\" src=\"https:\/\/guide.fire-emblem-heroes.com\/wp-content\/uploads\/kvasir_seer_of_the_past.png\" alt=\"\" width=\"210\" height=\"190\"\/><\/div>\r\n                        <div class=\"sec_charainfo\">\r\n                            <p id=\"CHARA_948_002\" class=\"sec_characate sec_characate--mythic_heroes\">Hero\u00edna m\u00edtica<\/p>\r\n                            <p id=\"CHARA_948_003\" class=\"sec_charanick\">Jovem profetisa<\/p>\r\n                            <p id=\"CHARA_948_004\" class=\"sec_charaname\">Kvasir<\/p>\r\n                            <p id=\"CHARA_948_005\" class=\"sec_charaappearancetxt\">Aparece em<\/p>\r\n                            <p id=\"CHARA_948_006\" class=\"sec_charaappearancetxt\">Fire Emblem Heroes<\/p>\r\n                        <\/div>\r\n                    <\/div>\r\n                <\/section>\r\n            <\/article>\r\n            <article>\r\n                <section class=\"sec sec_characterarea\">\r\n                    <div class=\"sec_h2chara\">\r\n                        <p id=\"CHARA_948_007\" class=\"sec_h2charattl\">Sharena apresenta:<\/p>\r\n                        <h2 id=\"CHARA_948_008\" class=\"sec_h2charatxt\">Jovem profetisa Kvasir<\/h2>\r\n                    <\/div>\r\n                    <dl class=\"sec_dl flex\">\r\n                        <dt id=\"CHARA_948_009\" class=\"sec_dt\">A hist\u00f3ria de Kvasir \u00e9 curiosa. Ela diz que nasceu no futuro, mas cresceu no passado.<\/dt>\r\n                        <dd class=\"sec_dd\">\r\n                            <a href=\"https:\/\/guide.fire-emblem-heroes.com\/wp-content\/uploads\/kvasir_seer_of_the_past_pop01.png\" class=\"popup-image\">\r\n                                <img decoding=\"async\" src=\"https:\/\/guide.fire-emblem-heroes.com\/wp-content\/uploads\/kvasir_seer_of_the_past_info01.png\" alt=\"\" \/>\r\n                            <\/a>\r\n                        <\/dd>\r\n                        <dt id=\"CHARA_948_010\" class=\"sec_dt\">A Kvasir que conhecemos no mundo do passado disse que ela \u201ccompletar\u00e1 sua miss\u00e3o\u201d e se tornar\u00e1 Gullveig&#8230; Mas o que isso significa?!<\/dt>\r\n                        <dd class=\"sec_dd\">\r\n                            <a href=\"https:\/\/guide.fire-emblem-heroes.com\/wp-content\/uploads\/kvasir_seer_of_the_past_pop02.png\" class=\"popup-image\">\r\n                                <img decoding=\"async\" src=\"https:\/\/guide.fire-emblem-heroes.com\/wp-content\/uploads\/kvasir_seer_of_the_past_info02.png\" alt=\"\" \/>\r\n                            <\/a>\r\n                        <\/dd>\r\n                        <dt id=\"CHARA_948_011\" class=\"sec_dt\">E por falar em mist\u00e9rios, at\u00e9 a apar\u00eancia dela \u00e9 estranha! Ela usa roupas feitas de materiais que nunca vi. Devem ser tecidos do mundo do futuro&#8230; N\u00f3s, no presente, nem conseguimos imagin\u00e1-los!<\/dt>\r\n                        <dd class=\"sec_dd\">\r\n                            <a href=\"https:\/\/guide.fire-emblem-heroes.com\/wp-content\/uploads\/kvasir_seer_of_the_past_pop03.png\" class=\"popup-image\">\r\n                                <img decoding=\"async\" src=\"https:\/\/guide.fire-emblem-heroes.com\/wp-content\/uploads\/kvasir_seer_of_the_past_info03.png\" alt=\"\" \/>\r\n                            <\/a>\r\n                        <\/dd>\r\n                        <dt id=\"CHARA_948_012\" class=\"sec_dt\">Qual \u00e9 a verdadeira conex\u00e3o entre Kvasir e Gullveig? Elas s\u00e3o inimigas ou aliadas? Espero que a gente descubra em breve!<\/dt>\r\n                        <dd class=\"sec_dd\">\r\n                            <a href=\"https:\/\/guide.fire-emblem-heroes.com\/wp-content\/uploads\/kvasir_seer_of_the_past_pop04.png\" class=\"popup-image\">\r\n                                <img decoding=\"async\" src=\"https:\/\/guide.fire-emblem-heroes.com\/wp-content\/uploads\/kvasir_seer_of_the_past_info04.png\" alt=\"\" \/>\r\n                            <\/a>\r\n                        <\/dd>\r\n                    <\/dl>\r\n                    <h3 id=\"CHARA_948_013\" class=\"sec_h3charatxt\">Personagens relacionados<\/h3>\r\n                    <h4 id=\"CHARA_948_014\" class=\"sec_h4charatxt\">Sei\u00f0r<\/h4>\r\n                    <p id=\"CHARA_948_015\" class=\"sec_charatxt\">Deusa de Vanaheimr, o reino da luz. Vem \u00e0 terra para salvar o povo da destrui\u00e7\u00e3o. Sempre age com propriedade. Tem uma liga\u00e7\u00e3o forte com Kvasir.<\/p>\r\n                    <h4 id=\"CHARA_948_016\" class=\"sec_h4charatxt\">Gullveig<\/h4>\r\n                    <p id=\"CHARA_948_017\" class=\"sec_charatxt\">Uma profetisa que, no futuro, j\u00e1 levou o mundo \u00e0 beira da destrui\u00e7\u00e3o. Pode alterar o tempo e moldar o futuro \u00e0 sua vontade. Tem uma liga\u00e7\u00e3o forte com Kvasir.<\/p>\r\n                <\/section>\r\n            <\/article>\r\n        <\/main>","protected":false},"excerpt":{"rendered":"Hero\u00edna m\u00edtica Jovem profetisa Kvasir Aparece em Fire Emblem Heroes Sharena apresenta: Jovem profetisa Kvasir A hist\u00f3ria de Kvasir \u00e9 curiosa. Ela diz que nasceu no futuro, mas cresceu no passado. A Kvasir que conhecemos no mundo do passado disse que ela \u201ccompletar\u00e1 sua miss\u00e3o\u201d e se tornar\u00e1 Gullveig&#8230; Mas o que isso significa?! E [&hellip;]","protected":false},"author":1,"featured_media":47559,"comment_status":"closed","ping_status":"closed","sticky":false,"template":"","format":"standard","meta":{"advanced_seo_description":"","jetpack_seo_html_title":"","jetpack_seo_noindex":false,"_jetpack_newsletter_access":"","_jetpack_dont_email_post_to_subs":false,"_jetpack_newsletter_tier_id":0,"_jetpack_memberships_contains_paywalled_content":false,"_locale":"pt_BR","_original_post":"https:\/\/guide.fire-emblem-heroes.com\/?p=47369","_jetpack_memberships_contains_paid_content":false,"footnotes":"","jetpack_publicize_message":"","jetpack_publicize_feature_enabled":true,"jetpack_social_post_already_shared":false,"jetpack_social_options":{"image_generator_settings":{"template":"highway","default_image_id":0,"font":"","enabled":false},"version":2},"_wpas_customize_per_network":false,"jetpack_post_was_ever_published":false},"categories":[1384,1423,1385,1390],"tags":[1455],"class_list":["post-47379","post","type-post","status-publish","format-standard","has-post-thumbnail","hentry","category-character","category-ex_works_heroes","category-mythic_heroes","category-stay_heroes","tag-heroina-mitica","pt-BR"],"jetpack_publicize_connections":[],"jetpack_featured_media_url":"https:\/\/guide.fire-emblem-heroes.com\/wp-content\/uploads\/kvasir_seer_of_the_past.png","jetpack_sharing_enabled":false,"jetpack_shortlink":"https:\/\/wp.me\/pa0Mj3-ckb","jetpack_likes_enabled":false,"amp_enabled":false,"_links":{"self":[{"href":"https:\/\/guide.fire-emblem-heroes.com\/wp-json\/wp\/v2\/posts\/47379","targetHints":{"allow":["GET"]}}],"collection":[{"href":"https:\/\/guide.fire-emblem-heroes.com\/wp-json\/wp\/v2\/posts"}],"about":[{"href":"https:\/\/guide.fire-emblem-heroes.com\/wp-json\/wp\/v2\/types\/post"}],"author":[{"embeddable":true,"href":"https:\/\/guide.fire-emblem-heroes.com\/wp-json\/wp\/v2\/users\/1"}],"replies":[{"embeddable":true,"href":"https:\/\/guide.fire-emblem-heroes.com\/wp-json\/wp\/v2\/comments?post=47379"}],"version-history":[{"count":1,"href":"https:\/\/guide.fire-emblem-heroes.com\/wp-json\/wp\/v2\/posts\/47379\/revisions"}],"predecessor-version":[{"id":47381,"href":"https:\/\/guide.fire-emblem-heroes.com\/wp-json\/wp\/v2\/posts\/47379\/revisions\/47381"}],"wp:featuredmedia":[{"embeddable":true,"href":"https:\/\/guide.fire-emblem-heroes.com\/wp-json\/wp\/v2\/media\/47559"}],"wp:attachment":[{"href":"https:\/\/guide.fire-emblem-heroes.com\/wp-json\/wp\/v2\/media?parent=47379"}],"wp:term":[{"taxonomy":"category","embeddable":true,"href":"https:\/\/guide.fire-emblem-heroes.com\/wp-json\/wp\/v2\/categories?post=47379"},{"taxonomy":"post_tag","embeddable":true,"href":"https:\/\/guide.fire-emblem-heroes.com\/wp-json\/wp\/v2\/tags?post=47379"}],"curies":[{"name":"wp","href":"https:\/\/api.w.org\/{rel}","templated":true}]}}