






{"id":49715,"date":"2024-02-27T10:22:14","date_gmt":"2024-02-27T01:22:14","guid":{"rendered":"https:\/\/guide.fire-emblem-heroes.com\/?p=49715"},"modified":"2024-02-28T12:44:07","modified_gmt":"2024-02-28T03:44:07","slug":"05002001000216-2","status":"publish","type":"post","link":"https:\/\/guide.fire-emblem-heroes.com\/pt-BR\/05002001000216-2\/","title":{"rendered":"<span class=\"character_nick\">Rubor juvenil<\/span><span class=\"character_name\">Lilina<\/span>"},"content":{"rendered":"<main id=\"CHARA_1003\" class=\"main_page character\">\r\n            <article>\r\n                <section class=\"sec sec_character\">\r\n                    <ul class=\"sec_ul sec_ul--character slick-box\">\r\n                        <li class=\"sec_li sec_li--character\">\r\n                            <img decoding=\"async\" src=\"https:\/\/guide.fire-emblem-heroes.com\/wp-content\/uploads\/lilina_blush_of_youth_slide01.png\" alt=\"\" \/>\r\n                        <\/li>\r\n                        <li class=\"sec_li sec_li--character\">\r\n                            <img decoding=\"async\" src=\"https:\/\/guide.fire-emblem-heroes.com\/wp-content\/uploads\/lilina_blush_of_youth_slide02.png\" alt=\"\" \/>\r\n                        <\/li>\r\n                        <li class=\"sec_li sec_li--character\">\r\n                            <img decoding=\"async\" src=\"https:\/\/guide.fire-emblem-heroes.com\/wp-content\/uploads\/lilina_blush_of_youth_slide03.png\" alt=\"\" \/>\r\n                        <\/li>\r\n                        <li class=\"sec_li sec_li--character\">\r\n                            <img decoding=\"async\" src=\"https:\/\/guide.fire-emblem-heroes.com\/wp-content\/uploads\/lilina_blush_of_youth_slide04.png\" alt=\"\" \/>\r\n                        <\/li>\r\n                    <\/ul>\r\n                    <div class=\"sec_charainfoarea flex\">\r\n                        <div class=\"sec_gif\"><img loading=\"lazy\" decoding=\"async\" src=\"https:\/\/guide.fire-emblem-heroes.com\/wp-content\/uploads\/lilina_blush_of_youth.png\" alt=\"\" width=\"210\" height=\"190\"\/><\/div>\r\n                        <div class=\"sec_charainfo\">\r\n                            <p id=\"CHARA_1003_002\" class=\"sec_characate sec_characate--special_heroes\">Hero\u00edna especial<\/p>\r\n                            <p id=\"CHARA_1003_003\" class=\"sec_charanick\">Rubor juvenil<\/p>\r\n                            <p id=\"CHARA_1003_004\" class=\"sec_charaname\">Lilina<\/p>\r\n                            <p id=\"CHARA_1003_005\" class=\"sec_charaappearancetxt\">Aparece em<\/p>\r\n                            <p id=\"CHARA_1003_006\" class=\"sec_charaappearancetxt\">Fire Emblem: The Binding Blade<\/p>\r\n                        <\/div>\r\n                    <\/div>\r\n                <\/section>\r\n            <\/article>\r\n            <article>\r\n                <section class=\"sec sec_characterarea\">\r\n                    <div class=\"sec_h2chara\">\r\n                        <p id=\"CHARA_1003_007\" class=\"sec_h2charattl\">Sharena apresenta:<\/p>\r\n                        <h2 id=\"CHARA_1003_008\" class=\"sec_h2charatxt\">Rubor juvenil Lilina<\/h2>\r\n                    <\/div>\r\n                    <dl class=\"sec_dl flex\">\r\n                        <dt id=\"CHARA_1003_009\" class=\"sec_dt\">Lilina \u00e9 filha de Hector, o marqu\u00eas de Ositia, e chegou do continente de Elibe para se juntar a n\u00f3s no Dia da Devo\u00e7\u00e3o! O vestido dela n\u00e3o \u00e9 elegante?<\/dt>\r\n                        <dd class=\"sec_dd\">\r\n                            <a href=\"https:\/\/guide.fire-emblem-heroes.com\/wp-content\/uploads\/lilina_blush_of_youth_pop01.png\" class=\"popup-image\">\r\n                                <img decoding=\"async\" src=\"https:\/\/guide.fire-emblem-heroes.com\/wp-content\/uploads\/lilina_blush_of_youth_info01.png\" alt=\"\" \/>\r\n                            <\/a>\r\n                        <\/dd>\r\n                        <dt id=\"CHARA_1003_010\" class=\"sec_dt\">Lilina costuma usar saias curtas, mas acho que ela fica \u00f3tima nesse estilo tamb\u00e9m. O vermelho combina muito bem com os detalhes dourados!<\/dt>\r\n                        <dd class=\"sec_dd\">\r\n                            <a href=\"https:\/\/guide.fire-emblem-heroes.com\/wp-content\/uploads\/lilina_blush_of_youth_pop02.png\" class=\"popup-image\">\r\n                                <img decoding=\"async\" src=\"https:\/\/guide.fire-emblem-heroes.com\/wp-content\/uploads\/lilina_blush_of_youth_info02.png\" alt=\"\" \/>\r\n                            <\/a>\r\n                        <\/dd>\r\n                        <dt id=\"CHARA_1003_011\" class=\"sec_dt\">O objeto que ela est\u00e1 carregando deve se um presente para algu\u00e9m, mas tamb\u00e9m funciona como uma arma caso haja uma batalha durante as festividades!<\/dt>\r\n                        <dd class=\"sec_dd\">\r\n                            <a href=\"https:\/\/guide.fire-emblem-heroes.com\/wp-content\/uploads\/lilina_blush_of_youth_pop03.png\" class=\"popup-image\">\r\n                                <img decoding=\"async\" src=\"https:\/\/guide.fire-emblem-heroes.com\/wp-content\/uploads\/lilina_blush_of_youth_info03.png\" alt=\"\" \/>\r\n                            <\/a>\r\n                        <\/dd>\r\n                        <dt id=\"CHARA_1003_012\" class=\"sec_dt\">Para quem ser\u00e1 este presente? Seja quem for, tenho certeza de que ficar\u00e1 muito feliz!<\/dt>\r\n                        <dd class=\"sec_dd\">\r\n                            <a href=\"https:\/\/guide.fire-emblem-heroes.com\/wp-content\/uploads\/lilina_blush_of_youth_pop04.png\" class=\"popup-image\">\r\n                                <img decoding=\"async\" src=\"https:\/\/guide.fire-emblem-heroes.com\/wp-content\/uploads\/lilina_blush_of_youth_info04.png\" alt=\"\" \/>\r\n                            <\/a>\r\n                        <\/dd>\r\n                    <\/dl>\r\n                    <h3 id=\"CHARA_1003_013\" class=\"sec_h3charatxt\">Personagens relacionados<\/h3>\r\n                    <h4 id=\"CHARA_1003_014\" class=\"sec_h4charatxt\">Roy<\/h4>\r\n                    <p id=\"CHARA_1003_015\" class=\"sec_charatxt\">Filho de Eliwood, marqu\u00eas de Pherae. Talentoso l\u00edder do ex\u00e9rcito de Pherae. Amigo de inf\u00e2ncia de Lilina.<\/p>\r\n                    <h4 id=\"CHARA_1003_016\" class=\"sec_h4charatxt\">Hector<\/h4>\r\n                    <p id=\"CHARA_1003_017\" class=\"sec_charatxt\">Amigo de Eliwood e marqu\u00eas de Ositia. Prefere a a\u00e7\u00e3o da batalha \u00e0s formalidades da corte. Pai de Lilina.<\/p>\r\n                    <h4 id=\"CHARA_1003_018\" class=\"sec_h4charatxt\">Cecilia<\/h4>\r\n                    <p id=\"CHARA_1003_019\" class=\"sec_charatxt\">Maga general de Etr\u00faria. Ensinou Roy e Lilina quando eles eram jovens.<\/p>\r\n                <\/section>\r\n            <\/article>\r\n        <\/main>","protected":false},"excerpt":{"rendered":"Hero\u00edna especial Rubor juvenil Lilina Aparece em Fire Emblem: The Binding Blade Sharena apresenta: Rubor juvenil Lilina Lilina \u00e9 filha de Hector, o marqu\u00eas de Ositia, e chegou do continente de Elibe para se juntar a n\u00f3s no Dia da Devo\u00e7\u00e3o! O vestido dela n\u00e3o \u00e9 elegante? Lilina costuma usar saias curtas, mas acho que [&hellip;]","protected":false},"author":1,"featured_media":49877,"comment_status":"closed","ping_status":"closed","sticky":false,"template":"","format":"standard","meta":{"advanced_seo_description":"","jetpack_seo_html_title":"","jetpack_seo_noindex":false,"_jetpack_newsletter_access":"","_jetpack_dont_email_post_to_subs":false,"_jetpack_newsletter_tier_id":0,"_jetpack_memberships_contains_paywalled_content":false,"_locale":"pt_BR","_original_post":"https:\/\/guide.fire-emblem-heroes.com\/?p=49704","_jetpack_memberships_contains_paid_content":false,"footnotes":"","jetpack_publicize_message":"","jetpack_publicize_feature_enabled":true,"jetpack_social_post_already_shared":false,"jetpack_social_options":{"image_generator_settings":{"template":"highway","default_image_id":0,"font":"","enabled":false},"version":2},"_wpas_customize_per_network":false,"jetpack_post_was_ever_published":false},"categories":[1384,1405,1426,1390],"tags":[1460],"class_list":["post-49715","post","type-post","status-publish","format-standard","has-post-thumbnail","hentry","category-character","category-special_heroes","category-ex_works_the_binding_blade","category-stay_heroes","tag-heroina-especial","pt-BR"],"jetpack_publicize_connections":[],"jetpack_featured_media_url":"https:\/\/guide.fire-emblem-heroes.com\/wp-content\/uploads\/lilina_blush_of_youth.png","jetpack_sharing_enabled":false,"jetpack_shortlink":"https:\/\/wp.me\/pa0Mj3-cVR","jetpack_likes_enabled":false,"amp_enabled":false,"_links":{"self":[{"href":"https:\/\/guide.fire-emblem-heroes.com\/wp-json\/wp\/v2\/posts\/49715","targetHints":{"allow":["GET"]}}],"collection":[{"href":"https:\/\/guide.fire-emblem-heroes.com\/wp-json\/wp\/v2\/posts"}],"about":[{"href":"https:\/\/guide.fire-emblem-heroes.com\/wp-json\/wp\/v2\/types\/post"}],"author":[{"embeddable":true,"href":"https:\/\/guide.fire-emblem-heroes.com\/wp-json\/wp\/v2\/users\/1"}],"replies":[{"embeddable":true,"href":"https:\/\/guide.fire-emblem-heroes.com\/wp-json\/wp\/v2\/comments?post=49715"}],"version-history":[{"count":1,"href":"https:\/\/guide.fire-emblem-heroes.com\/wp-json\/wp\/v2\/posts\/49715\/revisions"}],"predecessor-version":[{"id":49725,"href":"https:\/\/guide.fire-emblem-heroes.com\/wp-json\/wp\/v2\/posts\/49715\/revisions\/49725"}],"wp:featuredmedia":[{"embeddable":true,"href":"https:\/\/guide.fire-emblem-heroes.com\/wp-json\/wp\/v2\/media\/49877"}],"wp:attachment":[{"href":"https:\/\/guide.fire-emblem-heroes.com\/wp-json\/wp\/v2\/media?parent=49715"}],"wp:term":[{"taxonomy":"category","embeddable":true,"href":"https:\/\/guide.fire-emblem-heroes.com\/wp-json\/wp\/v2\/categories?post=49715"},{"taxonomy":"post_tag","embeddable":true,"href":"https:\/\/guide.fire-emblem-heroes.com\/wp-json\/wp\/v2\/tags?post=49715"}],"curies":[{"name":"wp","href":"https:\/\/api.w.org\/{rel}","templated":true}]}}