






{"id":52594,"date":"2024-07-03T12:31:53","date_gmt":"2024-07-03T03:31:53","guid":{"rendered":"https:\/\/guide.fire-emblem-heroes.com\/?p=52594"},"modified":"2024-08-05T17:47:02","modified_gmt":"2024-08-05T08:47:02","slug":"14001005001115-2","status":"publish","type":"post","link":"https:\/\/guide.fire-emblem-heroes.com\/pt-BR\/14001005001115-2\/","title":{"rendered":"<span class=\"character_nick\">F\u00e3 do ver\u00e3o<\/span><span class=\"character_name\">Clanne<\/span>"},"content":{"rendered":"<main id=\"CHARA_1070\" class=\"main_page character\">\r\n            <article>\r\n                <section class=\"sec sec_character\">\r\n                    <ul class=\"sec_ul sec_ul--character slick-box\">\r\n                        <li class=\"sec_li sec_li--character\">\r\n                            <img decoding=\"async\" src=\"https:\/\/guide.fire-emblem-heroes.com\/wp-content\/uploads\/clan_summer_fan_slide01.png\" alt=\"\" \/>\r\n                        <\/li>\r\n                        <li class=\"sec_li sec_li--character\">\r\n                            <img decoding=\"async\" src=\"https:\/\/guide.fire-emblem-heroes.com\/wp-content\/uploads\/clan_summer_fan_slide02.png\" alt=\"\" \/>\r\n                        <\/li>\r\n                        <li class=\"sec_li sec_li--character\">\r\n                            <img decoding=\"async\" src=\"https:\/\/guide.fire-emblem-heroes.com\/wp-content\/uploads\/clan_summer_fan_slide03.png\" alt=\"\" \/>\r\n                        <\/li>\r\n                        <li class=\"sec_li sec_li--character\">\r\n                            <img decoding=\"async\" src=\"https:\/\/guide.fire-emblem-heroes.com\/wp-content\/uploads\/clan_summer_fan_slide04.png\" alt=\"\" \/>\r\n                        <\/li>\r\n                    <\/ul>\r\n                    <div class=\"sec_charainfoarea flex\">\r\n                        <div class=\"sec_gif\"><img loading=\"lazy\" decoding=\"async\" src=\"https:\/\/guide.fire-emblem-heroes.com\/wp-content\/uploads\/clan_summer_fan.png\" alt=\"\" width=\"210\" height=\"190\"\/><\/div>\r\n                        <div class=\"sec_charainfo\">\r\n                            <p id=\"CHARA_1070_002\" class=\"sec_characate sec_characate--special_heroes\">Her\u00f3i especial<\/p>\r\n                            <p id=\"CHARA_1070_003\" class=\"sec_charanick\">F\u00e3 do ver\u00e3o<\/p>\r\n                            <p id=\"CHARA_1070_004\" class=\"sec_charaname\">Clanne<\/p>\r\n                            <p id=\"CHARA_1070_005\" class=\"sec_charaappearancetxt\">Aparece em<\/p>\r\n                            <p id=\"CHARA_1070_006\" class=\"sec_charaappearancetxt\">Fire Emblem Engage<\/p>\r\n                        <\/div>\r\n                    <\/div>\r\n                <\/section>\r\n            <\/article>\r\n            <article>\r\n                <section class=\"sec sec_characterarea\">\r\n                    <div class=\"sec_h2chara\">\r\n                        <p id=\"CHARA_1070_007\" class=\"sec_h2charattl\">Sharena apresenta:<\/p>\r\n                        <h2 id=\"CHARA_1070_008\" class=\"sec_h2charatxt\">F\u00e3 do ver\u00e3o Clanne<\/h2>\r\n                    <\/div>\r\n                    <dl class=\"sec_dl flex\">\r\n                        <dt id=\"CHARA_1070_009\" class=\"sec_dt\">Clanne \u00e9 um dos dois 33\u00ba intendentes que zelam pelo drag\u00e3o divino no reino sagrado de Lythos, em Elyos. Mas hoje ele saiu para curtir o mar cintilante com o seu conjunto estival!<\/dt>\r\n                        <dd class=\"sec_dd\">\r\n                            <a href=\"https:\/\/guide.fire-emblem-heroes.com\/wp-content\/uploads\/clan_summer_fan_pop01.png\" class=\"popup-image\">\r\n                                <img decoding=\"async\" src=\"https:\/\/guide.fire-emblem-heroes.com\/wp-content\/uploads\/clan_summer_fan_info01.png\" alt=\"\" \/>\r\n                            <\/a>\r\n                        <\/dd>\r\n                        <dt id=\"CHARA_1070_010\" class=\"sec_dt\">Essa gola grande \u00e9 uma gra\u00e7a, n\u00e3o \u00e9? Ah, e parece que ele juntou um pouco de areia e conchas da praia naquele pote que ele est\u00e1 usando na cintura! Ele n\u00e3o costuma usar esse pote para fazer picles?<\/dt>\r\n                        <dd class=\"sec_dd\">\r\n                            <a href=\"https:\/\/guide.fire-emblem-heroes.com\/wp-content\/uploads\/clan_summer_fan_pop02.png\" class=\"popup-image\">\r\n                                <img decoding=\"async\" src=\"https:\/\/guide.fire-emblem-heroes.com\/wp-content\/uploads\/clan_summer_fan_info02.png\" alt=\"\" \/>\r\n                            <\/a>\r\n                        <\/dd>\r\n                        <dt id=\"CHARA_1070_011\" class=\"sec_dt\">O que \u00e9 isso que ele est\u00e1 carregando? \u00c9 uma p\u00e1? Isso pode servir como uma arma caso algu\u00e9m venha estragar a divers\u00e3o. O cabo est\u00e1 decorado com uma fita vermelha e azul inspirada em Alear!<\/dt>\r\n                        <dd class=\"sec_dd\">\r\n                            <a href=\"https:\/\/guide.fire-emblem-heroes.com\/wp-content\/uploads\/clan_summer_fan_pop03.png\" class=\"popup-image\">\r\n                                <img decoding=\"async\" src=\"https:\/\/guide.fire-emblem-heroes.com\/wp-content\/uploads\/clan_summer_fan_info03.png\" alt=\"\" \/>\r\n                            <\/a>\r\n                        <\/dd>\r\n                        <dt id=\"CHARA_1070_012\" class=\"sec_dt\">Clanne diz que Alear merece mais aten\u00e7\u00e3o do que ele. Mas acho que ambos s\u00e3o her\u00f3is dignos!<\/dt>\r\n                        <dd class=\"sec_dd\">\r\n                            <a href=\"https:\/\/guide.fire-emblem-heroes.com\/wp-content\/uploads\/clan_summer_fan_pop04.png\" class=\"popup-image\">\r\n                                <img decoding=\"async\" src=\"https:\/\/guide.fire-emblem-heroes.com\/wp-content\/uploads\/clan_summer_fan_info04.png\" alt=\"\" \/>\r\n                            <\/a>\r\n                        <\/dd>\r\n                    <\/dl>\r\n                    <h3 id=\"CHARA_1070_013\" class=\"sec_h3charatxt\">Personagens relacionados<\/h3>\r\n                    <h4 id=\"CHARA_1070_014\" class=\"sec_h4charatxt\">Alear<\/h4>\r\n                    <p id=\"CHARA_1070_015\" class=\"sec_charatxt\">Descendente do drag\u00e3o divino que despertou de um longo sono. Invoca emblemas para trazer paz ao mundo. Clanne \u00e9 seu servo.<\/p>\r\n                    <h4 id=\"CHARA_1070_016\" class=\"sec_h4charatxt\">Framme<\/h4>\r\n                    <p id=\"CHARA_1070_017\" class=\"sec_charatxt\">33\u00aa intendente do drag\u00e3o divino. Irm\u00e3 g\u00eamea de Clanne.<\/p>\r\n                <\/section>\r\n            <\/article>\r\n        <\/main>","protected":false},"excerpt":{"rendered":"Her\u00f3i especial F\u00e3 do ver\u00e3o Clanne Aparece em Fire Emblem Engage Sharena apresenta: F\u00e3 do ver\u00e3o Clanne Clanne \u00e9 um dos dois 33\u00ba intendentes que zelam pelo drag\u00e3o divino no reino sagrado de Lythos, em Elyos. Mas hoje ele saiu para curtir o mar cintilante com o seu conjunto estival! Essa gola grande \u00e9 uma [&hellip;]","protected":false},"author":1,"featured_media":52666,"comment_status":"closed","ping_status":"closed","sticky":false,"template":"","format":"standard","meta":{"advanced_seo_description":"","jetpack_seo_html_title":"","jetpack_seo_noindex":false,"_jetpack_newsletter_access":"","_jetpack_dont_email_post_to_subs":false,"_jetpack_newsletter_tier_id":0,"_jetpack_memberships_contains_paywalled_content":false,"_locale":"pt_BR","_original_post":"https:\/\/guide.fire-emblem-heroes.com\/?p=52584","_jetpack_memberships_contains_paid_content":false,"footnotes":"","jetpack_publicize_message":"","jetpack_publicize_feature_enabled":true,"jetpack_social_post_already_shared":false,"jetpack_social_options":{"image_generator_settings":{"template":"highway","default_image_id":0,"font":"","enabled":false},"version":2},"_wpas_customize_per_network":false,"jetpack_post_was_ever_published":false},"categories":[1512,1384,1405,1390],"tags":[1459],"class_list":["post-52594","post","type-post","status-publish","format-standard","has-post-thumbnail","hentry","category-ex_works_engage","category-character","category-special_heroes","category-stay_heroes","tag-heroi-especial","pt-BR"],"jetpack_publicize_connections":[],"jetpack_featured_media_url":"https:\/\/guide.fire-emblem-heroes.com\/wp-content\/uploads\/clan_summer_fan.png","jetpack_sharing_enabled":false,"jetpack_shortlink":"https:\/\/wp.me\/pa0Mj3-dGi","jetpack_likes_enabled":false,"amp_enabled":false,"_links":{"self":[{"href":"https:\/\/guide.fire-emblem-heroes.com\/wp-json\/wp\/v2\/posts\/52594","targetHints":{"allow":["GET"]}}],"collection":[{"href":"https:\/\/guide.fire-emblem-heroes.com\/wp-json\/wp\/v2\/posts"}],"about":[{"href":"https:\/\/guide.fire-emblem-heroes.com\/wp-json\/wp\/v2\/types\/post"}],"author":[{"embeddable":true,"href":"https:\/\/guide.fire-emblem-heroes.com\/wp-json\/wp\/v2\/users\/1"}],"replies":[{"embeddable":true,"href":"https:\/\/guide.fire-emblem-heroes.com\/wp-json\/wp\/v2\/comments?post=52594"}],"version-history":[{"count":1,"href":"https:\/\/guide.fire-emblem-heroes.com\/wp-json\/wp\/v2\/posts\/52594\/revisions"}],"predecessor-version":[{"id":52599,"href":"https:\/\/guide.fire-emblem-heroes.com\/wp-json\/wp\/v2\/posts\/52594\/revisions\/52599"}],"wp:featuredmedia":[{"embeddable":true,"href":"https:\/\/guide.fire-emblem-heroes.com\/wp-json\/wp\/v2\/media\/52666"}],"wp:attachment":[{"href":"https:\/\/guide.fire-emblem-heroes.com\/wp-json\/wp\/v2\/media?parent=52594"}],"wp:term":[{"taxonomy":"category","embeddable":true,"href":"https:\/\/guide.fire-emblem-heroes.com\/wp-json\/wp\/v2\/categories?post=52594"},{"taxonomy":"post_tag","embeddable":true,"href":"https:\/\/guide.fire-emblem-heroes.com\/wp-json\/wp\/v2\/tags?post=52594"}],"curies":[{"name":"wp","href":"https:\/\/api.w.org\/{rel}","templated":true}]}}