






{"id":54160,"date":"2024-09-13T12:10:35","date_gmt":"2024-09-13T03:10:35","guid":{"rendered":"https:\/\/guide.fire-emblem-heroes.com\/?p=54160"},"modified":"2024-10-04T16:05:25","modified_gmt":"2024-10-04T07:05:25","slug":"14005002001142-2","status":"publish","type":"post","link":"https:\/\/guide.fire-emblem-heroes.com\/pt-BR\/14005002001142-2\/","title":{"rendered":"<span class=\"character_nick\">Hero\u00edna des\u00e9rtica<\/span><span class=\"character_name\">Timerra<\/span>"},"content":{"rendered":"<main id=\"CHARA_1105\" class=\"main_page character\">\r\n            <article>\r\n                <section class=\"sec sec_character\">\r\n                    <ul class=\"sec_ul sec_ul--character slick-box\">\r\n                        <li class=\"sec_li sec_li--character\">\r\n                            <img decoding=\"async\" src=\"https:\/\/guide.fire-emblem-heroes.com\/wp-content\/uploads\/misutira_desert_warrior_slide01.png\" alt=\"\" \/>\r\n                        <\/li>\r\n                        <li class=\"sec_li sec_li--character\">\r\n                            <img decoding=\"async\" src=\"https:\/\/guide.fire-emblem-heroes.com\/wp-content\/uploads\/misutira_desert_warrior_slide02.png\" alt=\"\" \/>\r\n                        <\/li>\r\n                        <li class=\"sec_li sec_li--character\">\r\n                            <img decoding=\"async\" src=\"https:\/\/guide.fire-emblem-heroes.com\/wp-content\/uploads\/misutira_desert_warrior_slide03.png\" alt=\"\" \/>\r\n                        <\/li>\r\n                        <li class=\"sec_li sec_li--character\">\r\n                            <img decoding=\"async\" src=\"https:\/\/guide.fire-emblem-heroes.com\/wp-content\/uploads\/misutira_desert_warrior_slide04.png\" alt=\"\" \/>\r\n                        <\/li>\r\n                    <\/ul>\r\n                    <div class=\"sec_charainfoarea flex\">\r\n                        <div class=\"sec_gif\"><img loading=\"lazy\" decoding=\"async\" src=\"https:\/\/guide.fire-emblem-heroes.com\/wp-content\/uploads\/misutira_desert_warrior.png\" alt=\"\" width=\"210\" height=\"190\"\/><\/div>\r\n                        <div class=\"sec_charainfo\">\r\n                            <p id=\"CHARA_1105_002\" class=\"sec_characate sec_characate--attuned_heroes\">Hero\u00edna em sintonia<\/p>\r\n                            <p id=\"CHARA_1105_003\" class=\"sec_charanick\">Hero\u00edna des\u00e9rtica<\/p>\r\n                            <p id=\"CHARA_1105_004\" class=\"sec_charaname\">Timerra<\/p>\r\n                            <p id=\"CHARA_1105_005\" class=\"sec_charaappearancetxt\">Aparece em<\/p>\r\n                            <p id=\"CHARA_1105_006\" class=\"sec_charaappearancetxt\">Fire Emblem Engage<\/p>\r\n                        <\/div>\r\n                    <\/div>\r\n                <\/section>\r\n            <\/article>\r\n            <article>\r\n                <section class=\"sec sec_characterarea\">\r\n                    <div class=\"sec_h2chara\">\r\n                        <p id=\"CHARA_1105_007\" class=\"sec_h2charattl\">Sharena apresenta:<\/p>\r\n                        <h2 id=\"CHARA_1105_008\" class=\"sec_h2charatxt\">Hero\u00edna des\u00e9rtica Timerra<\/h2>\r\n                    <\/div>\r\n                    <dl class=\"sec_dl flex\">\r\n                        <dt id=\"CHARA_1105_009\" class=\"sec_dt\">Timerra \u00e9 a princesa herdeira do reino de Solm, em Elyos. Ela chegou a Askr mantendo o v\u00ednculo com seu irm\u00e3o, Fogado, em seu cora\u00e7\u00e3o!<\/dt>\r\n                        <dd class=\"sec_dd\">\r\n                            <a href=\"https:\/\/guide.fire-emblem-heroes.com\/wp-content\/uploads\/misutira_desert_warrior_pop01.png\" class=\"popup-image\">\r\n                                <img decoding=\"async\" src=\"https:\/\/guide.fire-emblem-heroes.com\/wp-content\/uploads\/misutira_desert_warrior_info01.png\" alt=\"\" \/>\r\n                            <\/a>\r\n                        <\/dd>\r\n                        <dt id=\"CHARA_1105_010\" class=\"sec_dt\">Como herdeira de Solm, Timerra carrega uma grande responsabilidade. Mas ela continua sendo um esp\u00edrito livre e, como membro dos Sentinelas de Solm, liderados por Fogado, ela participa da batalha contra aqueles que amea\u00e7am seu povo.<\/dt>\r\n                        <dd class=\"sec_dd\">\r\n                            <a href=\"https:\/\/guide.fire-emblem-heroes.com\/wp-content\/uploads\/misutira_desert_warrior_pop02.png\" class=\"popup-image\">\r\n                                <img decoding=\"async\" src=\"https:\/\/guide.fire-emblem-heroes.com\/wp-content\/uploads\/misutira_desert_warrior_info02.png\" alt=\"\" \/>\r\n                            <\/a>\r\n                        <\/dd>\r\n                        <dt id=\"CHARA_1105_011\" class=\"sec_dt\">A lan\u00e7a que ela empunha foi a arma escolhida para a ocasi\u00e3o. Ela est\u00e1 decorada com desenhos que lembram os acess\u00f3rios que Fogado usa na cabe\u00e7a, nos ombros e na cintura!<\/dt>\r\n                        <dd class=\"sec_dd\">\r\n                            <a href=\"https:\/\/guide.fire-emblem-heroes.com\/wp-content\/uploads\/misutira_desert_warrior_pop03.png\" class=\"popup-image\">\r\n                                <img decoding=\"async\" src=\"https:\/\/guide.fire-emblem-heroes.com\/wp-content\/uploads\/misutira_desert_warrior_info03.png\" alt=\"\" \/>\r\n                            <\/a>\r\n                        <\/dd>\r\n                        <dt id=\"CHARA_1105_012\" class=\"sec_dt\">Timerra e Fogado est\u00e3o unidos por um v\u00ednculo poderoso. Com esses dois irm\u00e3os trabalhando juntos, um futuro brilhante aguarda o reino de Solm!<\/dt>\r\n                        <dd class=\"sec_dd\">\r\n                            <a href=\"https:\/\/guide.fire-emblem-heroes.com\/wp-content\/uploads\/misutira_desert_warrior_pop04.png\" class=\"popup-image\">\r\n                                <img decoding=\"async\" src=\"https:\/\/guide.fire-emblem-heroes.com\/wp-content\/uploads\/misutira_desert_warrior_info04.png\" alt=\"\" \/>\r\n                            <\/a>\r\n                        <\/dd>\r\n                    <\/dl>\r\n                    <h3 id=\"CHARA_1105_013\" class=\"sec_h3charatxt\">Personagens relacionados<\/h3>\r\n                    <h4 id=\"CHARA_1105_014\" class=\"sec_h4charatxt\">Fogado<\/h4>\r\n                    <p id=\"CHARA_1105_015\" class=\"sec_charatxt\">Primeiro pr\u00edncipe de Solm e irm\u00e3o mais novo de Timerra. Apesar de ser da realeza, \u00e9 bastante amig\u00e1vel.<\/p>\r\n                    <h4 id=\"CHARA_1105_016\" class=\"sec_h4charatxt\">Merrin<\/h4>\r\n                    <p id=\"CHARA_1105_017\" class=\"sec_charatxt\">Cavaleira real de Solm e criada da princesa Timerra. Ela \u00e9 mulher encantadora que ama os animais.<\/p>\r\n                    <h4 id=\"CHARA_1105_018\" class=\"sec_h4charatxt\">Panette<\/h4>\r\n                    <p id=\"CHARA_1105_019\" class=\"sec_charatxt\">Guerreira de Solm e criada de Timerra. Sua fala peculiar, \u00e0s vezes, carece de naturalidade e pode ser inconsistente.<\/p>\r\n                <\/section>\r\n            <\/article>\r\n        <\/main>","protected":false},"excerpt":{"rendered":"Hero\u00edna em sintonia Hero\u00edna des\u00e9rtica Timerra Aparece em Fire Emblem Engage Sharena apresenta: Hero\u00edna des\u00e9rtica Timerra Timerra \u00e9 a princesa herdeira do reino de Solm, em Elyos. Ela chegou a Askr mantendo o v\u00ednculo com seu irm\u00e3o, Fogado, em seu cora\u00e7\u00e3o! Como herdeira de Solm, Timerra carrega uma grande responsabilidade. Mas ela continua sendo um [&hellip;]","protected":false},"author":1,"featured_media":54405,"comment_status":"closed","ping_status":"closed","sticky":false,"template":"","format":"standard","meta":{"advanced_seo_description":"","jetpack_seo_html_title":"","jetpack_seo_noindex":false,"_jetpack_newsletter_access":"","_jetpack_dont_email_post_to_subs":false,"_jetpack_newsletter_tier_id":0,"_jetpack_memberships_contains_paywalled_content":false,"_locale":"pt_BR","_original_post":"https:\/\/guide.fire-emblem-heroes.com\/?p=54150","_jetpack_memberships_contains_paid_content":false,"footnotes":"","jetpack_publicize_message":"","jetpack_publicize_feature_enabled":true,"jetpack_social_post_already_shared":false,"jetpack_social_options":{"image_generator_settings":{"template":"highway","default_image_id":0,"font":"","enabled":false},"version":2},"_wpas_customize_per_network":false,"jetpack_post_was_ever_published":false},"categories":[1512,1384,1523,1390],"tags":[1516],"class_list":["post-54160","post","type-post","status-publish","format-standard","has-post-thumbnail","hentry","category-ex_works_engage","category-character","category-attuned_heroes","category-stay_heroes","tag-heroina-em-sintonia","pt-BR"],"jetpack_publicize_connections":[],"jetpack_featured_media_url":"https:\/\/guide.fire-emblem-heroes.com\/wp-content\/uploads\/misutira_desert_warrior.png","jetpack_sharing_enabled":false,"jetpack_shortlink":"https:\/\/wp.me\/pa0Mj3-e5y","jetpack_likes_enabled":false,"amp_enabled":false,"_links":{"self":[{"href":"https:\/\/guide.fire-emblem-heroes.com\/wp-json\/wp\/v2\/posts\/54160","targetHints":{"allow":["GET"]}}],"collection":[{"href":"https:\/\/guide.fire-emblem-heroes.com\/wp-json\/wp\/v2\/posts"}],"about":[{"href":"https:\/\/guide.fire-emblem-heroes.com\/wp-json\/wp\/v2\/types\/post"}],"author":[{"embeddable":true,"href":"https:\/\/guide.fire-emblem-heroes.com\/wp-json\/wp\/v2\/users\/1"}],"replies":[{"embeddable":true,"href":"https:\/\/guide.fire-emblem-heroes.com\/wp-json\/wp\/v2\/comments?post=54160"}],"version-history":[{"count":1,"href":"https:\/\/guide.fire-emblem-heroes.com\/wp-json\/wp\/v2\/posts\/54160\/revisions"}],"predecessor-version":[{"id":54170,"href":"https:\/\/guide.fire-emblem-heroes.com\/wp-json\/wp\/v2\/posts\/54160\/revisions\/54170"}],"wp:featuredmedia":[{"embeddable":true,"href":"https:\/\/guide.fire-emblem-heroes.com\/wp-json\/wp\/v2\/media\/54405"}],"wp:attachment":[{"href":"https:\/\/guide.fire-emblem-heroes.com\/wp-json\/wp\/v2\/media?parent=54160"}],"wp:term":[{"taxonomy":"category","embeddable":true,"href":"https:\/\/guide.fire-emblem-heroes.com\/wp-json\/wp\/v2\/categories?post=54160"},{"taxonomy":"post_tag","embeddable":true,"href":"https:\/\/guide.fire-emblem-heroes.com\/wp-json\/wp\/v2\/tags?post=54160"}],"curies":[{"name":"wp","href":"https:\/\/api.w.org\/{rel}","templated":true}]}}