






{"id":55687,"date":"2024-11-13T12:48:32","date_gmt":"2024-11-13T03:48:32","guid":{"rendered":"https:\/\/guide.fire-emblem-heroes.com\/?p=55687"},"modified":"2024-12-06T16:07:25","modified_gmt":"2024-12-06T07:07:25","slug":"05009002001167-2","status":"publish","type":"post","link":"https:\/\/guide.fire-emblem-heroes.com\/pt-BR\/05009002001167-2\/","title":{"rendered":"<span class=\"character_nick\">Verdade plena<\/span><span class=\"character_name\">Elffin<\/span>"},"content":{"rendered":"<main id=\"CHARA_1139\" class=\"main_page character\">\r\n            <article>\r\n                <section class=\"sec sec_character\">\r\n                    <ul class=\"sec_ul sec_ul--character slick-box\">\r\n                        <li class=\"sec_li sec_li--character\">\r\n                            <img decoding=\"async\" src=\"https:\/\/guide.fire-emblem-heroes.com\/wp-content\/uploads\/elfin_truth_beholden_slide01.png\" alt=\"\" \/>\r\n                        <\/li>\r\n                        <li class=\"sec_li sec_li--character\">\r\n                            <img decoding=\"async\" src=\"https:\/\/guide.fire-emblem-heroes.com\/wp-content\/uploads\/elfin_truth_beholden_slide02.png\" alt=\"\" \/>\r\n                        <\/li>\r\n                        <li class=\"sec_li sec_li--character\">\r\n                            <img decoding=\"async\" src=\"https:\/\/guide.fire-emblem-heroes.com\/wp-content\/uploads\/elfin_truth_beholden_slide03.png\" alt=\"\" \/>\r\n                        <\/li>\r\n                        <li class=\"sec_li sec_li--character\">\r\n                            <img decoding=\"async\" src=\"https:\/\/guide.fire-emblem-heroes.com\/wp-content\/uploads\/elfin_truth_beholden_slide04.png\" alt=\"\" \/>\r\n                        <\/li>\r\n                    <\/ul>\r\n                    <div class=\"sec_charainfoarea flex\">\r\n                        <div class=\"sec_gif\"><img loading=\"lazy\" decoding=\"async\" src=\"https:\/\/guide.fire-emblem-heroes.com\/wp-content\/uploads\/elfin_truth_beholden.png\" alt=\"\" width=\"210\" height=\"190\"\/><\/div>\r\n                        <div class=\"sec_charainfo\">\r\n                            <p id=\"CHARA_1139_002\" class=\"sec_characate sec_characate--heroes\">Her\u00f3i<\/p>\r\n                            <p id=\"CHARA_1139_003\" class=\"sec_charanick\">Verdade plena<\/p>\r\n                            <p id=\"CHARA_1139_004\" class=\"sec_charaname\">Elffin<\/p>\r\n                            <p id=\"CHARA_1139_005\" class=\"sec_charaappearancetxt\">Aparece em<\/p>\r\n                            <p id=\"CHARA_1139_006\" class=\"sec_charaappearancetxt\">Fire Emblem: The Binding Blade<\/p>\r\n                        <\/div>\r\n                    <\/div>\r\n                <\/section>\r\n            <\/article>\r\n            <article>\r\n                <section class=\"sec sec_characterarea\">\r\n                    <div class=\"sec_h2chara\">\r\n                        <p id=\"CHARA_1139_007\" class=\"sec_h2charattl\">Sharena apresenta:<\/p>\r\n                        <h2 id=\"CHARA_1139_008\" class=\"sec_h2charatxt\">Verdade plena Elffin<\/h2>\r\n                    <\/div>\r\n                    <dl class=\"sec_dl flex\">\r\n                        <dt id=\"CHARA_1139_009\" class=\"sec_dt\">Este \u00e9 Elffin, um bardo e conselheiro da resist\u00eancia nas ilhas do oeste de Elibe, que luta contra a tirania do governo de Etr\u00faria.<\/dt>\r\n                        <dd class=\"sec_dd\">\r\n                            <a href=\"https:\/\/guide.fire-emblem-heroes.com\/wp-content\/uploads\/elfin_truth_beholden_pop01.png\" class=\"popup-image\">\r\n                                <img decoding=\"async\" src=\"https:\/\/guide.fire-emblem-heroes.com\/wp-content\/uploads\/elfin_truth_beholden_info01.png\" alt=\"\" \/>\r\n                            <\/a>\r\n                        <\/dd>\r\n                        <dt id=\"CHARA_1139_010\" class=\"sec_dt\">Ele impressiona com seu comportamento digno e s\u00e1bio, mas os detalhes da identidade de Elffin s\u00e3o um mist\u00e9rio. Al\u00e9m disso, h\u00e1 muitos rumores de que ele pode ser de sangue nobre&#8230;<\/dt>\r\n                        <dd class=\"sec_dd\">\r\n                            <a href=\"https:\/\/guide.fire-emblem-heroes.com\/wp-content\/uploads\/elfin_truth_beholden_pop02.png\" class=\"popup-image\">\r\n                                <img decoding=\"async\" src=\"https:\/\/guide.fire-emblem-heroes.com\/wp-content\/uploads\/elfin_truth_beholden_info02.png\" alt=\"\" \/>\r\n                            <\/a>\r\n                        <\/dd>\r\n                        <dt id=\"CHARA_1139_011\" class=\"sec_dt\">Quando Elffin encontrou Roy, filho do marqu\u00eas de Pherae e l\u00edder do ex\u00e9rcito da Liga lyciana, Elffin viu esperan\u00e7a na determina\u00e7\u00e3o dos combatente da Liga lyciana e decidiu unir-se a eles.<\/dt>\r\n                        <dd class=\"sec_dd\">\r\n                            <a href=\"https:\/\/guide.fire-emblem-heroes.com\/wp-content\/uploads\/elfin_truth_beholden_pop03.png\" class=\"popup-image\">\r\n                                <img decoding=\"async\" src=\"https:\/\/guide.fire-emblem-heroes.com\/wp-content\/uploads\/elfin_truth_beholden_info03.png\" alt=\"\" \/>\r\n                            <\/a>\r\n                        <\/dd>\r\n                        <dt id=\"CHARA_1139_012\" class=\"sec_dt\">Com o tempo, ele assumiu o papel de estrategista do ex\u00e9rcito lyciano. Agora que ele est\u00e1 na Ordem dos Her\u00f3is, talvez possamos faz\u00ea-lo mostrar algumas das estrat\u00e9gias que tem!<\/dt>\r\n                        <dd class=\"sec_dd\">\r\n                            <a href=\"https:\/\/guide.fire-emblem-heroes.com\/wp-content\/uploads\/elfin_truth_beholden_pop04.png\" class=\"popup-image\">\r\n                                <img decoding=\"async\" src=\"https:\/\/guide.fire-emblem-heroes.com\/wp-content\/uploads\/elfin_truth_beholden_info04.png\" alt=\"\" \/>\r\n                            <\/a>\r\n                        <\/dd>\r\n                    <\/dl>\r\n                    <h3 id=\"CHARA_1139_013\" class=\"sec_h3charatxt\">Personagens relacionados<\/h3>\r\n                    <h4 id=\"CHARA_1139_014\" class=\"sec_h4charatxt\">Larum<\/h4>\r\n                    <p id=\"CHARA_1139_015\" class=\"sec_charatxt\">Filha adotiva de Douglas, grande general da Etr\u00faria. Seu talento para congregar informa\u00e7\u00f5es \u00e9 de imensa utilidade para Elffin.<\/p>\r\n                    <h4 id=\"CHARA_1139_016\" class=\"sec_h4charatxt\">Echidna<\/h4>\r\n                    <p id=\"CHARA_1139_017\" class=\"sec_charatxt\">L\u00edder da resist\u00eancia das ilhas do oeste. Ela \u00e9 imensamente competente e, por isso, inspira confian\u00e7a em muitos. Camarada de Elffin.<\/p>\r\n                <\/section>\r\n            <\/article>\r\n        <\/main>","protected":false},"excerpt":{"rendered":"Her\u00f3i Verdade plena Elffin Aparece em Fire Emblem: The Binding Blade Sharena apresenta: Verdade plena Elffin Este \u00e9 Elffin, um bardo e conselheiro da resist\u00eancia nas ilhas do oeste de Elibe, que luta contra a tirania do governo de Etr\u00faria. Ele impressiona com seu comportamento digno e s\u00e1bio, mas os detalhes da identidade de Elffin [&hellip;]","protected":false},"author":1,"featured_media":55823,"comment_status":"closed","ping_status":"closed","sticky":false,"template":"","format":"standard","meta":{"advanced_seo_description":"","jetpack_seo_html_title":"","jetpack_seo_noindex":false,"_jetpack_newsletter_access":"","_jetpack_dont_email_post_to_subs":false,"_jetpack_newsletter_tier_id":0,"_jetpack_memberships_contains_paywalled_content":false,"_locale":"pt_BR","_original_post":"https:\/\/guide.fire-emblem-heroes.com\/?p=55677","_jetpack_memberships_contains_paid_content":false,"footnotes":"","jetpack_publicize_message":"","jetpack_publicize_feature_enabled":true,"jetpack_social_post_already_shared":false,"jetpack_social_options":{"image_generator_settings":{"template":"highway","default_image_id":0,"font":"","enabled":false},"version":2},"_wpas_customize_per_network":false,"jetpack_post_was_ever_published":false},"categories":[1384,1415,1426,1390],"tags":[1463],"class_list":["post-55687","post","type-post","status-publish","format-standard","has-post-thumbnail","hentry","category-character","category-heroes","category-ex_works_the_binding_blade","category-stay_heroes","tag-heroi","pt-BR"],"jetpack_publicize_connections":[],"jetpack_featured_media_url":"https:\/\/guide.fire-emblem-heroes.com\/wp-content\/uploads\/elfin_truth_beholden.png","jetpack_sharing_enabled":false,"jetpack_shortlink":"https:\/\/wp.me\/pa0Mj3-eub","jetpack_likes_enabled":false,"amp_enabled":false,"_links":{"self":[{"href":"https:\/\/guide.fire-emblem-heroes.com\/wp-json\/wp\/v2\/posts\/55687","targetHints":{"allow":["GET"]}}],"collection":[{"href":"https:\/\/guide.fire-emblem-heroes.com\/wp-json\/wp\/v2\/posts"}],"about":[{"href":"https:\/\/guide.fire-emblem-heroes.com\/wp-json\/wp\/v2\/types\/post"}],"author":[{"embeddable":true,"href":"https:\/\/guide.fire-emblem-heroes.com\/wp-json\/wp\/v2\/users\/1"}],"replies":[{"embeddable":true,"href":"https:\/\/guide.fire-emblem-heroes.com\/wp-json\/wp\/v2\/comments?post=55687"}],"version-history":[{"count":1,"href":"https:\/\/guide.fire-emblem-heroes.com\/wp-json\/wp\/v2\/posts\/55687\/revisions"}],"predecessor-version":[{"id":55691,"href":"https:\/\/guide.fire-emblem-heroes.com\/wp-json\/wp\/v2\/posts\/55687\/revisions\/55691"}],"wp:featuredmedia":[{"embeddable":true,"href":"https:\/\/guide.fire-emblem-heroes.com\/wp-json\/wp\/v2\/media\/55823"}],"wp:attachment":[{"href":"https:\/\/guide.fire-emblem-heroes.com\/wp-json\/wp\/v2\/media?parent=55687"}],"wp:term":[{"taxonomy":"category","embeddable":true,"href":"https:\/\/guide.fire-emblem-heroes.com\/wp-json\/wp\/v2\/categories?post=55687"},{"taxonomy":"post_tag","embeddable":true,"href":"https:\/\/guide.fire-emblem-heroes.com\/wp-json\/wp\/v2\/tags?post=55687"}],"curies":[{"name":"wp","href":"https:\/\/api.w.org\/{rel}","templated":true}]}}