






{"id":56243,"date":"2024-12-04T13:10:30","date_gmt":"2024-12-04T04:10:30","guid":{"rendered":"https:\/\/guide.fire-emblem-heroes.com\/?p=56243"},"modified":"2024-12-16T16:27:54","modified_gmt":"2024-12-16T07:27:54","slug":"06008003001179-2","status":"publish","type":"post","link":"https:\/\/guide.fire-emblem-heroes.com\/pt-BR\/06008003001179-2\/","title":{"rendered":"<span class=\"character_nick\">General dragontina<\/span><span class=\"character_name\">Vaida<\/span>"},"content":{"rendered":"<main id=\"CHARA_1154\" class=\"main_page character\">\r\n            <article>\r\n                <section class=\"sec sec_character\">\r\n                    <ul class=\"sec_ul sec_ul--character slick-box\">\r\n                        <li class=\"sec_li sec_li--character\">\r\n                            <img decoding=\"async\" src=\"https:\/\/guide.fire-emblem-heroes.com\/wp-content\/uploads\/vajda_dracofang_general_slide01.png\" alt=\"\" \/>\r\n                        <\/li>\r\n                        <li class=\"sec_li sec_li--character\">\r\n                            <img decoding=\"async\" src=\"https:\/\/guide.fire-emblem-heroes.com\/wp-content\/uploads\/vajda_dracofang_general_slide02.png\" alt=\"\" \/>\r\n                        <\/li>\r\n                        <li class=\"sec_li sec_li--character\">\r\n                            <img decoding=\"async\" src=\"https:\/\/guide.fire-emblem-heroes.com\/wp-content\/uploads\/vajda_dracofang_general_slide03.png\" alt=\"\" \/>\r\n                        <\/li>\r\n                        <li class=\"sec_li sec_li--character\">\r\n                            <img decoding=\"async\" src=\"https:\/\/guide.fire-emblem-heroes.com\/wp-content\/uploads\/vajda_dracofang_general_slide04.png\" alt=\"\" \/>\r\n                        <\/li>\r\n                    <\/ul>\r\n                    <div class=\"sec_charainfoarea flex\">\r\n                        <div class=\"sec_gif\"><img loading=\"lazy\" decoding=\"async\" src=\"https:\/\/guide.fire-emblem-heroes.com\/wp-content\/uploads\/vajda_dracofang_general.png\" alt=\"\" width=\"210\" height=\"190\"\/><\/div>\r\n                        <div class=\"sec_charainfo\">\r\n                            <p id=\"CHARA_1154_002\" class=\"sec_characate sec_characate--heroes\">Hero\u00edna<\/p>\r\n                            <p id=\"CHARA_1154_003\" class=\"sec_charanick\">General dragontina<\/p>\r\n                            <p id=\"CHARA_1154_004\" class=\"sec_charaname\">Vaida<\/p>\r\n                            <p id=\"CHARA_1154_005\" class=\"sec_charaappearancetxt\">Aparece em<\/p>\r\n                            <p id=\"CHARA_1154_006\" class=\"sec_charaappearancetxt\">Fire Emblem: The Blazing Blade<\/p>\r\n                        <\/div>\r\n                    <\/div>\r\n                <\/section>\r\n            <\/article>\r\n            <article>\r\n                <section class=\"sec sec_characterarea\">\r\n                    <div class=\"sec_h2chara\">\r\n                        <p id=\"CHARA_1154_007\" class=\"sec_h2charattl\">Sharena apresenta:<\/p>\r\n                        <h2 id=\"CHARA_1154_008\" class=\"sec_h2charatxt\">General dragontina Vaida<\/h2>\r\n                    <\/div>\r\n                    <dl class=\"sec_dl flex\">\r\n                        <dt id=\"CHARA_1154_009\" class=\"sec_dt\">O reino de Bern \u00e9 uma grande pot\u00eancia militar no continente de Elibe. Vaida j\u00e1 foi elogiada como a comandante mais poderosa dos cavaleiros wyvern do reino!<\/dt>\r\n                        <dd class=\"sec_dd\">\r\n                            <a href=\"https:\/\/guide.fire-emblem-heroes.com\/wp-content\/uploads\/vajda_dracofang_general_pop01.png\" class=\"popup-image\">\r\n                                <img decoding=\"async\" src=\"https:\/\/guide.fire-emblem-heroes.com\/wp-content\/uploads\/vajda_dracofang_general_info01.png\" alt=\"\" \/>\r\n                            <\/a>\r\n                        <\/dd>\r\n                        <dt id=\"CHARA_1154_010\" class=\"sec_dt\">No entanto, ela foi incriminada pelas elites corruptas do ex\u00e9rcito. Acusaram-na de insubordina\u00e7\u00e3o por ter se recusado a massacrar alde\u00f5es inocentes durante uma miss\u00e3o.<\/dt>\r\n                        <dd class=\"sec_dd\">\r\n                            <a href=\"https:\/\/guide.fire-emblem-heroes.com\/wp-content\/uploads\/vajda_dracofang_general_pop02.png\" class=\"popup-image\">\r\n                                <img decoding=\"async\" src=\"https:\/\/guide.fire-emblem-heroes.com\/wp-content\/uploads\/vajda_dracofang_general_info02.png\" alt=\"\" \/>\r\n                            <\/a>\r\n                        <\/dd>\r\n                        <dt id=\"CHARA_1154_011\" class=\"sec_dt\">Vaida foi for\u00e7ada a desertar e fugir do ex\u00e9rcito. Ainda que n\u00e3o seja leal ao rei, que permitiu que essa corrup\u00e7\u00e3o acontecesse, segue fiel ao pr\u00edncipe Zephiel.<\/dt>\r\n                        <dd class=\"sec_dd\">\r\n                            <a href=\"https:\/\/guide.fire-emblem-heroes.com\/wp-content\/uploads\/vajda_dracofang_general_pop03.png\" class=\"popup-image\">\r\n                                <img decoding=\"async\" src=\"https:\/\/guide.fire-emblem-heroes.com\/wp-content\/uploads\/vajda_dracofang_general_info03.png\" alt=\"\" \/>\r\n                            <\/a>\r\n                        <\/dd>\r\n                        <dt id=\"CHARA_1154_012\" class=\"sec_dt\">Com esperan\u00e7as de ficar pr\u00f3xima a Zephiel e defend\u00ea-lo, Vaida desejava retornar ao ex\u00e9rcito de Bern. Por esse motivo, ela come\u00e7ou a trabalhar com Nergal, comandante sombrio dos assassinos Presa Negra&#8230;<\/dt>\r\n                        <dd class=\"sec_dd\">\r\n                            <a href=\"https:\/\/guide.fire-emblem-heroes.com\/wp-content\/uploads\/vajda_dracofang_general_pop04.png\" class=\"popup-image\">\r\n                                <img decoding=\"async\" src=\"https:\/\/guide.fire-emblem-heroes.com\/wp-content\/uploads\/vajda_dracofang_general_info04.png\" alt=\"\" \/>\r\n                            <\/a>\r\n                        <\/dd>\r\n                    <\/dl>\r\n                    <h3 id=\"CHARA_1154_013\" class=\"sec_h3charatxt\">Personagens relacionados<\/h3>\r\n                    <h4 id=\"CHARA_1154_014\" class=\"sec_h4charatxt\">Heath<\/h4>\r\n                    <p id=\"CHARA_1154_015\" class=\"sec_charatxt\">Um jovem perturbado pelo contraste entre seus ideais cavalheirescos e a realidade. Foi for\u00e7ado a deixar sua terra natal, Bern, antes de se tornar um mercen\u00e1rio. Foi subordinado de Vaida.<\/p>\r\n                    <h4 id=\"CHARA_1154_016\" class=\"sec_h4charatxt\">Nergal<\/h4>\r\n                    <p id=\"CHARA_1154_017\" class=\"sec_charatxt\">Ser cruel que surrupia quintess\u00eancia dos seres humanos a fim de conceber suas cria\u00e7\u00f5es vivas, os mutantes, para cumprir suas ordens. Concede poder a Vaida, mas controla-a como marionete.<\/p>\r\n                <\/section>\r\n            <\/article>\r\n        <\/main>","protected":false},"excerpt":{"rendered":"Hero\u00edna General dragontina Vaida Aparece em Fire Emblem: The Blazing Blade Sharena apresenta: General dragontina Vaida O reino de Bern \u00e9 uma grande pot\u00eancia militar no continente de Elibe. Vaida j\u00e1 foi elogiada como a comandante mais poderosa dos cavaleiros wyvern do reino! No entanto, ela foi incriminada pelas elites corruptas do ex\u00e9rcito. Acusaram-na de [&hellip;]","protected":false},"author":1,"featured_media":56372,"comment_status":"closed","ping_status":"closed","sticky":false,"template":"","format":"standard","meta":{"advanced_seo_description":"","jetpack_seo_html_title":"","jetpack_seo_noindex":false,"_jetpack_newsletter_access":"","_jetpack_dont_email_post_to_subs":false,"_jetpack_newsletter_tier_id":0,"_jetpack_memberships_contains_paywalled_content":false,"_locale":"pt_BR","_original_post":"https:\/\/guide.fire-emblem-heroes.com\/?p=56233","_jetpack_memberships_contains_paid_content":false,"footnotes":"","jetpack_publicize_message":"","jetpack_publicize_feature_enabled":true,"jetpack_social_post_already_shared":false,"jetpack_social_options":{"image_generator_settings":{"template":"highway","default_image_id":0,"font":"","enabled":false},"version":2},"_wpas_customize_per_network":false,"jetpack_post_was_ever_published":false},"categories":[1384,1427,1415,1390],"tags":[1461],"class_list":["post-56243","post","type-post","status-publish","format-standard","has-post-thumbnail","hentry","category-character","category-ex_works_the_blazing_blade","category-heroes","category-stay_heroes","tag-heroina","pt-BR"],"jetpack_publicize_connections":[],"jetpack_featured_media_url":"https:\/\/guide.fire-emblem-heroes.com\/wp-content\/uploads\/vajda_dracofang_general.png","jetpack_sharing_enabled":false,"jetpack_shortlink":"https:\/\/wp.me\/pa0Mj3-eD9","jetpack_likes_enabled":false,"amp_enabled":false,"_links":{"self":[{"href":"https:\/\/guide.fire-emblem-heroes.com\/wp-json\/wp\/v2\/posts\/56243","targetHints":{"allow":["GET"]}}],"collection":[{"href":"https:\/\/guide.fire-emblem-heroes.com\/wp-json\/wp\/v2\/posts"}],"about":[{"href":"https:\/\/guide.fire-emblem-heroes.com\/wp-json\/wp\/v2\/types\/post"}],"author":[{"embeddable":true,"href":"https:\/\/guide.fire-emblem-heroes.com\/wp-json\/wp\/v2\/users\/1"}],"replies":[{"embeddable":true,"href":"https:\/\/guide.fire-emblem-heroes.com\/wp-json\/wp\/v2\/comments?post=56243"}],"version-history":[{"count":1,"href":"https:\/\/guide.fire-emblem-heroes.com\/wp-json\/wp\/v2\/posts\/56243\/revisions"}],"predecessor-version":[{"id":56250,"href":"https:\/\/guide.fire-emblem-heroes.com\/wp-json\/wp\/v2\/posts\/56243\/revisions\/56250"}],"wp:featuredmedia":[{"embeddable":true,"href":"https:\/\/guide.fire-emblem-heroes.com\/wp-json\/wp\/v2\/media\/56372"}],"wp:attachment":[{"href":"https:\/\/guide.fire-emblem-heroes.com\/wp-json\/wp\/v2\/media?parent=56243"}],"wp:term":[{"taxonomy":"category","embeddable":true,"href":"https:\/\/guide.fire-emblem-heroes.com\/wp-json\/wp\/v2\/categories?post=56243"},{"taxonomy":"post_tag","embeddable":true,"href":"https:\/\/guide.fire-emblem-heroes.com\/wp-json\/wp\/v2\/tags?post=56243"}],"curies":[{"name":"wp","href":"https:\/\/api.w.org\/{rel}","templated":true}]}}