






{"id":56493,"date":"2024-12-11T12:39:20","date_gmt":"2024-12-11T03:39:20","guid":{"rendered":"https:\/\/guide.fire-emblem-heroes.com\/?p=56493"},"modified":"2025-01-14T16:03:28","modified_gmt":"2025-01-14T07:03:28","slug":"07009009001183-2","status":"publish","type":"post","link":"https:\/\/guide.fire-emblem-heroes.com\/pt-BR\/07009009001183-2\/","title":{"rendered":"<span class=\"character_nick\">Sombra da noite<\/span><span class=\"character_name\">Fomortiis<\/span>"},"content":{"rendered":"<main id=\"CHARA_1159\" class=\"main_page character\">\r\n            <article>\r\n                <section class=\"sec sec_character\">\r\n                    <ul class=\"sec_ul sec_ul--character slick-box\">\r\n                        <li class=\"sec_li sec_li--character\">\r\n                            <img decoding=\"async\" src=\"https:\/\/guide.fire-emblem-heroes.com\/wp-content\/uploads\/fodes_dark_of_night_slide01.png\" alt=\"\" \/>\r\n                        <\/li>\r\n                        <li class=\"sec_li sec_li--character\">\r\n                            <img decoding=\"async\" src=\"https:\/\/guide.fire-emblem-heroes.com\/wp-content\/uploads\/fodes_dark_of_night_slide02.png\" alt=\"\" \/>\r\n                        <\/li>\r\n                        <li class=\"sec_li sec_li--character\">\r\n                            <img decoding=\"async\" src=\"https:\/\/guide.fire-emblem-heroes.com\/wp-content\/uploads\/fodes_dark_of_night_slide03.png\" alt=\"\" \/>\r\n                        <\/li>\r\n                        <li class=\"sec_li sec_li--character\">\r\n                            <img decoding=\"async\" src=\"https:\/\/guide.fire-emblem-heroes.com\/wp-content\/uploads\/fodes_dark_of_night_slide04.png\" alt=\"\" \/>\r\n                        <\/li>\r\n                    <\/ul>\r\n                    <div class=\"sec_charainfoarea flex\">\r\n                        <div class=\"sec_gif\"><img loading=\"lazy\" decoding=\"async\" src=\"https:\/\/guide.fire-emblem-heroes.com\/wp-content\/uploads\/fodes_dark_of_night.png\" alt=\"\" width=\"210\" height=\"190\"\/><\/div>\r\n                        <div class=\"sec_charainfo\">\r\n                            <p id=\"CHARA_1159_002\" class=\"sec_characate sec_characate--special_heroes\">Her\u00f3i especial<\/p>\r\n                            <p id=\"CHARA_1159_003\" class=\"sec_charanick\">Sombra da noite<\/p>\r\n                            <p id=\"CHARA_1159_004\" class=\"sec_charaname\">Fomortiis<\/p>\r\n                            <p id=\"CHARA_1159_005\" class=\"sec_charaappearancetxt\">Aparece em<\/p>\r\n                            <p id=\"CHARA_1159_006\" class=\"sec_charaappearancetxt\">Fire Emblem: The Sacred Stones<\/p>\r\n                        <\/div>\r\n                    <\/div>\r\n                <\/section>\r\n            <\/article>\r\n            <article>\r\n                <section class=\"sec sec_characterarea\">\r\n                    <div class=\"sec_h2chara\">\r\n                        <p id=\"CHARA_1159_007\" class=\"sec_h2charattl\">Sharena apresenta:<\/p>\r\n                        <h2 id=\"CHARA_1159_008\" class=\"sec_h2charatxt\">Sombra da noite Fomortiis<\/h2>\r\n                    <\/div>\r\n                    <dl class=\"sec_dl flex\">\r\n                        <dt id=\"CHARA_1159_009\" class=\"sec_dt\">Certa vez, Fomortiis, o Rei demon\u00edaco, lan\u00e7ou uma longa sombra de terror e desespero sobre o continente de Magvel. Mas, hoje, ele apareceu no festival de inverno com Lyon, o pr\u00edncipe de Grado, que est\u00e1 sob o seu controle!<\/dt>\r\n                        <dd class=\"sec_dd\">\r\n                            <a href=\"https:\/\/guide.fire-emblem-heroes.com\/wp-content\/uploads\/fodes_dark_of_night_pop01.png\" class=\"popup-image\">\r\n                                <img decoding=\"async\" src=\"https:\/\/guide.fire-emblem-heroes.com\/wp-content\/uploads\/fodes_dark_of_night_info01.png\" alt=\"\" \/>\r\n                            <\/a>\r\n                        <\/dd>\r\n                        <dt id=\"CHARA_1159_010\" class=\"sec_dt\">O Rei demon\u00edaco tem um f\u00edsico t\u00e3o imponente que \u00e9 preciso olhar para cima para v\u00ea-lo completamente. Se voc\u00ea tiver coragem para fazer isso, ver\u00e1 que ele est\u00e1 usando um len\u00e7o bastante aconchegante no pesco\u00e7o!<\/dt>\r\n                        <dd class=\"sec_dd\">\r\n                            <a href=\"https:\/\/guide.fire-emblem-heroes.com\/wp-content\/uploads\/fodes_dark_of_night_pop02.png\" class=\"popup-image\">\r\n                                <img decoding=\"async\" src=\"https:\/\/guide.fire-emblem-heroes.com\/wp-content\/uploads\/fodes_dark_of_night_info02.png\" alt=\"\" \/>\r\n                            <\/a>\r\n                        <\/dd>\r\n                        <dt id=\"CHARA_1159_011\" class=\"sec_dt\">E embora Lyon possa estar sujeito aos caprichos de Fomortiis, ele veste um terno vermelho em comemora\u00e7\u00e3o ao festival de inverno!<\/dt>\r\n                        <dd class=\"sec_dd\">\r\n                            <a href=\"https:\/\/guide.fire-emblem-heroes.com\/wp-content\/uploads\/fodes_dark_of_night_pop03.png\" class=\"popup-image\">\r\n                                <img decoding=\"async\" src=\"https:\/\/guide.fire-emblem-heroes.com\/wp-content\/uploads\/fodes_dark_of_night_info03.png\" alt=\"\" \/>\r\n                            <\/a>\r\n                        <\/dd>\r\n                        <dt id=\"CHARA_1159_012\" class=\"sec_dt\">N\u00e3o sei por que eles vieram aqui&#8230; Ainda assim, parecem populares entre as crian\u00e7as. Na verdade&#8230; parece que est\u00e3o se divertindo!<\/dt>\r\n                        <dd class=\"sec_dd\">\r\n                            <a href=\"https:\/\/guide.fire-emblem-heroes.com\/wp-content\/uploads\/fodes_dark_of_night_pop04.png\" class=\"popup-image\">\r\n                                <img decoding=\"async\" src=\"https:\/\/guide.fire-emblem-heroes.com\/wp-content\/uploads\/fodes_dark_of_night_info04.png\" alt=\"\" \/>\r\n                            <\/a>\r\n                        <\/dd>\r\n                    <\/dl>\r\n                    <h3 id=\"CHARA_1159_013\" class=\"sec_h3charatxt\">Personagens relacionados<\/h3>\r\n                    <h4 id=\"CHARA_1159_014\" class=\"sec_h4charatxt\">Lyon<\/h4>\r\n                    <p id=\"CHARA_1159_015\" class=\"sec_charatxt\">Pr\u00edncipe de Grado, ele n\u00e3o gosta de lutar. \u00c9 amigo de inf\u00e2ncia de Ephraim e Eirika. Fomortiis controla sua mente.<\/p>\r\n                    <h4 id=\"CHARA_1159_016\" class=\"sec_h4charatxt\">Myrrh<\/h4>\r\n                    <p id=\"CHARA_1159_017\" class=\"sec_charatxt\">Manakete bem mais velha do que sua apar\u00eancia sugere. \u00c9 t\u00edmida, mas estranhamente ligada a Ephraim. Sobrevivente da batalha dos manaketes contra Fomortiis que aconteceu h\u00e1 muito tempo.<\/p>\r\n                <\/section>\r\n            <\/article>\r\n        <\/main>","protected":false},"excerpt":{"rendered":"Her\u00f3i especial Sombra da noite Fomortiis Aparece em Fire Emblem: The Sacred Stones Sharena apresenta: Sombra da noite Fomortiis Certa vez, Fomortiis, o Rei demon\u00edaco, lan\u00e7ou uma longa sombra de terror e desespero sobre o continente de Magvel. Mas, hoje, ele apareceu no festival de inverno com Lyon, o pr\u00edncipe de Grado, que est\u00e1 sob [&hellip;]","protected":false},"author":1,"featured_media":56551,"comment_status":"closed","ping_status":"closed","sticky":false,"template":"","format":"standard","meta":{"advanced_seo_description":"","jetpack_seo_html_title":"","jetpack_seo_noindex":false,"_jetpack_newsletter_access":"","_jetpack_dont_email_post_to_subs":false,"_jetpack_newsletter_tier_id":0,"_jetpack_memberships_contains_paywalled_content":false,"_locale":"pt_BR","_original_post":"https:\/\/guide.fire-emblem-heroes.com\/?p=56482","_jetpack_memberships_contains_paid_content":false,"footnotes":"","jetpack_publicize_message":"","jetpack_publicize_feature_enabled":true,"jetpack_social_post_already_shared":false,"jetpack_social_options":{"image_generator_settings":{"template":"highway","default_image_id":0,"font":"","enabled":false},"version":2},"_wpas_customize_per_network":false,"jetpack_post_was_ever_published":false},"categories":[1384,1428,1405,1390],"tags":[1459],"class_list":["post-56493","post","type-post","status-publish","format-standard","has-post-thumbnail","hentry","category-character","category-ex_works_the_sacred_stones","category-special_heroes","category-stay_heroes","tag-heroi-especial","pt-BR"],"jetpack_publicize_connections":[],"jetpack_featured_media_url":"https:\/\/guide.fire-emblem-heroes.com\/wp-content\/uploads\/fodes_dark_of_night.png","jetpack_sharing_enabled":false,"jetpack_shortlink":"https:\/\/wp.me\/pa0Mj3-eHb","jetpack_likes_enabled":false,"amp_enabled":false,"_links":{"self":[{"href":"https:\/\/guide.fire-emblem-heroes.com\/wp-json\/wp\/v2\/posts\/56493","targetHints":{"allow":["GET"]}}],"collection":[{"href":"https:\/\/guide.fire-emblem-heroes.com\/wp-json\/wp\/v2\/posts"}],"about":[{"href":"https:\/\/guide.fire-emblem-heroes.com\/wp-json\/wp\/v2\/types\/post"}],"author":[{"embeddable":true,"href":"https:\/\/guide.fire-emblem-heroes.com\/wp-json\/wp\/v2\/users\/1"}],"replies":[{"embeddable":true,"href":"https:\/\/guide.fire-emblem-heroes.com\/wp-json\/wp\/v2\/comments?post=56493"}],"version-history":[{"count":1,"href":"https:\/\/guide.fire-emblem-heroes.com\/wp-json\/wp\/v2\/posts\/56493\/revisions"}],"predecessor-version":[{"id":56496,"href":"https:\/\/guide.fire-emblem-heroes.com\/wp-json\/wp\/v2\/posts\/56493\/revisions\/56496"}],"wp:featuredmedia":[{"embeddable":true,"href":"https:\/\/guide.fire-emblem-heroes.com\/wp-json\/wp\/v2\/media\/56551"}],"wp:attachment":[{"href":"https:\/\/guide.fire-emblem-heroes.com\/wp-json\/wp\/v2\/media?parent=56493"}],"wp:term":[{"taxonomy":"category","embeddable":true,"href":"https:\/\/guide.fire-emblem-heroes.com\/wp-json\/wp\/v2\/categories?post=56493"},{"taxonomy":"post_tag","embeddable":true,"href":"https:\/\/guide.fire-emblem-heroes.com\/wp-json\/wp\/v2\/tags?post=56493"}],"curies":[{"name":"wp","href":"https:\/\/api.w.org\/{rel}","templated":true}]}}