






{"id":56682,"date":"2024-12-23T13:22:29","date_gmt":"2024-12-23T04:22:29","guid":{"rendered":"https:\/\/guide.fire-emblem-heroes.com\/?p=56682"},"modified":"2024-12-24T12:55:29","modified_gmt":"2024-12-24T03:55:29","slug":"05010002000320-2","status":"publish","type":"post","link":"https:\/\/guide.fire-emblem-heroes.com\/pt-BR\/05010002000320-2\/","title":{"rendered":"<span class=\"character_nick\">Drag\u00e3o festiva<\/span><span class=\"character_name\">Fae<\/span>"},"content":{"rendered":"<main id=\"CHARA_1164\" class=\"main_page character\">\r\n            <article>\r\n                <section class=\"sec sec_character\">\r\n                    <ul class=\"sec_ul sec_ul--character slick-box\">\r\n                        <li class=\"sec_li sec_li--character\">\r\n                            <img decoding=\"async\" src=\"https:\/\/guide.fire-emblem-heroes.com\/wp-content\/uploads\/fa_holiday_dear_slide01.png\" alt=\"\" \/>\r\n                        <\/li>\r\n                        <li class=\"sec_li sec_li--character\">\r\n                            <img decoding=\"async\" src=\"https:\/\/guide.fire-emblem-heroes.com\/wp-content\/uploads\/fa_holiday_dear_slide02.png\" alt=\"\" \/>\r\n                        <\/li>\r\n                        <li class=\"sec_li sec_li--character\">\r\n                            <img decoding=\"async\" src=\"https:\/\/guide.fire-emblem-heroes.com\/wp-content\/uploads\/fa_holiday_dear_slide03.png\" alt=\"\" \/>\r\n                        <\/li>\r\n                        <li class=\"sec_li sec_li--character\">\r\n                            <img decoding=\"async\" src=\"https:\/\/guide.fire-emblem-heroes.com\/wp-content\/uploads\/fa_holiday_dear_slide04.png\" alt=\"\" \/>\r\n                        <\/li>\r\n                    <\/ul>\r\n                    <div class=\"sec_charainfoarea flex\">\r\n                        <div class=\"sec_gif\"><img loading=\"lazy\" decoding=\"async\" src=\"https:\/\/guide.fire-emblem-heroes.com\/wp-content\/uploads\/fa_holiday_dear.png\" alt=\"\" width=\"210\" height=\"190\"\/><\/div>\r\n                        <div class=\"sec_charainfo\">\r\n                            <p id=\"CHARA_1164_002\" class=\"sec_characate sec_characate--special_heroes\">Hero\u00edna especial<\/p>\r\n                            <p id=\"CHARA_1164_003\" class=\"sec_charanick\">Drag\u00e3o festiva<\/p>\r\n                            <p id=\"CHARA_1164_004\" class=\"sec_charaname\">Fae<\/p>\r\n                            <p id=\"CHARA_1164_005\" class=\"sec_charaappearancetxt\">Aparece em<\/p>\r\n                            <p id=\"CHARA_1164_006\" class=\"sec_charaappearancetxt\">Fire Emblem: The Binding Blade<\/p>\r\n                        <\/div>\r\n                    <\/div>\r\n                <\/section>\r\n            <\/article>\r\n            <article>\r\n                <section class=\"sec sec_characterarea\">\r\n                    <div class=\"sec_h2chara\">\r\n                        <p id=\"CHARA_1164_007\" class=\"sec_h2charattl\">Sharena apresenta:<\/p>\r\n                        <h2 id=\"CHARA_1164_008\" class=\"sec_h2charatxt\">Drag\u00e3o festiva Fae<\/h2>\r\n                    <\/div>\r\n                    <dl class=\"sec_dl flex\">\r\n                        <dt id=\"CHARA_1164_009\" class=\"sec_dt\">Fae, uma drag\u00e3o divina da vila de Nabata, est\u00e1 chegando! Que traje ador\u00e1vel para o festival de inverno!<\/dt>\r\n                        <dd class=\"sec_dd\">\r\n                            <a href=\"https:\/\/guide.fire-emblem-heroes.com\/wp-content\/uploads\/fa_holiday_dear_pop01.png\" class=\"popup-image\">\r\n                                <img decoding=\"async\" src=\"https:\/\/guide.fire-emblem-heroes.com\/wp-content\/uploads\/fa_holiday_dear_info01.png\" alt=\"\" \/>\r\n                            <\/a>\r\n                        <\/dd>\r\n                        <dt id=\"CHARA_1164_010\" class=\"sec_dt\">N\u00e3o \u00e9 bonita essa faixa de cabelo dela com galhadas? Olha o detalhe da bainha do vestido: h\u00e1 pequenas \u00e1rvores do festival de inverno!<\/dt>\r\n                        <dd class=\"sec_dd\">\r\n                            <a href=\"https:\/\/guide.fire-emblem-heroes.com\/wp-content\/uploads\/fa_holiday_dear_pop02.png\" class=\"popup-image\">\r\n                                <img decoding=\"async\" src=\"https:\/\/guide.fire-emblem-heroes.com\/wp-content\/uploads\/fa_holiday_dear_info02.png\" alt=\"\" \/>\r\n                            <\/a>\r\n                        <\/dd>\r\n                        <dt id=\"CHARA_1164_011\" class=\"sec_dt\">Ela tamb\u00e9m leva uma varinha m\u00e1gica, com uma pedra de drag\u00e3o linda em destaque. Um \u00fanico movimento dessa varinha faz com que, magicamente, apare\u00e7am presentes brilhantes! Onde est\u00e1 o meu presente, Fae?!<\/dt>\r\n                        <dd class=\"sec_dd\">\r\n                            <a href=\"https:\/\/guide.fire-emblem-heroes.com\/wp-content\/uploads\/fa_holiday_dear_pop03.png\" class=\"popup-image\">\r\n                                <img decoding=\"async\" src=\"https:\/\/guide.fire-emblem-heroes.com\/wp-content\/uploads\/fa_holiday_dear_info03.png\" alt=\"\" \/>\r\n                            <\/a>\r\n                        <\/dd>\r\n                        <dt id=\"CHARA_1164_012\" class=\"sec_dt\">Fae \u00e9 sempre encantadora, mas essa roupa especial do festival de inverno ressalta a do\u00e7ura dela!<\/dt>\r\n                        <dd class=\"sec_dd\">\r\n                            <a href=\"https:\/\/guide.fire-emblem-heroes.com\/wp-content\/uploads\/fa_holiday_dear_pop04.png\" class=\"popup-image\">\r\n                                <img decoding=\"async\" src=\"https:\/\/guide.fire-emblem-heroes.com\/wp-content\/uploads\/fa_holiday_dear_info04.png\" alt=\"\" \/>\r\n                            <\/a>\r\n                        <\/dd>\r\n                    <\/dl>\r\n                    <h3 id=\"CHARA_1164_013\" class=\"sec_h3charatxt\">Personagens relacionados<\/h3>\r\n                    <h4 id=\"CHARA_1164_014\" class=\"sec_h4charatxt\">Sophia<\/h4>\r\n                    <p id=\"CHARA_1164_015\" class=\"sec_charatxt\">Uma xam\u00e3 de Nabata capaz de prever o futuro. Por seu car\u00e1ter solit\u00e1rio, prefere levar uma vida de reclus\u00e3o, longe de outras pessoas. Amiga de Fae.<\/p>\r\n                    <h4 id=\"CHARA_1164_016\" class=\"sec_h4charatxt\">Igrene<\/h4>\r\n                    <p id=\"CHARA_1164_017\" class=\"sec_charatxt\">Filha de Hawkeye e protetora de Nabata. Apesar de ter perdido sua fam\u00edlia, ela encara suas obriga\u00e7\u00f5es com valentia. Protetora de Fae.<\/p>\r\n                <\/section>\r\n            <\/article>\r\n        <\/main>","protected":false},"excerpt":{"rendered":"Hero\u00edna especial Drag\u00e3o festiva Fae Aparece em Fire Emblem: The Binding Blade Sharena apresenta: Drag\u00e3o festiva Fae Fae, uma drag\u00e3o divina da vila de Nabata, est\u00e1 chegando! Que traje ador\u00e1vel para o festival de inverno! N\u00e3o \u00e9 bonita essa faixa de cabelo dela com galhadas? Olha o detalhe da bainha do vestido: h\u00e1 pequenas \u00e1rvores [&hellip;]","protected":false},"author":1,"featured_media":56794,"comment_status":"closed","ping_status":"closed","sticky":false,"template":"","format":"standard","meta":{"advanced_seo_description":"","jetpack_seo_html_title":"","jetpack_seo_noindex":false,"_jetpack_newsletter_access":"","_jetpack_dont_email_post_to_subs":false,"_jetpack_newsletter_tier_id":0,"_jetpack_memberships_contains_paywalled_content":false,"_locale":"pt_BR","_original_post":"https:\/\/guide.fire-emblem-heroes.com\/?p=56672","_jetpack_memberships_contains_paid_content":false,"footnotes":"","jetpack_publicize_message":"","jetpack_publicize_feature_enabled":true,"jetpack_social_post_already_shared":false,"jetpack_social_options":{"image_generator_settings":{"template":"highway","default_image_id":0,"font":"","enabled":false},"version":2},"_wpas_customize_per_network":false,"jetpack_post_was_ever_published":false},"categories":[1384,1405,1426,1390],"tags":[1460],"class_list":["post-56682","post","type-post","status-publish","format-standard","has-post-thumbnail","hentry","category-character","category-special_heroes","category-ex_works_the_binding_blade","category-stay_heroes","tag-heroina-especial","pt-BR"],"jetpack_publicize_connections":[],"jetpack_featured_media_url":"https:\/\/guide.fire-emblem-heroes.com\/wp-content\/uploads\/fa_holiday_dear.png","jetpack_sharing_enabled":false,"jetpack_shortlink":"https:\/\/wp.me\/pa0Mj3-eKe","jetpack_likes_enabled":false,"amp_enabled":false,"_links":{"self":[{"href":"https:\/\/guide.fire-emblem-heroes.com\/wp-json\/wp\/v2\/posts\/56682","targetHints":{"allow":["GET"]}}],"collection":[{"href":"https:\/\/guide.fire-emblem-heroes.com\/wp-json\/wp\/v2\/posts"}],"about":[{"href":"https:\/\/guide.fire-emblem-heroes.com\/wp-json\/wp\/v2\/types\/post"}],"author":[{"embeddable":true,"href":"https:\/\/guide.fire-emblem-heroes.com\/wp-json\/wp\/v2\/users\/1"}],"replies":[{"embeddable":true,"href":"https:\/\/guide.fire-emblem-heroes.com\/wp-json\/wp\/v2\/comments?post=56682"}],"version-history":[{"count":1,"href":"https:\/\/guide.fire-emblem-heroes.com\/wp-json\/wp\/v2\/posts\/56682\/revisions"}],"predecessor-version":[{"id":56685,"href":"https:\/\/guide.fire-emblem-heroes.com\/wp-json\/wp\/v2\/posts\/56682\/revisions\/56685"}],"wp:featuredmedia":[{"embeddable":true,"href":"https:\/\/guide.fire-emblem-heroes.com\/wp-json\/wp\/v2\/media\/56794"}],"wp:attachment":[{"href":"https:\/\/guide.fire-emblem-heroes.com\/wp-json\/wp\/v2\/media?parent=56682"}],"wp:term":[{"taxonomy":"category","embeddable":true,"href":"https:\/\/guide.fire-emblem-heroes.com\/wp-json\/wp\/v2\/categories?post=56682"},{"taxonomy":"post_tag","embeddable":true,"href":"https:\/\/guide.fire-emblem-heroes.com\/wp-json\/wp\/v2\/tags?post=56682"}],"curies":[{"name":"wp","href":"https:\/\/api.w.org\/{rel}","templated":true}]}}