






{"id":57064,"date":"2025-01-05T14:05:14","date_gmt":"2025-01-05T05:05:14","guid":{"rendered":"https:\/\/guide.fire-emblem-heroes.com\/?p=57064"},"modified":"2025-01-28T18:34:19","modified_gmt":"2025-01-28T09:34:19","slug":"03002003001198-2","status":"publish","type":"post","link":"https:\/\/guide.fire-emblem-heroes.com\/pt-BR\/03002003001198-2\/","title":{"rendered":"<span class=\"character_nick\">Arqueiro de Yngvi<\/span><span class=\"character_name\">Midir<\/span>"},"content":{"rendered":"<main id=\"CHARA_1173\" class=\"main_page character\">\r\n            <article>\r\n                <section class=\"sec sec_character\">\r\n                    <ul class=\"sec_ul sec_ul--character slick-box\">\r\n                        <li class=\"sec_li sec_li--character\">\r\n                            <img decoding=\"async\" src=\"https:\/\/guide.fire-emblem-heroes.com\/wp-content\/uploads\/midele_archer_of_yngvi_slide01.png\" alt=\"\" \/>\r\n                        <\/li>\r\n                        <li class=\"sec_li sec_li--character\">\r\n                            <img decoding=\"async\" src=\"https:\/\/guide.fire-emblem-heroes.com\/wp-content\/uploads\/midele_archer_of_yngvi_slide02.png\" alt=\"\" \/>\r\n                        <\/li>\r\n                        <li class=\"sec_li sec_li--character\">\r\n                            <img decoding=\"async\" src=\"https:\/\/guide.fire-emblem-heroes.com\/wp-content\/uploads\/midele_archer_of_yngvi_slide03.png\" alt=\"\" \/>\r\n                        <\/li>\r\n                        <li class=\"sec_li sec_li--character\">\r\n                            <img decoding=\"async\" src=\"https:\/\/guide.fire-emblem-heroes.com\/wp-content\/uploads\/midele_archer_of_yngvi_slide04.png\" alt=\"\" \/>\r\n                        <\/li>\r\n                    <\/ul>\r\n                    <div class=\"sec_charainfoarea flex\">\r\n                        <div class=\"sec_gif\"><img loading=\"lazy\" decoding=\"async\" src=\"https:\/\/guide.fire-emblem-heroes.com\/wp-content\/uploads\/midele_archer_of_yngvi.png\" alt=\"\" width=\"210\" height=\"190\"\/><\/div>\r\n                        <div class=\"sec_charainfo\">\r\n                            <p id=\"CHARA_1173_002\" class=\"sec_characate sec_characate--heroes\">Her\u00f3i<\/p>\r\n                            <p id=\"CHARA_1173_003\" class=\"sec_charanick\">Arqueiro de Yngvi<\/p>\r\n                            <p id=\"CHARA_1173_004\" class=\"sec_charaname\">Midir<\/p>\r\n                            <p id=\"CHARA_1173_005\" class=\"sec_charaappearancetxt\">Aparece em<\/p>\r\n                            <p id=\"CHARA_1173_006\" class=\"sec_charaappearancetxt\">Fire Emblem: Genealogy of the Holy War<\/p>\r\n                        <\/div>\r\n                    <\/div>\r\n                <\/section>\r\n            <\/article>\r\n            <article>\r\n                <section class=\"sec sec_characterarea\">\r\n                    <div class=\"sec_h2chara\">\r\n                        <p id=\"CHARA_1173_007\" class=\"sec_h2charattl\">Sharena apresenta:<\/p>\r\n                        <h2 id=\"CHARA_1173_008\" class=\"sec_h2charatxt\">Arqueiro de Yngvi Midir<\/h2>\r\n                    <\/div>\r\n                    <dl class=\"sec_dl flex\">\r\n                        <dt id=\"CHARA_1173_009\" class=\"sec_dt\">O ducado de Yngvi faz parte do reino de Grannvale de Jugdral e \u00e9 bem conhecido por seus arqueiros habilidosos. Um desses cavaleiros arqueiros \u00e9 Midir, que trabalha a servi\u00e7o da nobre casa de Yngvi!<\/dt>\r\n                        <dd class=\"sec_dd\">\r\n                            <a href=\"https:\/\/guide.fire-emblem-heroes.com\/wp-content\/uploads\/midele_archer_of_yngvi_pop01.png\" class=\"popup-image\">\r\n                                <img decoding=\"async\" src=\"https:\/\/guide.fire-emblem-heroes.com\/wp-content\/uploads\/midele_archer_of_yngvi_info01.png\" alt=\"\" \/>\r\n                            <\/a>\r\n                        <\/dd>\r\n                        <dt id=\"CHARA_1173_010\" class=\"sec_dt\">Midir foi encarregado de proteger Edain, uma gentil e bela dama de Yngvi. Aparentemente, ele ficou encantado com ela!<\/dt>\r\n                        <dd class=\"sec_dd\">\r\n                            <a href=\"https:\/\/guide.fire-emblem-heroes.com\/wp-content\/uploads\/midele_archer_of_yngvi_pop02.png\" class=\"popup-image\">\r\n                                <img decoding=\"async\" src=\"https:\/\/guide.fire-emblem-heroes.com\/wp-content\/uploads\/midele_archer_of_yngvi_info02.png\" alt=\"\" \/>\r\n                            <\/a>\r\n                        <\/dd>\r\n                        <dt id=\"CHARA_1173_011\" class=\"sec_dt\">Um dia, o territ\u00f3rio de Yngvi foi invadido pelo ex\u00e9rcito de Verdane, um reino vizinho. Embora Midir tenha lutado bravamente, ele foi gravemente ferido, e Edain foi capturada.<\/dt>\r\n                        <dd class=\"sec_dd\">\r\n                            <a href=\"https:\/\/guide.fire-emblem-heroes.com\/wp-content\/uploads\/midele_archer_of_yngvi_pop03.png\" class=\"popup-image\">\r\n                                <img decoding=\"async\" src=\"https:\/\/guide.fire-emblem-heroes.com\/wp-content\/uploads\/midele_archer_of_yngvi_info03.png\" alt=\"\" \/>\r\n                            <\/a>\r\n                        <\/dd>\r\n                        <dt id=\"CHARA_1173_012\" class=\"sec_dt\">Posteriormente, Midir alistou-se ao ex\u00e9rcito de Sigurd para resgatar Edain. Enquanto se recuperava dos ferimentos, jurou pela sua pr\u00f3pria vida que protegeria a dama que tanto admirava!<\/dt>\r\n                        <dd class=\"sec_dd\">\r\n                            <a href=\"https:\/\/guide.fire-emblem-heroes.com\/wp-content\/uploads\/midele_archer_of_yngvi_pop04.png\" class=\"popup-image\">\r\n                                <img decoding=\"async\" src=\"https:\/\/guide.fire-emblem-heroes.com\/wp-content\/uploads\/midele_archer_of_yngvi_info04.png\" alt=\"\" \/>\r\n                            <\/a>\r\n                        <\/dd>\r\n                    <\/dl>\r\n                    <h3 id=\"CHARA_1173_013\" class=\"sec_h3charatxt\">Personagens relacionados<\/h3>\r\n                    <h4 id=\"CHARA_1173_014\" class=\"sec_h4charatxt\">Edain<\/h4>\r\n                    <p id=\"CHARA_1173_015\" class=\"sec_charatxt\">Dama de Yngvi e descendente da cruzada Ullr. Foi capturada por Verdane, mas escapou com a ajuda de Jamke. Midir \u00e9 seu criado.<\/p>\r\n                <\/section>\r\n            <\/article>\r\n        <\/main>","protected":false},"excerpt":{"rendered":"Her\u00f3i Arqueiro de Yngvi Midir Aparece em Fire Emblem: Genealogy of the Holy War Sharena apresenta: Arqueiro de Yngvi Midir O ducado de Yngvi faz parte do reino de Grannvale de Jugdral e \u00e9 bem conhecido por seus arqueiros habilidosos. Um desses cavaleiros arqueiros \u00e9 Midir, que trabalha a servi\u00e7o da nobre casa de Yngvi! [&hellip;]","protected":false},"author":1,"featured_media":57191,"comment_status":"closed","ping_status":"closed","sticky":false,"template":"","format":"standard","meta":{"advanced_seo_description":"","jetpack_seo_html_title":"","jetpack_seo_noindex":false,"_jetpack_newsletter_access":"","_jetpack_dont_email_post_to_subs":false,"_jetpack_newsletter_tier_id":0,"_jetpack_memberships_contains_paywalled_content":false,"_locale":"pt_BR","_original_post":"https:\/\/guide.fire-emblem-heroes.com\/?p=57054","_jetpack_memberships_contains_paid_content":false,"footnotes":"","jetpack_publicize_message":"","jetpack_publicize_feature_enabled":true,"jetpack_social_post_already_shared":false,"jetpack_social_options":{"image_generator_settings":{"template":"highway","default_image_id":0,"font":"","enabled":false},"version":2},"_wpas_customize_per_network":false,"jetpack_post_was_ever_published":false},"categories":[1384,1436,1415,1390],"tags":[1463],"class_list":["post-57064","post","type-post","status-publish","format-standard","has-post-thumbnail","hentry","category-character","category-ex_works_genealogy_of_the_holy_war","category-heroes","category-stay_heroes","tag-heroi","pt-BR"],"jetpack_publicize_connections":[],"jetpack_featured_media_url":"https:\/\/guide.fire-emblem-heroes.com\/wp-content\/uploads\/midele_archer_of_yngvi.png","jetpack_sharing_enabled":false,"jetpack_shortlink":"https:\/\/wp.me\/pa0Mj3-eQo","jetpack_likes_enabled":false,"amp_enabled":false,"_links":{"self":[{"href":"https:\/\/guide.fire-emblem-heroes.com\/wp-json\/wp\/v2\/posts\/57064","targetHints":{"allow":["GET"]}}],"collection":[{"href":"https:\/\/guide.fire-emblem-heroes.com\/wp-json\/wp\/v2\/posts"}],"about":[{"href":"https:\/\/guide.fire-emblem-heroes.com\/wp-json\/wp\/v2\/types\/post"}],"author":[{"embeddable":true,"href":"https:\/\/guide.fire-emblem-heroes.com\/wp-json\/wp\/v2\/users\/1"}],"replies":[{"embeddable":true,"href":"https:\/\/guide.fire-emblem-heroes.com\/wp-json\/wp\/v2\/comments?post=57064"}],"version-history":[{"count":1,"href":"https:\/\/guide.fire-emblem-heroes.com\/wp-json\/wp\/v2\/posts\/57064\/revisions"}],"predecessor-version":[{"id":57066,"href":"https:\/\/guide.fire-emblem-heroes.com\/wp-json\/wp\/v2\/posts\/57064\/revisions\/57066"}],"wp:featuredmedia":[{"embeddable":true,"href":"https:\/\/guide.fire-emblem-heroes.com\/wp-json\/wp\/v2\/media\/57191"}],"wp:attachment":[{"href":"https:\/\/guide.fire-emblem-heroes.com\/wp-json\/wp\/v2\/media?parent=57064"}],"wp:term":[{"taxonomy":"category","embeddable":true,"href":"https:\/\/guide.fire-emblem-heroes.com\/wp-json\/wp\/v2\/categories?post=57064"},{"taxonomy":"post_tag","embeddable":true,"href":"https:\/\/guide.fire-emblem-heroes.com\/wp-json\/wp\/v2\/tags?post=57064"}],"curies":[{"name":"wp","href":"https:\/\/api.w.org\/{rel}","templated":true}]}}