






{"id":57491,"date":"2025-01-24T11:43:36","date_gmt":"2025-01-24T02:43:36","guid":{"rendered":"https:\/\/guide.fire-emblem-heroes.com\/?p=57491"},"modified":"2025-02-12T11:32:16","modified_gmt":"2025-02-12T02:32:16","slug":"06059005001202-2","status":"publish","type":"post","link":"https:\/\/guide.fire-emblem-heroes.com\/pt-BR\/06059005001202-2\/","title":{"rendered":"<span class=\"character_nick\">O onisciente<\/span><span class=\"character_name\">Athos<\/span>"},"content":{"rendered":"<main id=\"CHARA_1182\" class=\"main_page character\">\r\n            <article>\r\n                <section class=\"sec sec_character\">\r\n                    <ul class=\"sec_ul sec_ul--character slick-box\">\r\n                        <li class=\"sec_li sec_li--character\">\r\n                            <img decoding=\"async\" src=\"https:\/\/guide.fire-emblem-heroes.com\/wp-content\/uploads\/athos_omniscient_one_slide01.png\" alt=\"\" \/>\r\n                        <\/li>\r\n                        <li class=\"sec_li sec_li--character\">\r\n                            <img decoding=\"async\" src=\"https:\/\/guide.fire-emblem-heroes.com\/wp-content\/uploads\/athos_omniscient_one_slide02.png\" alt=\"\" \/>\r\n                        <\/li>\r\n                        <li class=\"sec_li sec_li--character\">\r\n                            <img decoding=\"async\" src=\"https:\/\/guide.fire-emblem-heroes.com\/wp-content\/uploads\/athos_omniscient_one_slide03.png\" alt=\"\" \/>\r\n                        <\/li>\r\n                        <li class=\"sec_li sec_li--character\">\r\n                            <img decoding=\"async\" src=\"https:\/\/guide.fire-emblem-heroes.com\/wp-content\/uploads\/athos_omniscient_one_slide04.png\" alt=\"\" \/>\r\n                        <\/li>\r\n                    <\/ul>\r\n                    <div class=\"sec_charainfoarea flex\">\r\n                        <div class=\"sec_gif\"><img loading=\"lazy\" decoding=\"async\" src=\"https:\/\/guide.fire-emblem-heroes.com\/wp-content\/uploads\/athos_omniscient_one.png\" alt=\"\" width=\"210\" height=\"190\"\/><\/div>\r\n                        <div class=\"sec_charainfo\">\r\n                            <p id=\"CHARA_1182_002\" class=\"sec_characate sec_characate--mythic_heroes\">Her\u00f3i m\u00edtico<\/p>\r\n                            <p id=\"CHARA_1182_003\" class=\"sec_charanick\">O onisciente<\/p>\r\n                            <p id=\"CHARA_1182_004\" class=\"sec_charaname\">Athos<\/p>\r\n                            <p id=\"CHARA_1182_005\" class=\"sec_charaappearancetxt\">Aparece em<\/p>\r\n                            <p id=\"CHARA_1182_006\" class=\"sec_charaappearancetxt\">Fire Emblem: The Blazing Blade<\/p>\r\n                        <\/div>\r\n                    <\/div>\r\n                <\/section>\r\n            <\/article>\r\n            <article>\r\n                <section class=\"sec sec_characterarea\">\r\n                    <div class=\"sec_h2chara\">\r\n                        <p id=\"CHARA_1182_007\" class=\"sec_h2charattl\">Sharena apresenta:<\/p>\r\n                        <h2 id=\"CHARA_1182_008\" class=\"sec_h2charatxt\">O onisciente Athos<\/h2>\r\n                    <\/div>\r\n                    <dl class=\"sec_dl flex\">\r\n                        <dt id=\"CHARA_1182_009\" class=\"sec_dt\">H\u00e1 muito tempo, houve uma guerra entre homens e drag\u00f5es no continente de Elibe \u2014 a Batida. Como uma das oito lendas que empunham poderosas armas sagradas, Athos, o s\u00e1bio, lutou pela humanidade!<\/dt>\r\n                        <dd class=\"sec_dd\">\r\n                            <a href=\"https:\/\/guide.fire-emblem-heroes.com\/wp-content\/uploads\/athos_omniscient_one_pop01.png\" class=\"popup-image\">\r\n                                <img decoding=\"async\" src=\"https:\/\/guide.fire-emblem-heroes.com\/wp-content\/uploads\/athos_omniscient_one_info01.png\" alt=\"\" \/>\r\n                            <\/a>\r\n                        <\/dd>\r\n                        <dt id=\"CHARA_1182_010\" class=\"sec_dt\">Ap\u00f3s a guerra, Athos continuou a busca pela verdade e pelo conhecimento. Com o tempo, a idade dele ultrapassou a expectativa de vida humana normal: quase mil anos!<\/dt>\r\n                        <dd class=\"sec_dd\">\r\n                            <a href=\"https:\/\/guide.fire-emblem-heroes.com\/wp-content\/uploads\/athos_omniscient_one_pop02.png\" class=\"popup-image\">\r\n                                <img decoding=\"async\" src=\"https:\/\/guide.fire-emblem-heroes.com\/wp-content\/uploads\/athos_omniscient_one_info02.png\" alt=\"\" \/>\r\n                            <\/a>\r\n                        <\/dd>\r\n                        <dt id=\"CHARA_1182_011\" class=\"sec_dt\">Com seu antigo amigo Nergal, Athos criou um o\u00e1sis no deserto de Nabata, que se tornou Arcadia, um lugar onde a humanidade e os drag\u00f5es viviam juntos em paz.<\/dt>\r\n                        <dd class=\"sec_dd\">\r\n                            <a href=\"https:\/\/guide.fire-emblem-heroes.com\/wp-content\/uploads\/athos_omniscient_one_pop03.png\" class=\"popup-image\">\r\n                                <img decoding=\"async\" src=\"https:\/\/guide.fire-emblem-heroes.com\/wp-content\/uploads\/athos_omniscient_one_info03.png\" alt=\"\" \/>\r\n                            <\/a>\r\n                        <\/dd>\r\n                        <dt id=\"CHARA_1182_012\" class=\"sec_dt\">Algum tempo depois, Athos cortou rela\u00e7\u00f5es com Nergal, ao saber de seus atos perversos. E, ent\u00e3o, ele passou seu conhecimento aos descendentes das oito lendas para que pudessem acabar com as ambi\u00e7\u00f5es de Nergal!<\/dt>\r\n                        <dd class=\"sec_dd\">\r\n                            <a href=\"https:\/\/guide.fire-emblem-heroes.com\/wp-content\/uploads\/athos_omniscient_one_pop04.png\" class=\"popup-image\">\r\n                                <img decoding=\"async\" src=\"https:\/\/guide.fire-emblem-heroes.com\/wp-content\/uploads\/athos_omniscient_one_info04.png\" alt=\"\" \/>\r\n                            <\/a>\r\n                        <\/dd>\r\n                    <\/dl>\r\n                    <h3 id=\"CHARA_1182_013\" class=\"sec_h3charatxt\">Personagens relacionados<\/h3>\r\n                    <h4 id=\"CHARA_1182_014\" class=\"sec_h4charatxt\">Bramimond<\/h4>\r\n                    <p id=\"CHARA_1182_015\" class=\"sec_charatxt\">Uma das oito lendas que lutou contra os drag\u00f5es durante a Batida empunhando uma arma sagrada. A verdadeira natureza de Bramimond \u00e9 um mist\u00e9rio.<\/p>\r\n                    <h4 id=\"CHARA_1182_016\" class=\"sec_h4charatxt\">Nergal<\/h4>\r\n                    <p id=\"CHARA_1182_017\" class=\"sec_charatxt\">Aquele que manipula, nas sombras, a Presa Negra. Pouco se sabe sobre ele. J\u00e1 trabalhou ao lado de Athos.<\/p>\r\n                <\/section>\r\n            <\/article>\r\n        <\/main>","protected":false},"excerpt":{"rendered":"Her\u00f3i m\u00edtico O onisciente Athos Aparece em Fire Emblem: The Blazing Blade Sharena apresenta: O onisciente Athos H\u00e1 muito tempo, houve uma guerra entre homens e drag\u00f5es no continente de Elibe \u2014 a Batida. Como uma das oito lendas que empunham poderosas armas sagradas, Athos, o s\u00e1bio, lutou pela humanidade! Ap\u00f3s a guerra, Athos continuou [&hellip;]","protected":false},"author":1,"featured_media":57636,"comment_status":"closed","ping_status":"closed","sticky":false,"template":"","format":"standard","meta":{"advanced_seo_description":"","jetpack_seo_html_title":"","jetpack_seo_noindex":false,"_jetpack_newsletter_access":"","_jetpack_dont_email_post_to_subs":false,"_jetpack_newsletter_tier_id":0,"_jetpack_memberships_contains_paywalled_content":false,"_locale":"pt_BR","_original_post":"https:\/\/guide.fire-emblem-heroes.com\/?p=57481","_jetpack_memberships_contains_paid_content":false,"footnotes":"","jetpack_publicize_message":"","jetpack_publicize_feature_enabled":true,"jetpack_social_post_already_shared":false,"jetpack_social_options":{"image_generator_settings":{"template":"highway","default_image_id":0,"font":"","enabled":false},"version":2},"_wpas_customize_per_network":false,"jetpack_post_was_ever_published":false},"categories":[1384,1427,1385,1390],"tags":[1457],"class_list":["post-57491","post","type-post","status-publish","format-standard","has-post-thumbnail","hentry","category-character","category-ex_works_the_blazing_blade","category-mythic_heroes","category-stay_heroes","tag-heroi-mitico","pt-BR"],"jetpack_publicize_connections":[],"jetpack_featured_media_url":"https:\/\/guide.fire-emblem-heroes.com\/wp-content\/uploads\/athos_omniscient_one.png","jetpack_sharing_enabled":false,"jetpack_shortlink":"https:\/\/wp.me\/pa0Mj3-eXh","jetpack_likes_enabled":false,"amp_enabled":false,"_links":{"self":[{"href":"https:\/\/guide.fire-emblem-heroes.com\/wp-json\/wp\/v2\/posts\/57491","targetHints":{"allow":["GET"]}}],"collection":[{"href":"https:\/\/guide.fire-emblem-heroes.com\/wp-json\/wp\/v2\/posts"}],"about":[{"href":"https:\/\/guide.fire-emblem-heroes.com\/wp-json\/wp\/v2\/types\/post"}],"author":[{"embeddable":true,"href":"https:\/\/guide.fire-emblem-heroes.com\/wp-json\/wp\/v2\/users\/1"}],"replies":[{"embeddable":true,"href":"https:\/\/guide.fire-emblem-heroes.com\/wp-json\/wp\/v2\/comments?post=57491"}],"version-history":[{"count":1,"href":"https:\/\/guide.fire-emblem-heroes.com\/wp-json\/wp\/v2\/posts\/57491\/revisions"}],"predecessor-version":[{"id":57501,"href":"https:\/\/guide.fire-emblem-heroes.com\/wp-json\/wp\/v2\/posts\/57491\/revisions\/57501"}],"wp:featuredmedia":[{"embeddable":true,"href":"https:\/\/guide.fire-emblem-heroes.com\/wp-json\/wp\/v2\/media\/57636"}],"wp:attachment":[{"href":"https:\/\/guide.fire-emblem-heroes.com\/wp-json\/wp\/v2\/media?parent=57491"}],"wp:term":[{"taxonomy":"category","embeddable":true,"href":"https:\/\/guide.fire-emblem-heroes.com\/wp-json\/wp\/v2\/categories?post=57491"},{"taxonomy":"post_tag","embeddable":true,"href":"https:\/\/guide.fire-emblem-heroes.com\/wp-json\/wp\/v2\/tags?post=57491"}],"curies":[{"name":"wp","href":"https:\/\/api.w.org\/{rel}","templated":true}]}}