






{"id":58009,"date":"2025-02-14T12:16:27","date_gmt":"2025-02-14T03:16:27","guid":{"rendered":"https:\/\/guide.fire-emblem-heroes.com\/?p=58009"},"modified":"2025-03-07T16:35:15","modified_gmt":"2025-03-07T07:35:15","slug":"14009501001209-2","status":"publish","type":"post","link":"https:\/\/guide.fire-emblem-heroes.com\/pt-BR\/14009501001209-2\/","title":{"rendered":"<span class=\"character_nick\">Drag\u00e3o resoluto<\/span><span class=\"character_name\">Nel<\/span>"},"content":{"rendered":"<main id=\"CHARA_1193\" class=\"main_page character\">\r\n            <article>\r\n                <section class=\"sec sec_character\">\r\n                    <ul class=\"sec_ul sec_ul--character slick-box\">\r\n                        <li class=\"sec_li sec_li--character\">\r\n                            <img decoding=\"async\" src=\"https:\/\/guide.fire-emblem-heroes.com\/wp-content\/uploads\/el_stoic_dragon_slide01.png\" alt=\"\" \/>\r\n                        <\/li>\r\n                        <li class=\"sec_li sec_li--character\">\r\n                            <img decoding=\"async\" src=\"https:\/\/guide.fire-emblem-heroes.com\/wp-content\/uploads\/el_stoic_dragon_slide02.png\" alt=\"\" \/>\r\n                        <\/li>\r\n                        <li class=\"sec_li sec_li--character\">\r\n                            <img decoding=\"async\" src=\"https:\/\/guide.fire-emblem-heroes.com\/wp-content\/uploads\/el_stoic_dragon_slide03.png\" alt=\"\" \/>\r\n                        <\/li>\r\n                        <li class=\"sec_li sec_li--character\">\r\n                            <img decoding=\"async\" src=\"https:\/\/guide.fire-emblem-heroes.com\/wp-content\/uploads\/el_stoic_dragon_slide04.png\" alt=\"\" \/>\r\n                        <\/li>\r\n                    <\/ul>\r\n                    <div class=\"sec_charainfoarea flex\">\r\n                        <div class=\"sec_gif\"><img loading=\"lazy\" decoding=\"async\" src=\"https:\/\/guide.fire-emblem-heroes.com\/wp-content\/uploads\/el_stoic_dragon.png\" alt=\"\" width=\"210\" height=\"190\"\/><\/div>\r\n                        <div class=\"sec_charainfo\">\r\n                            <p id=\"CHARA_1193_002\" class=\"sec_characate sec_characate--rearmed_heroes\">Hero\u00edna munida<\/p>\r\n                            <p id=\"CHARA_1193_003\" class=\"sec_charanick\">Drag\u00e3o resoluto<\/p>\r\n                            <p id=\"CHARA_1193_004\" class=\"sec_charaname\">Nel<\/p>\r\n                            <p id=\"CHARA_1193_005\" class=\"sec_charaappearancetxt\">Aparece em<\/p>\r\n                            <p id=\"CHARA_1193_006\" class=\"sec_charaappearancetxt\">Fire Emblem Engage<\/p>\r\n                        <\/div>\r\n                    <\/div>\r\n                <\/section>\r\n            <\/article>\r\n            <article>\r\n                <section class=\"sec sec_characterarea\">\r\n                    <div class=\"sec_h2chara\">\r\n                        <p id=\"CHARA_1193_007\" class=\"sec_h2charattl\">Sharena apresenta:<\/p>\r\n                        <h2 id=\"CHARA_1193_008\" class=\"sec_h2charatxt\">Drag\u00e3o resoluto Nel<\/h2>\r\n                    <\/div>\r\n                    <dl class=\"sec_dl flex\">\r\n                        <dt id=\"CHARA_1193_009\" class=\"sec_dt\">Nel \u00e9 uma hero\u00edna de Elyos com um passado complicado. Originalmente, ela veio de outra vers\u00e3o de Elyos que existe do outro lado de um po\u00e7o misterioso em Somniel!<\/dt>\r\n                        <dd class=\"sec_dd\">\r\n                            <a href=\"https:\/\/guide.fire-emblem-heroes.com\/wp-content\/uploads\/el_stoic_dragon_pop01.png\" class=\"popup-image\">\r\n                                <img decoding=\"async\" src=\"https:\/\/guide.fire-emblem-heroes.com\/wp-content\/uploads\/el_stoic_dragon_info01.png\" alt=\"\" \/>\r\n                            <\/a>\r\n                        <\/dd>\r\n                        <dt id=\"CHARA_1193_010\" class=\"sec_dt\">Na vers\u00e3o de Nel de Elyos, o terr\u00edvel drag\u00e3o e o drag\u00e3o divino mataram-se em batalha. Embora Nel fosse filha de Sombron, o terr\u00edvel drag\u00e3o, ela lutou ao lado do drag\u00e3o divino.<\/dt>\r\n                        <dd class=\"sec_dd\">\r\n                            <a href=\"https:\/\/guide.fire-emblem-heroes.com\/wp-content\/uploads\/el_stoic_dragon_pop02.png\" class=\"popup-image\">\r\n                                <img decoding=\"async\" src=\"https:\/\/guide.fire-emblem-heroes.com\/wp-content\/uploads\/el_stoic_dragon_info02.png\" alt=\"\" \/>\r\n                            <\/a>\r\n                        <\/dd>\r\n                        <dt id=\"CHARA_1193_011\" class=\"sec_dt\">Depois de muitos e muitos anos, ela e seus guardi\u00f5es, os Quatro ventos, lutaram contra aqueles que continuariam as ambi\u00e7\u00f5es do terr\u00edvel drag\u00e3o. Proteger o que lhe era importante consumiu sua for\u00e7a, fazendo-a cair em um sono profundo.<\/dt>\r\n                        <dd class=\"sec_dd\">\r\n                            <a href=\"https:\/\/guide.fire-emblem-heroes.com\/wp-content\/uploads\/el_stoic_dragon_pop03.png\" class=\"popup-image\">\r\n                                <img decoding=\"async\" src=\"https:\/\/guide.fire-emblem-heroes.com\/wp-content\/uploads\/el_stoic_dragon_info03.png\" alt=\"\" \/>\r\n                            <\/a>\r\n                        <\/dd>\r\n                        <dt id=\"CHARA_1193_012\" class=\"sec_dt\">Finalmente, Nel acordou ap\u00f3s mil anos de sono e viajou pelo po\u00e7o para chegar a outro Elyos para cumprir uma promessa feita a algu\u00e9m do outro lado.<\/dt>\r\n                        <dd class=\"sec_dd\">\r\n                            <a href=\"https:\/\/guide.fire-emblem-heroes.com\/wp-content\/uploads\/el_stoic_dragon_pop04.png\" class=\"popup-image\">\r\n                                <img decoding=\"async\" src=\"https:\/\/guide.fire-emblem-heroes.com\/wp-content\/uploads\/el_stoic_dragon_info04.png\" alt=\"\" \/>\r\n                            <\/a>\r\n                        <\/dd>\r\n                    <\/dl>\r\n                    <h3 id=\"CHARA_1193_013\" class=\"sec_h3charatxt\">Personagens relacionados<\/h3>\r\n                    <h4 id=\"CHARA_1193_014\" class=\"sec_h4charatxt\">Rafal<\/h4>\r\n                    <p id=\"CHARA_1193_015\" class=\"sec_charatxt\">Um dos filhos do terr\u00edvel drag\u00e3o de outro Elyos. Irm\u00e3o mais novo de Nel e muito parecido com ela.<\/p>\r\n                    <h4 id=\"CHARA_1193_016\" class=\"sec_h4charatxt\">Zelestia<\/h4>\r\n                    <p id=\"CHARA_1193_017\" class=\"sec_charatxt\">L\u00edder dos Quatro ventos. Descendente e \u00faltima sobrevivente dos magos drag\u00f5es, \u00e9 amorosa e carinhosa com seus companheiros.<\/p>\r\n                <\/section>\r\n            <\/article>\r\n        <\/main>","protected":false},"excerpt":{"rendered":"Hero\u00edna munida Drag\u00e3o resoluto Nel Aparece em Fire Emblem Engage Sharena apresenta: Drag\u00e3o resoluto Nel Nel \u00e9 uma hero\u00edna de Elyos com um passado complicado. Originalmente, ela veio de outra vers\u00e3o de Elyos que existe do outro lado de um po\u00e7o misterioso em Somniel! Na vers\u00e3o de Nel de Elyos, o terr\u00edvel drag\u00e3o e o [&hellip;]","protected":false},"author":1,"featured_media":58096,"comment_status":"closed","ping_status":"closed","sticky":false,"template":"","format":"standard","meta":{"advanced_seo_description":"","jetpack_seo_html_title":"","jetpack_seo_noindex":false,"_jetpack_newsletter_access":"","_jetpack_dont_email_post_to_subs":false,"_jetpack_newsletter_tier_id":0,"_jetpack_memberships_contains_paywalled_content":false,"_locale":"pt_BR","_original_post":"https:\/\/guide.fire-emblem-heroes.com\/?p=57999","_jetpack_memberships_contains_paid_content":false,"footnotes":"","jetpack_publicize_message":"","jetpack_publicize_feature_enabled":true,"jetpack_social_post_already_shared":false,"jetpack_social_options":{"image_generator_settings":{"template":"highway","default_image_id":0,"font":"","enabled":false},"version":2},"_wpas_customize_per_network":false,"jetpack_post_was_ever_published":false},"categories":[1512,1384,1496,1390],"tags":[1504],"class_list":["post-58009","post","type-post","status-publish","format-standard","has-post-thumbnail","hentry","category-ex_works_engage","category-character","category-rearmed_heroes","category-stay_heroes","tag-heroina-munida","pt-BR"],"jetpack_publicize_connections":[],"jetpack_featured_media_url":"https:\/\/guide.fire-emblem-heroes.com\/wp-content\/uploads\/el_stoic_dragon.png","jetpack_sharing_enabled":false,"jetpack_shortlink":"https:\/\/wp.me\/pa0Mj3-f5D","jetpack_likes_enabled":false,"amp_enabled":false,"_links":{"self":[{"href":"https:\/\/guide.fire-emblem-heroes.com\/wp-json\/wp\/v2\/posts\/58009","targetHints":{"allow":["GET"]}}],"collection":[{"href":"https:\/\/guide.fire-emblem-heroes.com\/wp-json\/wp\/v2\/posts"}],"about":[{"href":"https:\/\/guide.fire-emblem-heroes.com\/wp-json\/wp\/v2\/types\/post"}],"author":[{"embeddable":true,"href":"https:\/\/guide.fire-emblem-heroes.com\/wp-json\/wp\/v2\/users\/1"}],"replies":[{"embeddable":true,"href":"https:\/\/guide.fire-emblem-heroes.com\/wp-json\/wp\/v2\/comments?post=58009"}],"version-history":[{"count":1,"href":"https:\/\/guide.fire-emblem-heroes.com\/wp-json\/wp\/v2\/posts\/58009\/revisions"}],"predecessor-version":[{"id":58013,"href":"https:\/\/guide.fire-emblem-heroes.com\/wp-json\/wp\/v2\/posts\/58009\/revisions\/58013"}],"wp:featuredmedia":[{"embeddable":true,"href":"https:\/\/guide.fire-emblem-heroes.com\/wp-json\/wp\/v2\/media\/58096"}],"wp:attachment":[{"href":"https:\/\/guide.fire-emblem-heroes.com\/wp-json\/wp\/v2\/media?parent=58009"}],"wp:term":[{"taxonomy":"category","embeddable":true,"href":"https:\/\/guide.fire-emblem-heroes.com\/wp-json\/wp\/v2\/categories?post=58009"},{"taxonomy":"post_tag","embeddable":true,"href":"https:\/\/guide.fire-emblem-heroes.com\/wp-json\/wp\/v2\/tags?post=58009"}],"curies":[{"name":"wp","href":"https:\/\/api.w.org\/{rel}","templated":true}]}}