






{"id":58620,"date":"2025-03-14T12:14:30","date_gmt":"2025-03-14T03:14:30","guid":{"rendered":"https:\/\/guide.fire-emblem-heroes.com\/?p=58620"},"modified":"2025-04-09T14:36:08","modified_gmt":"2025-04-09T05:36:08","slug":"02001001001219-2","status":"publish","type":"post","link":"https:\/\/guide.fire-emblem-heroes.com\/pt-BR\/02001001001219-2\/","title":{"rendered":"<span class=\"character_nick\">Sina poderosa<\/span><span class=\"character_name\">Alm<\/span>"},"content":{"rendered":"<main id=\"CHARA_1207\" class=\"main_page character\">\r\n            <article>\r\n                <section class=\"sec sec_character\">\r\n                    <ul class=\"sec_ul sec_ul--character slick-box\">\r\n                        <li class=\"sec_li sec_li--character\">\r\n                            <img decoding=\"async\" src=\"https:\/\/guide.fire-emblem-heroes.com\/wp-content\/uploads\/arum_powerful_resolve_slide01.png\" alt=\"\" \/>\r\n                        <\/li>\r\n                        <li class=\"sec_li sec_li--character\">\r\n                            <img decoding=\"async\" src=\"https:\/\/guide.fire-emblem-heroes.com\/wp-content\/uploads\/arum_powerful_resolve_slide02.png\" alt=\"\" \/>\r\n                        <\/li>\r\n                        <li class=\"sec_li sec_li--character\">\r\n                            <img decoding=\"async\" src=\"https:\/\/guide.fire-emblem-heroes.com\/wp-content\/uploads\/arum_powerful_resolve_slide03.png\" alt=\"\" \/>\r\n                        <\/li>\r\n                        <li class=\"sec_li sec_li--character\">\r\n                            <img decoding=\"async\" src=\"https:\/\/guide.fire-emblem-heroes.com\/wp-content\/uploads\/arum_powerful_resolve_slide04.png\" alt=\"\" \/>\r\n                        <\/li>\r\n                    <\/ul>\r\n                    <div class=\"sec_charainfoarea flex\">\r\n                        <div class=\"sec_gif\"><img loading=\"lazy\" decoding=\"async\" src=\"https:\/\/guide.fire-emblem-heroes.com\/wp-content\/uploads\/arum_powerful_resolve.png\" alt=\"\" width=\"210\" height=\"190\"\/><\/div>\r\n                        <div class=\"sec_charainfo\">\r\n                            <p id=\"CHARA_1207_002\" class=\"sec_characate sec_characate--attuned_heroes\">Her\u00f3i em sintonia<\/p>\r\n                            <p id=\"CHARA_1207_003\" class=\"sec_charanick\">Sina poderosa<\/p>\r\n                            <p id=\"CHARA_1207_004\" class=\"sec_charaname\">Alm<\/p>\r\n                            <p id=\"CHARA_1207_005\" class=\"sec_charaappearancetxt\">Aparece em<\/p>\r\n                            <p id=\"CHARA_1207_006\" class=\"sec_charaappearancetxt\">Fire Emblem Echoes: Shadows of Valentia<\/p>\r\n                        <\/div>\r\n                    <\/div>\r\n                <\/section>\r\n            <\/article>\r\n            <article>\r\n                <section class=\"sec sec_characterarea\">\r\n                    <div class=\"sec_h2chara\">\r\n                        <p id=\"CHARA_1207_007\" class=\"sec_h2charattl\">Sharena apresenta:<\/p>\r\n                        <h2 id=\"CHARA_1207_008\" class=\"sec_h2charatxt\">Sina poderosa Alm<\/h2>\r\n                    <\/div>\r\n                    <dl class=\"sec_dl flex\">\r\n                        <dt id=\"CHARA_1207_009\" class=\"sec_dt\">Alm tem lutado para salvar o continente de Valentia. Ao intensificar o v\u00ednculo com Celica, a princesa de Zofia, ele ganhou novas for\u00e7as!<\/dt>\r\n                        <dd class=\"sec_dd\">\r\n                            <a href=\"https:\/\/guide.fire-emblem-heroes.com\/wp-content\/uploads\/arum_powerful_resolve_pop01.png\" class=\"popup-image\">\r\n                                <img decoding=\"async\" src=\"https:\/\/guide.fire-emblem-heroes.com\/wp-content\/uploads\/arum_powerful_resolve_info01.png\" alt=\"\" \/>\r\n                            <\/a>\r\n                        <\/dd>\r\n                        <dt id=\"CHARA_1207_010\" class=\"sec_dt\">Tamb\u00e9m veste um novo traje com uma capa chamativa. \u00c9 poss\u00edvel ver o bras\u00e3o de Zofia estampado em seu escudo e a aljava em suas costas!<\/dt>\r\n                        <dd class=\"sec_dd\">\r\n                            <a href=\"https:\/\/guide.fire-emblem-heroes.com\/wp-content\/uploads\/arum_powerful_resolve_pop02.png\" class=\"popup-image\">\r\n                                <img decoding=\"async\" src=\"https:\/\/guide.fire-emblem-heroes.com\/wp-content\/uploads\/arum_powerful_resolve_info02.png\" alt=\"\" \/>\r\n                            <\/a>\r\n                        <\/dd>\r\n                        <dt id=\"CHARA_1207_011\" class=\"sec_dt\">Na verdade, esse arco tamb\u00e9m foi projetado para se parecer com a Honra de Zofia, a espada de Celica!<\/dt>\r\n                        <dd class=\"sec_dd\">\r\n                            <a href=\"https:\/\/guide.fire-emblem-heroes.com\/wp-content\/uploads\/arum_powerful_resolve_pop03.png\" class=\"popup-image\">\r\n                                <img decoding=\"async\" src=\"https:\/\/guide.fire-emblem-heroes.com\/wp-content\/uploads\/arum_powerful_resolve_info03.png\" alt=\"\" \/>\r\n                            <\/a>\r\n                        <\/dd>\r\n                        <dt id=\"CHARA_1207_012\" class=\"sec_dt\">O traje de Alm diz muito sobre a for\u00e7a de seu v\u00ednculo com Celica. Tenho certeza de que podemos contar com os dois para levar a paz para Valentia!<\/dt>\r\n                        <dd class=\"sec_dd\">\r\n                            <a href=\"https:\/\/guide.fire-emblem-heroes.com\/wp-content\/uploads\/arum_powerful_resolve_pop04.png\" class=\"popup-image\">\r\n                                <img decoding=\"async\" src=\"https:\/\/guide.fire-emblem-heroes.com\/wp-content\/uploads\/arum_powerful_resolve_info04.png\" alt=\"\" \/>\r\n                            <\/a>\r\n                        <\/dd>\r\n                    <\/dl>\r\n                    <h3 id=\"CHARA_1207_013\" class=\"sec_h3charatxt\">Personagens relacionados<\/h3>\r\n                    <h4 id=\"CHARA_1207_014\" class=\"sec_h4charatxt\">Celica<\/h4>\r\n                    <p id=\"CHARA_1207_015\" class=\"sec_charatxt\">A princesa de Zofia; treinada como sacerdotisa. \u00c9 dedicada a cuidar dos outros e n\u00e3o gosta de lutar. Leva &#8220;a marca&#8221; na m\u00e3o direita, enquanto Alm carrega a marca de Duma na m\u00e3o esquerda.<\/p>\r\n                    <h4 id=\"CHARA_1207_016\" class=\"sec_h4charatxt\">Mycen<\/h4>\r\n                    <p id=\"CHARA_1207_017\" class=\"sec_charatxt\">Her\u00f3i que passou de soldado a cavaleiro e, posteriormente, se tornou conde. J\u00e1 aposentado, vive no vilarejo de Ram com seu neto, Alm.<\/p>\r\n                <\/section>\r\n            <\/article>\r\n        <\/main>","protected":false},"excerpt":{"rendered":"Her\u00f3i em sintonia Sina poderosa Alm Aparece em Fire Emblem Echoes: Shadows of Valentia Sharena apresenta: Sina poderosa Alm Alm tem lutado para salvar o continente de Valentia. Ao intensificar o v\u00ednculo com Celica, a princesa de Zofia, ele ganhou novas for\u00e7as! Tamb\u00e9m veste um novo traje com uma capa chamativa. \u00c9 poss\u00edvel ver o [&hellip;]","protected":false},"author":1,"featured_media":58727,"comment_status":"closed","ping_status":"closed","sticky":false,"template":"","format":"standard","meta":{"advanced_seo_description":"","jetpack_seo_html_title":"","jetpack_seo_noindex":false,"_jetpack_newsletter_access":"","_jetpack_dont_email_post_to_subs":false,"_jetpack_newsletter_tier_id":0,"_jetpack_memberships_contains_paywalled_content":false,"_locale":"pt_BR","_original_post":"https:\/\/guide.fire-emblem-heroes.com\/?p=58610","_jetpack_memberships_contains_paid_content":false,"footnotes":"","jetpack_publicize_message":"","jetpack_publicize_feature_enabled":true,"jetpack_social_post_already_shared":false,"jetpack_social_options":{"image_generator_settings":{"template":"highway","default_image_id":0,"font":"","enabled":false},"version":2},"_wpas_customize_per_network":false,"jetpack_post_was_ever_published":false},"categories":[1384,1425,1523,1390],"tags":[1557],"class_list":["post-58620","post","type-post","status-publish","format-standard","has-post-thumbnail","hentry","category-character","category-ex_works_shadows_of_valentia","category-attuned_heroes","category-stay_heroes","tag-heroi-em-sintonia","pt-BR"],"jetpack_publicize_connections":[],"jetpack_featured_media_url":"https:\/\/guide.fire-emblem-heroes.com\/wp-content\/uploads\/arum_powerful_resolve.png","jetpack_sharing_enabled":false,"jetpack_shortlink":"https:\/\/wp.me\/pa0Mj3-ffu","jetpack_likes_enabled":false,"amp_enabled":false,"_links":{"self":[{"href":"https:\/\/guide.fire-emblem-heroes.com\/wp-json\/wp\/v2\/posts\/58620","targetHints":{"allow":["GET"]}}],"collection":[{"href":"https:\/\/guide.fire-emblem-heroes.com\/wp-json\/wp\/v2\/posts"}],"about":[{"href":"https:\/\/guide.fire-emblem-heroes.com\/wp-json\/wp\/v2\/types\/post"}],"author":[{"embeddable":true,"href":"https:\/\/guide.fire-emblem-heroes.com\/wp-json\/wp\/v2\/users\/1"}],"replies":[{"embeddable":true,"href":"https:\/\/guide.fire-emblem-heroes.com\/wp-json\/wp\/v2\/comments?post=58620"}],"version-history":[{"count":1,"href":"https:\/\/guide.fire-emblem-heroes.com\/wp-json\/wp\/v2\/posts\/58620\/revisions"}],"predecessor-version":[{"id":58630,"href":"https:\/\/guide.fire-emblem-heroes.com\/wp-json\/wp\/v2\/posts\/58620\/revisions\/58630"}],"wp:featuredmedia":[{"embeddable":true,"href":"https:\/\/guide.fire-emblem-heroes.com\/wp-json\/wp\/v2\/media\/58727"}],"wp:attachment":[{"href":"https:\/\/guide.fire-emblem-heroes.com\/wp-json\/wp\/v2\/media?parent=58620"}],"wp:term":[{"taxonomy":"category","embeddable":true,"href":"https:\/\/guide.fire-emblem-heroes.com\/wp-json\/wp\/v2\/categories?post=58620"},{"taxonomy":"post_tag","embeddable":true,"href":"https:\/\/guide.fire-emblem-heroes.com\/wp-json\/wp\/v2\/tags?post=58620"}],"curies":[{"name":"wp","href":"https:\/\/api.w.org\/{rel}","templated":true}]}}