






{"id":58704,"date":"2025-03-14T12:38:33","date_gmt":"2025-03-14T03:38:33","guid":{"rendered":"https:\/\/guide.fire-emblem-heroes.com\/?p=58704"},"modified":"2025-03-27T16:06:23","modified_gmt":"2025-03-27T07:06:23","slug":"02009302501223-2","status":"publish","type":"post","link":"https:\/\/guide.fire-emblem-heroes.com\/pt-BR\/02009302501223-2\/","title":{"rendered":"<span class=\"character_nick\">Cl\u00e9rigo de Duma<\/span><span class=\"character_name\">Jedah<\/span>"},"content":{"rendered":"<main id=\"CHARA_1211\" class=\"main_page character\">\r\n            <article>\r\n                <section class=\"sec sec_character\">\r\n                    <ul class=\"sec_ul sec_ul--character slick-box\">\r\n                        <li class=\"sec_li sec_li--character\">\r\n                            <img decoding=\"async\" src=\"https:\/\/guide.fire-emblem-heroes.com\/wp-content\/uploads\/jedah_priest_of_duma_slide01.png\" alt=\"\" \/>\r\n                        <\/li>\r\n                        <li class=\"sec_li sec_li--character\">\r\n                            <img decoding=\"async\" src=\"https:\/\/guide.fire-emblem-heroes.com\/wp-content\/uploads\/jedah_priest_of_duma_slide02.png\" alt=\"\" \/>\r\n                        <\/li>\r\n                        <li class=\"sec_li sec_li--character\">\r\n                            <img decoding=\"async\" src=\"https:\/\/guide.fire-emblem-heroes.com\/wp-content\/uploads\/jedah_priest_of_duma_slide03.png\" alt=\"\" \/>\r\n                        <\/li>\r\n                        <li class=\"sec_li sec_li--character\">\r\n                            <img decoding=\"async\" src=\"https:\/\/guide.fire-emblem-heroes.com\/wp-content\/uploads\/jedah_priest_of_duma_slide04.png\" alt=\"\" \/>\r\n                        <\/li>\r\n                    <\/ul>\r\n                    <div class=\"sec_charainfoarea flex\">\r\n                        <div class=\"sec_gif\"><img loading=\"lazy\" decoding=\"async\" src=\"https:\/\/guide.fire-emblem-heroes.com\/wp-content\/uploads\/jedah_priest_of_duma.png\" alt=\"\" width=\"210\" height=\"190\"\/><\/div>\r\n                        <div class=\"sec_charainfo\">\r\n                            <p id=\"CHARA_1211_002\" class=\"sec_characate sec_characate--heroes\">Her\u00f3i<\/p>\r\n                            <p id=\"CHARA_1211_003\" class=\"sec_charanick\">Cl\u00e9rigo de Duma<\/p>\r\n                            <p id=\"CHARA_1211_004\" class=\"sec_charaname\">Jedah<\/p>\r\n                            <p id=\"CHARA_1211_005\" class=\"sec_charaappearancetxt\">Aparece em<\/p>\r\n                            <p id=\"CHARA_1211_006\" class=\"sec_charaappearancetxt\">Fire Emblem Echoes: Shadows of Valentia<\/p>\r\n                        <\/div>\r\n                    <\/div>\r\n                <\/section>\r\n            <\/article>\r\n            <article>\r\n                <section class=\"sec sec_characterarea\">\r\n                    <div class=\"sec_h2chara\">\r\n                        <p id=\"CHARA_1211_007\" class=\"sec_h2charattl\">Sharena apresenta:<\/p>\r\n                        <h2 id=\"CHARA_1211_008\" class=\"sec_h2charatxt\">Cl\u00e9rigo de Duma Jedah<\/h2>\r\n                    <\/div>\r\n                    <dl class=\"sec_dl flex\">\r\n                        <dt id=\"CHARA_1211_009\" class=\"sec_dt\">No imp\u00e9rio de Rigel, no norte de Valentia, existe um grupo que adora Duma, o terr\u00edvel deus. Eles s\u00e3o liderados por um sumo sacerdote, a quem lhes apresentarei \u2014 Jedah.<\/dt>\r\n                        <dd class=\"sec_dd\">\r\n                            <a href=\"https:\/\/guide.fire-emblem-heroes.com\/wp-content\/uploads\/jedah_priest_of_duma_pop01.png\" class=\"popup-image\">\r\n                                <img decoding=\"async\" src=\"https:\/\/guide.fire-emblem-heroes.com\/wp-content\/uploads\/jedah_priest_of_duma_info01.png\" alt=\"\" \/>\r\n                            <\/a>\r\n                        <\/dd>\r\n                        <dt id=\"CHARA_1211_010\" class=\"sec_dt\">Jedah \u00e9 o servo mais devoto do terr\u00edvel deus. Parece que ele sacrificou at\u00e9 as almas de suas filhas \u00e0 Duma&#8230;<\/dt>\r\n                        <dd class=\"sec_dd\">\r\n                            <a href=\"https:\/\/guide.fire-emblem-heroes.com\/wp-content\/uploads\/jedah_priest_of_duma_pop02.png\" class=\"popup-image\">\r\n                                <img decoding=\"async\" src=\"https:\/\/guide.fire-emblem-heroes.com\/wp-content\/uploads\/jedah_priest_of_duma_info02.png\" alt=\"\" \/>\r\n                            <\/a>\r\n                        <\/dd>\r\n                        <dt id=\"CHARA_1211_011\" class=\"sec_dt\">Esses sacrif\u00edcios concederam a Jedah um poder incr\u00edvel. Com a b\u00ean\u00e7\u00e3o do terr\u00edvel deus sobre ele, parece que nenhum ataque pode prejudic\u00e1-lo!<\/dt>\r\n                        <dd class=\"sec_dd\">\r\n                            <a href=\"https:\/\/guide.fire-emblem-heroes.com\/wp-content\/uploads\/jedah_priest_of_duma_pop03.png\" class=\"popup-image\">\r\n                                <img decoding=\"async\" src=\"https:\/\/guide.fire-emblem-heroes.com\/wp-content\/uploads\/jedah_priest_of_duma_info03.png\" alt=\"\" \/>\r\n                            <\/a>\r\n                        <\/dd>\r\n                        <dt id=\"CHARA_1211_012\" class=\"sec_dt\">Embora Jedah possa ser uma figura assustadora, ele poderia ser um aliado valioso para a Ordem dos Her\u00f3is. S\u00f3 espero que ele n\u00e3o acabe se tornando nosso inimigo&#8230;<\/dt>\r\n                        <dd class=\"sec_dd\">\r\n                            <a href=\"https:\/\/guide.fire-emblem-heroes.com\/wp-content\/uploads\/jedah_priest_of_duma_pop04.png\" class=\"popup-image\">\r\n                                <img decoding=\"async\" src=\"https:\/\/guide.fire-emblem-heroes.com\/wp-content\/uploads\/jedah_priest_of_duma_info04.png\" alt=\"\" \/>\r\n                            <\/a>\r\n                        <\/dd>\r\n                    <\/dl>\r\n                    <h3 id=\"CHARA_1211_013\" class=\"sec_h3charatxt\">Personagens relacionados<\/h3>\r\n                    <h4 id=\"CHARA_1211_014\" class=\"sec_h4charatxt\">Marla<\/h4>\r\n                    <p id=\"CHARA_1211_015\" class=\"sec_charatxt\">Filha mais velha de Jedah, sumo sacerdote dos devotos de Duma. Menospreza sua irm\u00e3, Sonya, que recusou tornar-se bruxa.<\/p>\r\n                    <h4 id=\"CHARA_1211_016\" class=\"sec_h4charatxt\">Hestia<\/h4>\r\n                    <p id=\"CHARA_1211_017\" class=\"sec_charatxt\">Segunda filha de Jedah, sumo sacerdote dos devotos de Duma. Menospreza sua irm\u00e3, Sonya, que recusou tornar-se bruxa.<\/p>\r\n                    <h4 id=\"CHARA_1211_018\" class=\"sec_h4charatxt\">Sonya<\/h4>\r\n                    <p id=\"CHARA_1211_019\" class=\"sec_charatxt\">Uma maga contratada por Grieth. Legal, mas extravagante. Jurou vingan\u00e7a ao seu pai, Jedah.<\/p>\r\n                <\/section>\r\n            <\/article>\r\n        <\/main>","protected":false},"excerpt":{"rendered":"Her\u00f3i Cl\u00e9rigo de Duma Jedah Aparece em Fire Emblem Echoes: Shadows of Valentia Sharena apresenta: Cl\u00e9rigo de Duma Jedah No imp\u00e9rio de Rigel, no norte de Valentia, existe um grupo que adora Duma, o terr\u00edvel deus. Eles s\u00e3o liderados por um sumo sacerdote, a quem lhes apresentarei \u2014 Jedah. Jedah \u00e9 o servo mais devoto [&hellip;]","protected":false},"author":1,"featured_media":58740,"comment_status":"closed","ping_status":"closed","sticky":false,"template":"","format":"standard","meta":{"advanced_seo_description":"","jetpack_seo_html_title":"","jetpack_seo_noindex":false,"_jetpack_newsletter_access":"","_jetpack_dont_email_post_to_subs":false,"_jetpack_newsletter_tier_id":0,"_jetpack_memberships_contains_paywalled_content":false,"_locale":"pt_BR","_original_post":"https:\/\/guide.fire-emblem-heroes.com\/?p=58694","_jetpack_memberships_contains_paid_content":false,"footnotes":"","jetpack_publicize_message":"","jetpack_publicize_feature_enabled":true,"jetpack_social_post_already_shared":false,"jetpack_social_options":{"image_generator_settings":{"template":"highway","default_image_id":0,"font":"","enabled":false},"version":2},"_wpas_customize_per_network":false,"jetpack_post_was_ever_published":false},"categories":[1384,1425,1415,1390],"tags":[1463],"class_list":["post-58704","post","type-post","status-publish","format-standard","has-post-thumbnail","hentry","category-character","category-ex_works_shadows_of_valentia","category-heroes","category-stay_heroes","tag-heroi","pt-BR"],"jetpack_publicize_connections":[],"jetpack_featured_media_url":"https:\/\/guide.fire-emblem-heroes.com\/wp-content\/uploads\/jedah_priest_of_duma.png","jetpack_sharing_enabled":false,"jetpack_shortlink":"https:\/\/wp.me\/pa0Mj3-fgQ","jetpack_likes_enabled":false,"amp_enabled":false,"_links":{"self":[{"href":"https:\/\/guide.fire-emblem-heroes.com\/wp-json\/wp\/v2\/posts\/58704","targetHints":{"allow":["GET"]}}],"collection":[{"href":"https:\/\/guide.fire-emblem-heroes.com\/wp-json\/wp\/v2\/posts"}],"about":[{"href":"https:\/\/guide.fire-emblem-heroes.com\/wp-json\/wp\/v2\/types\/post"}],"author":[{"embeddable":true,"href":"https:\/\/guide.fire-emblem-heroes.com\/wp-json\/wp\/v2\/users\/1"}],"replies":[{"embeddable":true,"href":"https:\/\/guide.fire-emblem-heroes.com\/wp-json\/wp\/v2\/comments?post=58704"}],"version-history":[{"count":1,"href":"https:\/\/guide.fire-emblem-heroes.com\/wp-json\/wp\/v2\/posts\/58704\/revisions"}],"predecessor-version":[{"id":58714,"href":"https:\/\/guide.fire-emblem-heroes.com\/wp-json\/wp\/v2\/posts\/58704\/revisions\/58714"}],"wp:featuredmedia":[{"embeddable":true,"href":"https:\/\/guide.fire-emblem-heroes.com\/wp-json\/wp\/v2\/media\/58740"}],"wp:attachment":[{"href":"https:\/\/guide.fire-emblem-heroes.com\/wp-json\/wp\/v2\/media?parent=58704"}],"wp:term":[{"taxonomy":"category","embeddable":true,"href":"https:\/\/guide.fire-emblem-heroes.com\/wp-json\/wp\/v2\/categories?post=58704"},{"taxonomy":"post_tag","embeddable":true,"href":"https:\/\/guide.fire-emblem-heroes.com\/wp-json\/wp\/v2\/tags?post=58704"}],"curies":[{"name":"wp","href":"https:\/\/api.w.org\/{rel}","templated":true}]}}