






{"id":58897,"date":"2025-03-26T13:51:22","date_gmt":"2025-03-26T04:51:22","guid":{"rendered":"https:\/\/guide.fire-emblem-heroes.com\/?p=58897"},"modified":"2025-03-27T13:04:09","modified_gmt":"2025-03-27T04:04:09","slug":"10003004000175-2","status":"publish","type":"post","link":"https:\/\/guide.fire-emblem-heroes.com\/pt-BR\/10003004000175-2\/","title":{"rendered":"<span class=\"character_nick\">Dan\u00e7arina festiva<\/span><span class=\"character_name\">Olivia<\/span>"},"content":{"rendered":"<main id=\"CHARA_1215\" class=\"main_page character\">\r\n            <article>\r\n                <section class=\"sec sec_character\">\r\n                    <ul class=\"sec_ul sec_ul--character slick-box\">\r\n                        <li class=\"sec_li sec_li--character\">\r\n                            <img decoding=\"async\" src=\"https:\/\/guide.fire-emblem-heroes.com\/wp-content\/uploads\/olivie_festival_dancer_slide01.png\" alt=\"\" \/>\r\n                        <\/li>\r\n                        <li class=\"sec_li sec_li--character\">\r\n                            <img decoding=\"async\" src=\"https:\/\/guide.fire-emblem-heroes.com\/wp-content\/uploads\/olivie_festival_dancer_slide02.png\" alt=\"\" \/>\r\n                        <\/li>\r\n                        <li class=\"sec_li sec_li--character\">\r\n                            <img decoding=\"async\" src=\"https:\/\/guide.fire-emblem-heroes.com\/wp-content\/uploads\/olivie_festival_dancer_slide03.png\" alt=\"\" \/>\r\n                        <\/li>\r\n                        <li class=\"sec_li sec_li--character\">\r\n                            <img decoding=\"async\" src=\"https:\/\/guide.fire-emblem-heroes.com\/wp-content\/uploads\/olivie_festival_dancer_slide04.png\" alt=\"\" \/>\r\n                        <\/li>\r\n                    <\/ul>\r\n                    <div class=\"sec_charainfoarea flex\">\r\n                        <div class=\"sec_gif\"><img loading=\"lazy\" decoding=\"async\" src=\"https:\/\/guide.fire-emblem-heroes.com\/wp-content\/uploads\/olivie_festival_dancer.png\" alt=\"\" width=\"210\" height=\"190\"\/><\/div>\r\n                        <div class=\"sec_charainfo\">\r\n                            <p id=\"CHARA_1215_002\" class=\"sec_characate sec_characate--special_heroes\">Hero\u00edna especial<\/p>\r\n                            <p id=\"CHARA_1215_003\" class=\"sec_charanick\">Dan\u00e7arina festiva<\/p>\r\n                            <p id=\"CHARA_1215_004\" class=\"sec_charaname\">Olivia<\/p>\r\n                            <p id=\"CHARA_1215_005\" class=\"sec_charaappearancetxt\">Aparece em<\/p>\r\n                            <p id=\"CHARA_1215_006\" class=\"sec_charaappearancetxt\">Fire Emblem Awakening<\/p>\r\n                        <\/div>\r\n                    <\/div>\r\n                <\/section>\r\n            <\/article>\r\n            <article>\r\n                <section class=\"sec sec_characterarea\">\r\n                    <div class=\"sec_h2chara\">\r\n                        <p id=\"CHARA_1215_007\" class=\"sec_h2charattl\">Sharena apresenta:<\/p>\r\n                        <h2 id=\"CHARA_1215_008\" class=\"sec_h2charatxt\">Dan\u00e7arina festiva Olivia<\/h2>\r\n                    <\/div>\r\n                    <dl class=\"sec_dl flex\">\r\n                        <dt id=\"CHARA_1215_009\" class=\"sec_dt\">Olivia \u00e9 uma dan\u00e7arina do continente de Ylisse. Ela est\u00e1 aqui para estrear seu traje especial para o festival de artes c\u00eanicas!<\/dt>\r\n                        <dd class=\"sec_dd\">\r\n                            <a href=\"https:\/\/guide.fire-emblem-heroes.com\/wp-content\/uploads\/olivie_festival_dancer_pop01.png\" class=\"popup-image\">\r\n                                <img decoding=\"async\" src=\"https:\/\/guide.fire-emblem-heroes.com\/wp-content\/uploads\/olivie_festival_dancer_info01.png\" alt=\"\" \/>\r\n                            <\/a>\r\n                        <\/dd>\r\n                        <dt id=\"CHARA_1215_010\" class=\"sec_dt\">Esse \u00e9 o traje dela para o festival, desenhado para ressaltar seus talentos como dan\u00e7arina. O voal que ondula com os movimentos do corpo de Olivia certamente chamar\u00e1 a aten\u00e7\u00e3o!<\/dt>\r\n                        <dd class=\"sec_dd\">\r\n                            <a href=\"https:\/\/guide.fire-emblem-heroes.com\/wp-content\/uploads\/olivie_festival_dancer_pop02.png\" class=\"popup-image\">\r\n                                <img decoding=\"async\" src=\"https:\/\/guide.fire-emblem-heroes.com\/wp-content\/uploads\/olivie_festival_dancer_info02.png\" alt=\"\" \/>\r\n                            <\/a>\r\n                        <\/dd>\r\n                        <dt id=\"CHARA_1215_011\" class=\"sec_dt\">Ela tamb\u00e9m est\u00e1 equipada com um leque para combinar com seu traje do festival; pode ser usado como uma adaga se a situa\u00e7\u00e3o exigir!<\/dt>\r\n                        <dd class=\"sec_dd\">\r\n                            <a href=\"https:\/\/guide.fire-emblem-heroes.com\/wp-content\/uploads\/olivie_festival_dancer_pop03.png\" class=\"popup-image\">\r\n                                <img decoding=\"async\" src=\"https:\/\/guide.fire-emblem-heroes.com\/wp-content\/uploads\/olivie_festival_dancer_info03.png\" alt=\"\" \/>\r\n                            <\/a>\r\n                        <\/dd>\r\n                        <dt id=\"CHARA_1215_012\" class=\"sec_dt\">Olivia \u00e9 extremamente t\u00edmida, mas diz que esse sentimento desaparecesse ao dan\u00e7ar. Com todos os olhos voltados ao festival, \u00e9 hora de dan\u00e7ar como nunca!<\/dt>\r\n                        <dd class=\"sec_dd\">\r\n                            <a href=\"https:\/\/guide.fire-emblem-heroes.com\/wp-content\/uploads\/olivie_festival_dancer_pop04.png\" class=\"popup-image\">\r\n                                <img decoding=\"async\" src=\"https:\/\/guide.fire-emblem-heroes.com\/wp-content\/uploads\/olivie_festival_dancer_info04.png\" alt=\"\" \/>\r\n                            <\/a>\r\n                        <\/dd>\r\n                    <\/dl>\r\n                    <h3 id=\"CHARA_1215_013\" class=\"sec_h3charatxt\">Personagens relacionados<\/h3>\r\n                    <h4 id=\"CHARA_1215_014\" class=\"sec_h4charatxt\">Emmeryn<\/h4>\r\n                    <p id=\"CHARA_1215_015\" class=\"sec_charatxt\">Vener\u00e1vel am\u00e1vel e carinhosa que governa o reino sagrado de Ylisse. Irm\u00e3 de Chrom e Lissa. Olivia se sente em d\u00edvida com ela.<\/p>\r\n                    <h4 id=\"CHARA_1215_016\" class=\"sec_h4charatxt\">Inigo<\/h4>\r\n                    <p id=\"CHARA_1215_017\" class=\"sec_charatxt\">Filho de Olivia. Aben\u00e7oado com o talento para dan\u00e7a e um instinto galanteador, apesar da timidez.<\/p>\r\n                    <h4 id=\"CHARA_1215_018\" class=\"sec_h4charatxt\">Basilio<\/h4>\r\n                    <p id=\"CHARA_1215_019\" class=\"sec_charatxt\">Khan do oeste de Regna Ferox, um pa\u00eds liderado por sua prefer\u00eancia pela batalha sobre a pol\u00edtica. Um guerreiro simples, que n\u00e3o tem nada a esconder. Ele resgata Olivia das investidas indesejadas de um admirador rico.<\/p>\r\n                <\/section>\r\n            <\/article>\r\n        <\/main>","protected":false},"excerpt":{"rendered":"Hero\u00edna especial Dan\u00e7arina festiva Olivia Aparece em Fire Emblem Awakening Sharena apresenta: Dan\u00e7arina festiva Olivia Olivia \u00e9 uma dan\u00e7arina do continente de Ylisse. Ela est\u00e1 aqui para estrear seu traje especial para o festival de artes c\u00eanicas! Esse \u00e9 o traje dela para o festival, desenhado para ressaltar seus talentos como dan\u00e7arina. O voal que [&hellip;]","protected":false},"author":1,"featured_media":58982,"comment_status":"closed","ping_status":"closed","sticky":false,"template":"","format":"standard","meta":{"advanced_seo_description":"","jetpack_seo_html_title":"","jetpack_seo_noindex":false,"_jetpack_newsletter_access":"","_jetpack_dont_email_post_to_subs":false,"_jetpack_newsletter_tier_id":0,"_jetpack_memberships_contains_paywalled_content":false,"_locale":"pt_BR","_original_post":"https:\/\/guide.fire-emblem-heroes.com\/?p=58887","_jetpack_memberships_contains_paid_content":false,"footnotes":"","jetpack_publicize_message":"","jetpack_publicize_feature_enabled":true,"jetpack_social_post_already_shared":false,"jetpack_social_options":{"image_generator_settings":{"template":"highway","default_image_id":0,"font":"","enabled":false},"version":2},"_wpas_customize_per_network":false,"jetpack_post_was_ever_published":false},"categories":[1384,1431,1405,1390],"tags":[1460],"class_list":["post-58897","post","type-post","status-publish","format-standard","has-post-thumbnail","hentry","category-character","category-ex_works_awakening","category-special_heroes","category-stay_heroes","tag-heroina-especial","pt-BR"],"jetpack_publicize_connections":[],"jetpack_featured_media_url":"https:\/\/guide.fire-emblem-heroes.com\/wp-content\/uploads\/olivie_festival_dancer.png","jetpack_sharing_enabled":false,"jetpack_shortlink":"https:\/\/wp.me\/pa0Mj3-fjX","jetpack_likes_enabled":false,"amp_enabled":false,"_links":{"self":[{"href":"https:\/\/guide.fire-emblem-heroes.com\/wp-json\/wp\/v2\/posts\/58897","targetHints":{"allow":["GET"]}}],"collection":[{"href":"https:\/\/guide.fire-emblem-heroes.com\/wp-json\/wp\/v2\/posts"}],"about":[{"href":"https:\/\/guide.fire-emblem-heroes.com\/wp-json\/wp\/v2\/types\/post"}],"author":[{"embeddable":true,"href":"https:\/\/guide.fire-emblem-heroes.com\/wp-json\/wp\/v2\/users\/1"}],"replies":[{"embeddable":true,"href":"https:\/\/guide.fire-emblem-heroes.com\/wp-json\/wp\/v2\/comments?post=58897"}],"version-history":[{"count":1,"href":"https:\/\/guide.fire-emblem-heroes.com\/wp-json\/wp\/v2\/posts\/58897\/revisions"}],"predecessor-version":[{"id":58906,"href":"https:\/\/guide.fire-emblem-heroes.com\/wp-json\/wp\/v2\/posts\/58897\/revisions\/58906"}],"wp:featuredmedia":[{"embeddable":true,"href":"https:\/\/guide.fire-emblem-heroes.com\/wp-json\/wp\/v2\/media\/58982"}],"wp:attachment":[{"href":"https:\/\/guide.fire-emblem-heroes.com\/wp-json\/wp\/v2\/media?parent=58897"}],"wp:term":[{"taxonomy":"category","embeddable":true,"href":"https:\/\/guide.fire-emblem-heroes.com\/wp-json\/wp\/v2\/categories?post=58897"},{"taxonomy":"post_tag","embeddable":true,"href":"https:\/\/guide.fire-emblem-heroes.com\/wp-json\/wp\/v2\/tags?post=58897"}],"curies":[{"name":"wp","href":"https:\/\/api.w.org\/{rel}","templated":true}]}}