






{"id":58919,"date":"2025-03-26T13:59:22","date_gmt":"2025-03-26T04:59:22","guid":{"rendered":"https:\/\/guide.fire-emblem-heroes.com\/?p=58919"},"modified":"2025-03-27T13:04:06","modified_gmt":"2025-03-27T04:04:06","slug":"10069003000173-2","status":"publish","type":"post","link":"https:\/\/guide.fire-emblem-heroes.com\/pt-BR\/10069003000173-2\/","title":{"rendered":"<span class=\"character_nick\">Dan\u00e7arino \u00edndigo<\/span><span class=\"character_name\">Inigo<\/span>"},"content":{"rendered":"<main id=\"CHARA_1216\" class=\"main_page character\">\r\n            <article>\r\n                <section class=\"sec sec_character\">\r\n                    <ul class=\"sec_ul sec_ul--character slick-box\">\r\n                        <li class=\"sec_li sec_li--character\">\r\n                            <img decoding=\"async\" src=\"https:\/\/guide.fire-emblem-heroes.com\/wp-content\/uploads\/azur_indigo_dancer_slide01.png\" alt=\"\" \/>\r\n                        <\/li>\r\n                        <li class=\"sec_li sec_li--character\">\r\n                            <img decoding=\"async\" src=\"https:\/\/guide.fire-emblem-heroes.com\/wp-content\/uploads\/azur_indigo_dancer_slide02.png\" alt=\"\" \/>\r\n                        <\/li>\r\n                        <li class=\"sec_li sec_li--character\">\r\n                            <img decoding=\"async\" src=\"https:\/\/guide.fire-emblem-heroes.com\/wp-content\/uploads\/azur_indigo_dancer_slide03.png\" alt=\"\" \/>\r\n                        <\/li>\r\n                        <li class=\"sec_li sec_li--character\">\r\n                            <img decoding=\"async\" src=\"https:\/\/guide.fire-emblem-heroes.com\/wp-content\/uploads\/azur_indigo_dancer_slide04.png\" alt=\"\" \/>\r\n                        <\/li>\r\n                    <\/ul>\r\n                    <div class=\"sec_charainfoarea flex\">\r\n                        <div class=\"sec_gif\"><img loading=\"lazy\" decoding=\"async\" src=\"https:\/\/guide.fire-emblem-heroes.com\/wp-content\/uploads\/azur_indigo_dancer.png\" alt=\"\" width=\"210\" height=\"190\"\/><\/div>\r\n                        <div class=\"sec_charainfo\">\r\n                            <p id=\"CHARA_1216_002\" class=\"sec_characate sec_characate--special_heroes\">Her\u00f3i especial<\/p>\r\n                            <p id=\"CHARA_1216_003\" class=\"sec_charanick\">Dan\u00e7arino \u00edndigo<\/p>\r\n                            <p id=\"CHARA_1216_004\" class=\"sec_charaname\">Inigo<\/p>\r\n                            <p id=\"CHARA_1216_005\" class=\"sec_charaappearancetxt\">Aparece em<\/p>\r\n                            <p id=\"CHARA_1216_006\" class=\"sec_charaappearancetxt\">Fire Emblem Awakening<\/p>\r\n                        <\/div>\r\n                    <\/div>\r\n                <\/section>\r\n            <\/article>\r\n            <article>\r\n                <section class=\"sec sec_characterarea\">\r\n                    <div class=\"sec_h2chara\">\r\n                        <p id=\"CHARA_1216_007\" class=\"sec_h2charattl\">Sharena apresenta:<\/p>\r\n                        <h2 id=\"CHARA_1216_008\" class=\"sec_h2charatxt\">Dan\u00e7arino \u00edndigo Inigo<\/h2>\r\n                    <\/div>\r\n                    <dl class=\"sec_dl flex\">\r\n                        <dt id=\"CHARA_1216_009\" class=\"sec_dt\">Inigo veio de um mundo futuro para o reino sagrado de Ylisse. Ele tamb\u00e9m aparecer\u00e1 no festival de artes c\u00eanicas com trajes especiais!<\/dt>\r\n                        <dd class=\"sec_dd\">\r\n                            <a href=\"https:\/\/guide.fire-emblem-heroes.com\/wp-content\/uploads\/azur_indigo_dancer_pop01.png\" class=\"popup-image\">\r\n                                <img decoding=\"async\" src=\"https:\/\/guide.fire-emblem-heroes.com\/wp-content\/uploads\/azur_indigo_dancer_info01.png\" alt=\"\" \/>\r\n                            <\/a>\r\n                        <\/dd>\r\n                        <dt id=\"CHARA_1216_010\" class=\"sec_dt\">\u00c9 um traje bastante leve, comparado com sua vestimenta usual! Na verdade, foi projetado para combinar com o traje da m\u00e3e dele, Olivia, para o festival de artes c\u00eanicas.<\/dt>\r\n                        <dd class=\"sec_dd\">\r\n                            <a href=\"https:\/\/guide.fire-emblem-heroes.com\/wp-content\/uploads\/azur_indigo_dancer_pop02.png\" class=\"popup-image\">\r\n                                <img decoding=\"async\" src=\"https:\/\/guide.fire-emblem-heroes.com\/wp-content\/uploads\/azur_indigo_dancer_info02.png\" alt=\"\" \/>\r\n                            <\/a>\r\n                        <\/dd>\r\n                        <dt id=\"CHARA_1216_011\" class=\"sec_dt\">Ele tamb\u00e9m carrega argolas e tem um longo pano pendurado para chamar a aten\u00e7\u00e3o. Esses acess\u00f3rios podem parecer parte de sua dan\u00e7a \u00e0 primeira vista, mas tamb\u00e9m comp\u00f5em o arsenal de armas dele, caso uma batalha comece!<\/dt>\r\n                        <dd class=\"sec_dd\">\r\n                            <a href=\"https:\/\/guide.fire-emblem-heroes.com\/wp-content\/uploads\/azur_indigo_dancer_pop03.png\" class=\"popup-image\">\r\n                                <img decoding=\"async\" src=\"https:\/\/guide.fire-emblem-heroes.com\/wp-content\/uploads\/azur_indigo_dancer_info03.png\" alt=\"\" \/>\r\n                            <\/a>\r\n                        <\/dd>\r\n                        <dt id=\"CHARA_1216_012\" class=\"sec_dt\">Inigo n\u00e3o consegue parar de sorrir enquanto dan\u00e7a. Mal posso esperar para v\u00ea-lo radiante enquanto se apresenta no festival!<\/dt>\r\n                        <dd class=\"sec_dd\">\r\n                            <a href=\"https:\/\/guide.fire-emblem-heroes.com\/wp-content\/uploads\/azur_indigo_dancer_pop04.png\" class=\"popup-image\">\r\n                                <img decoding=\"async\" src=\"https:\/\/guide.fire-emblem-heroes.com\/wp-content\/uploads\/azur_indigo_dancer_info04.png\" alt=\"\" \/>\r\n                            <\/a>\r\n                        <\/dd>\r\n                    <\/dl>\r\n                    <h3 id=\"CHARA_1216_013\" class=\"sec_h3charatxt\">Personagens relacionados<\/h3>\r\n                    <h4 id=\"CHARA_1216_014\" class=\"sec_h4charatxt\">Olivia<\/h4>\r\n                    <p id=\"CHARA_1216_015\" class=\"sec_charatxt\">Dan\u00e7arina talentosa e extremamente t\u00edmida que gosta muito de viajar. M\u00e3e de Inigo.<\/p>\r\n                <\/section>\r\n            <\/article>\r\n        <\/main>","protected":false},"excerpt":{"rendered":"Her\u00f3i especial Dan\u00e7arino \u00edndigo Inigo Aparece em Fire Emblem Awakening Sharena apresenta: Dan\u00e7arino \u00edndigo Inigo Inigo veio de um mundo futuro para o reino sagrado de Ylisse. Ele tamb\u00e9m aparecer\u00e1 no festival de artes c\u00eanicas com trajes especiais! \u00c9 um traje bastante leve, comparado com sua vestimenta usual! Na verdade, foi projetado para combinar com [&hellip;]","protected":false},"author":1,"featured_media":58956,"comment_status":"closed","ping_status":"closed","sticky":false,"template":"","format":"standard","meta":{"advanced_seo_description":"","jetpack_seo_html_title":"","jetpack_seo_noindex":false,"_jetpack_newsletter_access":"","_jetpack_dont_email_post_to_subs":false,"_jetpack_newsletter_tier_id":0,"_jetpack_memberships_contains_paywalled_content":false,"_locale":"pt_BR","_original_post":"https:\/\/guide.fire-emblem-heroes.com\/?p=58908","_jetpack_memberships_contains_paid_content":false,"footnotes":"","jetpack_publicize_message":"","jetpack_publicize_feature_enabled":true,"jetpack_social_post_already_shared":false,"jetpack_social_options":{"image_generator_settings":{"template":"highway","default_image_id":0,"font":"","enabled":false},"version":2},"_wpas_customize_per_network":false,"jetpack_post_was_ever_published":false},"categories":[1384,1431,1405,1390],"tags":[1459],"class_list":["post-58919","post","type-post","status-publish","format-standard","has-post-thumbnail","hentry","category-character","category-ex_works_awakening","category-special_heroes","category-stay_heroes","tag-heroi-especial","pt-BR"],"jetpack_publicize_connections":[],"jetpack_featured_media_url":"https:\/\/guide.fire-emblem-heroes.com\/wp-content\/uploads\/azur_indigo_dancer.png","jetpack_sharing_enabled":false,"jetpack_shortlink":"https:\/\/wp.me\/pa0Mj3-fkj","jetpack_likes_enabled":false,"amp_enabled":false,"_links":{"self":[{"href":"https:\/\/guide.fire-emblem-heroes.com\/wp-json\/wp\/v2\/posts\/58919","targetHints":{"allow":["GET"]}}],"collection":[{"href":"https:\/\/guide.fire-emblem-heroes.com\/wp-json\/wp\/v2\/posts"}],"about":[{"href":"https:\/\/guide.fire-emblem-heroes.com\/wp-json\/wp\/v2\/types\/post"}],"author":[{"embeddable":true,"href":"https:\/\/guide.fire-emblem-heroes.com\/wp-json\/wp\/v2\/users\/1"}],"replies":[{"embeddable":true,"href":"https:\/\/guide.fire-emblem-heroes.com\/wp-json\/wp\/v2\/comments?post=58919"}],"version-history":[{"count":1,"href":"https:\/\/guide.fire-emblem-heroes.com\/wp-json\/wp\/v2\/posts\/58919\/revisions"}],"predecessor-version":[{"id":58924,"href":"https:\/\/guide.fire-emblem-heroes.com\/wp-json\/wp\/v2\/posts\/58919\/revisions\/58924"}],"wp:featuredmedia":[{"embeddable":true,"href":"https:\/\/guide.fire-emblem-heroes.com\/wp-json\/wp\/v2\/media\/58956"}],"wp:attachment":[{"href":"https:\/\/guide.fire-emblem-heroes.com\/wp-json\/wp\/v2\/media?parent=58919"}],"wp:term":[{"taxonomy":"category","embeddable":true,"href":"https:\/\/guide.fire-emblem-heroes.com\/wp-json\/wp\/v2\/categories?post=58919"},{"taxonomy":"post_tag","embeddable":true,"href":"https:\/\/guide.fire-emblem-heroes.com\/wp-json\/wp\/v2\/tags?post=58919"}],"curies":[{"name":"wp","href":"https:\/\/api.w.org\/{rel}","templated":true}]}}