






{"id":60724,"date":"2025-06-13T12:32:40","date_gmt":"2025-06-13T03:32:40","guid":{"rendered":"https:\/\/guide.fire-emblem-heroes.com\/?p=60724"},"modified":"2025-08-07T16:47:08","modified_gmt":"2025-08-07T07:47:08","slug":"02003002101255-2","status":"publish","type":"post","link":"https:\/\/guide.fire-emblem-heroes.com\/pt-BR\/02003002101255-2\/","title":{"rendered":"<span class=\"character_nick\">Ver\u00e3o alado<\/span><span class=\"character_name\">Palla<\/span>"},"content":{"rendered":"<main id=\"CHARA_1255\" class=\"main_page character\">\r\n            <article>\r\n                <section class=\"sec sec_character\">\r\n                    <ul class=\"sec_ul sec_ul--character slick-box\">\r\n                        <li class=\"sec_li sec_li--character\">\r\n                            <img decoding=\"async\" src=\"https:\/\/guide.fire-emblem-heroes.com\/wp-content\/uploads\/paora_soaring_summer_slide01.png\" alt=\"\" \/>\r\n                        <\/li>\r\n                        <li class=\"sec_li sec_li--character\">\r\n                            <img decoding=\"async\" src=\"https:\/\/guide.fire-emblem-heroes.com\/wp-content\/uploads\/paora_soaring_summer_slide02.png\" alt=\"\" \/>\r\n                        <\/li>\r\n                        <li class=\"sec_li sec_li--character\">\r\n                            <img decoding=\"async\" src=\"https:\/\/guide.fire-emblem-heroes.com\/wp-content\/uploads\/paora_soaring_summer_slide03.png\" alt=\"\" \/>\r\n                        <\/li>\r\n                        <li class=\"sec_li sec_li--character\">\r\n                            <img decoding=\"async\" src=\"https:\/\/guide.fire-emblem-heroes.com\/wp-content\/uploads\/paora_soaring_summer_slide04.png\" alt=\"\" \/>\r\n                        <\/li>\r\n                    <\/ul>\r\n                    <div class=\"sec_charainfoarea flex\">\r\n                        <div class=\"sec_gif\"><img loading=\"lazy\" decoding=\"async\" src=\"https:\/\/guide.fire-emblem-heroes.com\/wp-content\/uploads\/paora_soaring_summer.png\" alt=\"\" width=\"210\" height=\"190\"\/><\/div>\r\n                        <div class=\"sec_charainfo\">\r\n                            <p id=\"CHARA_1255_002\" class=\"sec_characate sec_characate--special_heroes\">Hero\u00edna especial<\/p>\r\n                            <p id=\"CHARA_1255_003\" class=\"sec_charanick\">Ver\u00e3o alado<\/p>\r\n                            <p id=\"CHARA_1255_004\" class=\"sec_charaname\">Palla<\/p>\r\n                            <p id=\"CHARA_1255_005\" class=\"sec_charaappearancetxt\">Aparece em<\/p>\r\n                            <p id=\"CHARA_1255_006\" class=\"sec_charaappearancetxt\">Fire Emblem Echoes: Shadows of Valentia<\/p>\r\n                        <\/div>\r\n                    <\/div>\r\n                <\/section>\r\n            <\/article>\r\n            <article>\r\n                <section class=\"sec sec_characterarea\">\r\n                    <div class=\"sec_h2chara\">\r\n                        <p id=\"CHARA_1255_007\" class=\"sec_h2charattl\">Sharena apresenta:<\/p>\r\n                        <h2 id=\"CHARA_1255_008\" class=\"sec_h2charatxt\">Ver\u00e3o alado Palla<\/h2>\r\n                    <\/div>\r\n                    <dl class=\"sec_dl flex\">\r\n                        <dt id=\"CHARA_1255_009\" class=\"sec_dt\">Palla \u00e9 a mais velha de tr\u00eas irm\u00e3s p\u00e9gaso. Ela est\u00e1 dando uma pausa de sua visita a Valentia para aproveitar a praia! Fiel ao estilo, verde \u00e9 a cor escolhida para este traje de banho!<\/dt>\r\n                        <dd class=\"sec_dd\">\r\n                            <a href=\"https:\/\/guide.fire-emblem-heroes.com\/wp-content\/uploads\/paora_soaring_summer_pop01.png\" class=\"popup-image\">\r\n                                <img decoding=\"async\" src=\"https:\/\/guide.fire-emblem-heroes.com\/wp-content\/uploads\/paora_soaring_summer_info01.png\" alt=\"\" \/>\r\n                            <\/a>\r\n                        <\/dd>\r\n                        <dt id=\"CHARA_1255_010\" class=\"sec_dt\">O chap\u00e9u e os enfeites de cabelo de Palla t\u00eam flores com as cores que suas irm\u00e3s, Catria e Est, preferem. A pulseira combina as cores caracter\u00edsticas das tr\u00eas irm\u00e3s!<\/dt>\r\n                        <dd class=\"sec_dd\">\r\n                            <a href=\"https:\/\/guide.fire-emblem-heroes.com\/wp-content\/uploads\/paora_soaring_summer_pop02.png\" class=\"popup-image\">\r\n                                <img decoding=\"async\" src=\"https:\/\/guide.fire-emblem-heroes.com\/wp-content\/uploads\/paora_soaring_summer_info02.png\" alt=\"\" \/>\r\n                            <\/a>\r\n                        <\/dd>\r\n                        <dt id=\"CHARA_1255_011\" class=\"sec_dt\">A prop\u00f3sito, voc\u00ea sabia que aquela folha grande que ela carrega tamb\u00e9m pode servir de machado? E, quando est\u00e1 muito quente na praia, pode ser usada para fornecer sombra ou soprar uma brisa suave!<\/dt>\r\n                        <dd class=\"sec_dd\">\r\n                            <a href=\"https:\/\/guide.fire-emblem-heroes.com\/wp-content\/uploads\/paora_soaring_summer_pop03.png\" class=\"popup-image\">\r\n                                <img decoding=\"async\" src=\"https:\/\/guide.fire-emblem-heroes.com\/wp-content\/uploads\/paora_soaring_summer_info03.png\" alt=\"\" \/>\r\n                            <\/a>\r\n                        <\/dd>\r\n                        <dt id=\"CHARA_1255_012\" class=\"sec_dt\">Palla tem aproveitado a praia com estilo. Que ela tenha bastante tempo para descansar de tanto trabalho e possa esticar um pouco as asas!<\/dt>\r\n                        <dd class=\"sec_dd\">\r\n                            <a href=\"https:\/\/guide.fire-emblem-heroes.com\/wp-content\/uploads\/paora_soaring_summer_pop04.png\" class=\"popup-image\">\r\n                                <img decoding=\"async\" src=\"https:\/\/guide.fire-emblem-heroes.com\/wp-content\/uploads\/paora_soaring_summer_info04.png\" alt=\"\" \/>\r\n                            <\/a>\r\n                        <\/dd>\r\n                    <\/dl>\r\n                    <h3 id=\"CHARA_1255_013\" class=\"sec_h3charatxt\">Personagens relacionados<\/h3>\r\n                    <h4 id=\"CHARA_1255_014\" class=\"sec_h4charatxt\">Catria<\/h4>\r\n                    <p id=\"CHARA_1255_015\" class=\"sec_charatxt\">A irm\u00e3 do meio das tr\u00eas cavaleiras p\u00e9gaso de Macedon, que se aventurou em Valentia para resgatar sua irm\u00e3 mais nova que havia sido raptada. Irm\u00e3 de Palla.<\/p>\r\n                    <h4 id=\"CHARA_1255_016\" class=\"sec_h4charatxt\">Est<\/h4>\r\n                    <p id=\"CHARA_1255_017\" class=\"sec_charatxt\">A mais nova das tr\u00eas irm\u00e3s e cavaleiras p\u00e9gaso. Deixou as Asas Brancas de Macedon e agora tem a sua pr\u00f3pria loja. Irm\u00e3 de Palla.<\/p>\r\n                    <h4 id=\"CHARA_1255_018\" class=\"sec_h4charatxt\">Celica<\/h4>\r\n                    <p id=\"CHARA_1255_019\" class=\"sec_charatxt\">A princesa de Zofia; treinada como sacerdotisa. \u00c9 dedicada a cuidar dos outros e n\u00e3o gosta de lutar. Leva &#8220;a marca&#8221; na m\u00e3o direita. Ela ajuda Palla a derrotar um bando de piratas.<\/p>\r\n                <\/section>\r\n            <\/article>\r\n        <\/main>","protected":false},"excerpt":{"rendered":"Hero\u00edna especial Ver\u00e3o alado Palla Aparece em Fire Emblem Echoes: Shadows of Valentia Sharena apresenta: Ver\u00e3o alado Palla Palla \u00e9 a mais velha de tr\u00eas irm\u00e3s p\u00e9gaso. Ela est\u00e1 dando uma pausa de sua visita a Valentia para aproveitar a praia! Fiel ao estilo, verde \u00e9 a cor escolhida para este traje de banho! O [&hellip;]","protected":false},"author":1,"featured_media":60842,"comment_status":"closed","ping_status":"closed","sticky":false,"template":"","format":"standard","meta":{"advanced_seo_description":"","jetpack_seo_html_title":"","jetpack_seo_noindex":false,"_jetpack_newsletter_access":"","_jetpack_dont_email_post_to_subs":false,"_jetpack_newsletter_tier_id":0,"_jetpack_memberships_contains_paywalled_content":false,"_locale":"pt_BR","_original_post":"https:\/\/guide.fire-emblem-heroes.com\/?p=60714","_jetpack_memberships_contains_paid_content":false,"footnotes":"","jetpack_publicize_message":"","jetpack_publicize_feature_enabled":true,"jetpack_social_post_already_shared":false,"jetpack_social_options":{"image_generator_settings":{"template":"highway","default_image_id":0,"font":"","enabled":false},"version":2},"_wpas_customize_per_network":false,"jetpack_post_was_ever_published":false},"categories":[1384,1425,1405,1390],"tags":[1460],"class_list":["post-60724","post","type-post","status-publish","format-standard","has-post-thumbnail","hentry","category-character","category-ex_works_shadows_of_valentia","category-special_heroes","category-stay_heroes","tag-heroina-especial","pt-BR"],"jetpack_publicize_connections":[],"jetpack_featured_media_url":"https:\/\/guide.fire-emblem-heroes.com\/wp-content\/uploads\/paora_soaring_summer.png","jetpack_sharing_enabled":false,"jetpack_shortlink":"https:\/\/wp.me\/pa0Mj3-fNq","jetpack_likes_enabled":false,"amp_enabled":false,"_links":{"self":[{"href":"https:\/\/guide.fire-emblem-heroes.com\/wp-json\/wp\/v2\/posts\/60724","targetHints":{"allow":["GET"]}}],"collection":[{"href":"https:\/\/guide.fire-emblem-heroes.com\/wp-json\/wp\/v2\/posts"}],"about":[{"href":"https:\/\/guide.fire-emblem-heroes.com\/wp-json\/wp\/v2\/types\/post"}],"author":[{"embeddable":true,"href":"https:\/\/guide.fire-emblem-heroes.com\/wp-json\/wp\/v2\/users\/1"}],"replies":[{"embeddable":true,"href":"https:\/\/guide.fire-emblem-heroes.com\/wp-json\/wp\/v2\/comments?post=60724"}],"version-history":[{"count":1,"href":"https:\/\/guide.fire-emblem-heroes.com\/wp-json\/wp\/v2\/posts\/60724\/revisions"}],"predecessor-version":[{"id":60734,"href":"https:\/\/guide.fire-emblem-heroes.com\/wp-json\/wp\/v2\/posts\/60724\/revisions\/60734"}],"wp:featuredmedia":[{"embeddable":true,"href":"https:\/\/guide.fire-emblem-heroes.com\/wp-json\/wp\/v2\/media\/60842"}],"wp:attachment":[{"href":"https:\/\/guide.fire-emblem-heroes.com\/wp-json\/wp\/v2\/media?parent=60724"}],"wp:term":[{"taxonomy":"category","embeddable":true,"href":"https:\/\/guide.fire-emblem-heroes.com\/wp-json\/wp\/v2\/categories?post=60724"},{"taxonomy":"post_tag","embeddable":true,"href":"https:\/\/guide.fire-emblem-heroes.com\/wp-json\/wp\/v2\/tags?post=60724"}],"curies":[{"name":"wp","href":"https:\/\/api.w.org\/{rel}","templated":true}]}}