






{"id":61284,"date":"2025-07-16T13:37:06","date_gmt":"2025-07-16T04:37:06","guid":{"rendered":"https:\/\/guide.fire-emblem-heroes.com\/?p=61284"},"modified":"2025-08-07T16:45:58","modified_gmt":"2025-08-07T07:45:58","slug":"00006002101268-2","status":"publish","type":"post","link":"https:\/\/guide.fire-emblem-heroes.com\/pt-BR\/00006002101268-2\/","title":{"rendered":"<span class=\"character_nick\">Errante guerreira<\/span><span class=\"character_name\">Mel\u00edai<\/span>"},"content":{"rendered":"<main id=\"CHARA_1269\" class=\"main_page character\">\r\n            <article>\r\n                <section class=\"sec sec_character\">\r\n                    <ul class=\"sec_ul sec_ul--character slick-box\">\r\n                        <li class=\"sec_li sec_li--character\">\r\n                            <img decoding=\"async\" src=\"https:\/\/guide.fire-emblem-heroes.com\/wp-content\/uploads\/meliae_warrior_wanderer_slide01.png\" alt=\"\" \/>\r\n                        <\/li>\r\n                        <li class=\"sec_li sec_li--character\">\r\n                            <img decoding=\"async\" src=\"https:\/\/guide.fire-emblem-heroes.com\/wp-content\/uploads\/meliae_warrior_wanderer_slide02.png\" alt=\"\" \/>\r\n                        <\/li>\r\n                        <li class=\"sec_li sec_li--character\">\r\n                            <img decoding=\"async\" src=\"https:\/\/guide.fire-emblem-heroes.com\/wp-content\/uploads\/meliae_warrior_wanderer_slide03.png\" alt=\"\" \/>\r\n                        <\/li>\r\n                        <li class=\"sec_li sec_li--character\">\r\n                            <img decoding=\"async\" src=\"https:\/\/guide.fire-emblem-heroes.com\/wp-content\/uploads\/meliae_warrior_wanderer_slide04.png\" alt=\"\" \/>\r\n                        <\/li>\r\n                    <\/ul>\r\n                    <div class=\"sec_charainfoarea flex\">\r\n                        <div class=\"sec_gif\"><img loading=\"lazy\" decoding=\"async\" src=\"https:\/\/guide.fire-emblem-heroes.com\/wp-content\/uploads\/meliae_warrior_wanderer.png\" alt=\"\" width=\"210\" height=\"190\"\/><\/div>\r\n                        <div class=\"sec_charainfo\">\r\n                            <p id=\"CHARA_1269_002\" class=\"sec_characate sec_characate--heroes\">Hero\u00edna<\/p>\r\n                            <p id=\"CHARA_1269_003\" class=\"sec_charanick\">Errante guerreira<\/p>\r\n                            <p id=\"CHARA_1269_004\" class=\"sec_charaname\">Mel\u00edai<\/p>\r\n                            <p id=\"CHARA_1269_005\" class=\"sec_charaappearancetxt\">Aparece em<\/p>\r\n                            <p id=\"CHARA_1269_006\" class=\"sec_charaappearancetxt\">Fire Emblem Heroes<\/p>\r\n                        <\/div>\r\n                    <\/div>\r\n                <\/section>\r\n            <\/article>\r\n            <article>\r\n                <section class=\"sec sec_characterarea\">\r\n                    <div class=\"sec_h2chara\">\r\n                        <p id=\"CHARA_1269_007\" class=\"sec_h2charattl\">Sharena apresenta:<\/p>\r\n                        <h2 id=\"CHARA_1269_008\" class=\"sec_h2charatxt\">Errante guerreira Mel\u00edai<\/h2>\r\n                    <\/div>\r\n                    <dl class=\"sec_dl flex\">\r\n                        <dt id=\"CHARA_1269_009\" class=\"sec_dt\">O bast\u00e3o desta hero\u00edna parece familiar? \u00c9 exatamente igual ao usado por Ash&#8230; Isso acontece porque a misteriosa guerreira Mel\u00edai \u00e9 uma vers\u00e3o de Ash de outro mundo!<\/dt>\r\n                        <dd class=\"sec_dd\">\r\n                            <a href=\"https:\/\/guide.fire-emblem-heroes.com\/wp-content\/uploads\/meliae_warrior_wanderer_pop01.png\" class=\"popup-image\">\r\n                                <img decoding=\"async\" src=\"https:\/\/guide.fire-emblem-heroes.com\/wp-content\/uploads\/meliae_warrior_wanderer_info01.png\" alt=\"\" \/>\r\n                            <\/a>\r\n                        <\/dd>\r\n                        <dt id=\"CHARA_1269_010\" class=\"sec_dt\">Ao contr\u00e1rio da calma e tranquila Ash, a incontrol\u00e1vel Mel\u00edai tem um temperamento muito mais selvagem.<\/dt>\r\n                        <dd class=\"sec_dd\">\r\n                            <a href=\"https:\/\/guide.fire-emblem-heroes.com\/wp-content\/uploads\/meliae_warrior_wanderer_pop02.png\" class=\"popup-image\">\r\n                                <img decoding=\"async\" src=\"https:\/\/guide.fire-emblem-heroes.com\/wp-content\/uploads\/meliae_warrior_wanderer_info02.png\" alt=\"\" \/>\r\n                            <\/a>\r\n                        <\/dd>\r\n                        <dt id=\"CHARA_1269_011\" class=\"sec_dt\">Tendo perdido a mem\u00f3ria, Mel\u00edai vagou por outros mundos em busca de Askr, da qual ela se lembrava vagamente. Voc\u00ea acha que o motivo de sua personalidade ser diferente da de Ash \u00e9 por ela ter perdido a mem\u00f3ria?<\/dt>\r\n                        <dd class=\"sec_dd\">\r\n                            <a href=\"https:\/\/guide.fire-emblem-heroes.com\/wp-content\/uploads\/meliae_warrior_wanderer_pop03.png\" class=\"popup-image\">\r\n                                <img decoding=\"async\" src=\"https:\/\/guide.fire-emblem-heroes.com\/wp-content\/uploads\/meliae_warrior_wanderer_info03.png\" alt=\"\" \/>\r\n                            <\/a>\r\n                        <\/dd>\r\n                        <dt id=\"CHARA_1269_012\" class=\"sec_dt\">A prop\u00f3sito, ela mesma intitulou-se de Mel\u00edai. Enfim, espero que Ash e eu possamos reuni-la com Askr em breve!<\/dt>\r\n                        <dd class=\"sec_dd\">\r\n                            <a href=\"https:\/\/guide.fire-emblem-heroes.com\/wp-content\/uploads\/meliae_warrior_wanderer_pop04.png\" class=\"popup-image\">\r\n                                <img decoding=\"async\" src=\"https:\/\/guide.fire-emblem-heroes.com\/wp-content\/uploads\/meliae_warrior_wanderer_info04.png\" alt=\"\" \/>\r\n                            <\/a>\r\n                        <\/dd>\r\n                    <\/dl>\r\n                    <h3 id=\"CHARA_1269_013\" class=\"sec_h3charatxt\">Personagens relacionados<\/h3>\r\n                    <h4 id=\"CHARA_1269_014\" class=\"sec_h4charatxt\">Ash<\/h4>\r\n                    <p id=\"CHARA_1269_015\" class=\"sec_charatxt\">Criada de Askr, divindade das conex\u00f5es abertas e dos v\u00ednculos atados. Franca e educada, tenta sempre dizer exatamente o que tem em mente. A vers\u00e3o de outro mundo de Mel\u00edai.<\/p>\r\n                <\/section>\r\n            <\/article>\r\n        <\/main>","protected":false},"excerpt":{"rendered":"Hero\u00edna Errante guerreira Mel\u00edai Aparece em Fire Emblem Heroes Sharena apresenta: Errante guerreira Mel\u00edai O bast\u00e3o desta hero\u00edna parece familiar? \u00c9 exatamente igual ao usado por Ash&#8230; Isso acontece porque a misteriosa guerreira Mel\u00edai \u00e9 uma vers\u00e3o de Ash de outro mundo! Ao contr\u00e1rio da calma e tranquila Ash, a incontrol\u00e1vel Mel\u00edai tem um temperamento [&hellip;]","protected":false},"author":1,"featured_media":61390,"comment_status":"closed","ping_status":"closed","sticky":false,"template":"","format":"standard","meta":{"advanced_seo_description":"","jetpack_seo_html_title":"","jetpack_seo_noindex":false,"_jetpack_newsletter_access":"","_jetpack_dont_email_post_to_subs":false,"_jetpack_newsletter_tier_id":0,"_jetpack_memberships_contains_paywalled_content":false,"_locale":"pt_BR","_original_post":"https:\/\/guide.fire-emblem-heroes.com\/?p=61274","_jetpack_memberships_contains_paid_content":false,"footnotes":"","jetpack_publicize_message":"","jetpack_publicize_feature_enabled":true,"jetpack_social_post_already_shared":false,"jetpack_social_options":{"image_generator_settings":{"template":"highway","default_image_id":0,"font":"","enabled":false},"version":2},"_wpas_customize_per_network":false,"jetpack_post_was_ever_published":false},"categories":[1384,1423,1415,1390],"tags":[1461],"class_list":["post-61284","post","type-post","status-publish","format-standard","has-post-thumbnail","hentry","category-character","category-ex_works_heroes","category-heroes","category-stay_heroes","tag-heroina","pt-BR"],"jetpack_publicize_connections":[],"jetpack_featured_media_url":"https:\/\/guide.fire-emblem-heroes.com\/wp-content\/uploads\/meliae_warrior_wanderer.png","jetpack_sharing_enabled":false,"jetpack_shortlink":"https:\/\/wp.me\/pa0Mj3-fWs","jetpack_likes_enabled":false,"amp_enabled":false,"_links":{"self":[{"href":"https:\/\/guide.fire-emblem-heroes.com\/wp-json\/wp\/v2\/posts\/61284","targetHints":{"allow":["GET"]}}],"collection":[{"href":"https:\/\/guide.fire-emblem-heroes.com\/wp-json\/wp\/v2\/posts"}],"about":[{"href":"https:\/\/guide.fire-emblem-heroes.com\/wp-json\/wp\/v2\/types\/post"}],"author":[{"embeddable":true,"href":"https:\/\/guide.fire-emblem-heroes.com\/wp-json\/wp\/v2\/users\/1"}],"replies":[{"embeddable":true,"href":"https:\/\/guide.fire-emblem-heroes.com\/wp-json\/wp\/v2\/comments?post=61284"}],"version-history":[{"count":1,"href":"https:\/\/guide.fire-emblem-heroes.com\/wp-json\/wp\/v2\/posts\/61284\/revisions"}],"predecessor-version":[{"id":61288,"href":"https:\/\/guide.fire-emblem-heroes.com\/wp-json\/wp\/v2\/posts\/61284\/revisions\/61288"}],"wp:featuredmedia":[{"embeddable":true,"href":"https:\/\/guide.fire-emblem-heroes.com\/wp-json\/wp\/v2\/media\/61390"}],"wp:attachment":[{"href":"https:\/\/guide.fire-emblem-heroes.com\/wp-json\/wp\/v2\/media?parent=61284"}],"wp:term":[{"taxonomy":"category","embeddable":true,"href":"https:\/\/guide.fire-emblem-heroes.com\/wp-json\/wp\/v2\/categories?post=61284"},{"taxonomy":"post_tag","embeddable":true,"href":"https:\/\/guide.fire-emblem-heroes.com\/wp-json\/wp\/v2\/tags?post=61284"}],"curies":[{"name":"wp","href":"https:\/\/api.w.org\/{rel}","templated":true}]}}